{"id":65326,"date":"2025-04-30T21:22:15","date_gmt":"2025-04-30T21:22:15","guid":{"rendered":"https:\/\/www.europesays.com\/fr\/65326\/"},"modified":"2025-04-30T21:22:15","modified_gmt":"2025-04-30T21:22:15","slug":"les-migrants-aident-ils-lunion-europeenne-a-ralentir-son-declin-demographique","status":"publish","type":"post","link":"https:\/\/www.europesays.com\/fr\/65326\/","title":{"rendered":"Les migrants aident-ils l&rsquo;Union europ\u00e9enne \u00e0 ralentir son d\u00e9clin d\u00e9mographique ?"},"content":{"rendered":"<p>La natalit\u00e9 n&rsquo;a jamais \u00e9t\u00e9 aussi faible dans l&rsquo;Union europ\u00e9enne.<\/p>\n<p>En 2023, <strong>le nombre de nouveaux-n\u00e9s est tomb\u00e9 \u00e0 <a href=\"https:\/\/fr.euronews.com\/my-europe\/2024\/12\/05\/le-nombre-de-naissances-dans-lue-en-2023-au-plus-bas-depuis-10-ans\" rel=\"nofollow noopener\" target=\"_blank\" data-ylk=\"slk:3,67 millions dans l&#039;UE;elm:context_link;itc:0;sec:content-canvas\" class=\"link \">3,67 millions dans l&rsquo;UE<\/a>, soit une baisse record de 5,4 % par rapport \u00e0 2022<\/strong>. Les naissances ont diminu\u00e9 de moiti\u00e9 en Europe en six d\u00e9cennies.<\/p>\n<p>Les enfants de migrants ralentissent toutefois le d\u00e9clin d\u00e9mographique du continent en allant \u00e0 l&rsquo;encontre de la tendance g\u00e9n\u00e9rale.<\/p>\n<p>Le taux de b\u00e9b\u00e9s n\u00e9s d&rsquo;une m\u00e8re \u00e9trang\u00e8re entre 2014 et 2023 a en effet augment\u00e9 dans la plupart des \u00c9tats membres de l&rsquo;UE, de 5,3 % en moyenne.<\/p>\n<p>La Pologne enregistre la plus forte croissance du nombre de nouveau-n\u00e9s issus de l&rsquo;immigration<\/p>\n<p>Sur la p\u00e9riode 2014-2023, <strong>le nombre de nouveau-n\u00e9s de m\u00e8res migrantes a augment\u00e9 de 645 % en Pologne, avec une forte hausse \u00e0 la suite de l&rsquo;invasion de l&rsquo;Ukraine<\/strong>. La Pologne est le deuxi\u00e8me pays d&rsquo;Europe en termes de population de <a href=\"https:\/\/fr.news.yahoo.com\/moins-moins-moyens-r%C3%A9fugi%C3%A9s-ukrainiens-095759752.html\" data-ylk=\"slk:r\u00e9fugi\u00e9s ukrainiens;elm:context_link;itc:0;sec:content-canvas;outcm:mb_qualified_link;_E:mb_qualified_link;ct:story;\" class=\"link  yahoo-link\" target=\"_blank\" rel=\"noopener\"><strong>r\u00e9fugi\u00e9s ukrainiens<\/strong><\/a>.<\/p>\n<p>Les taux ont \u00e9galement fortement augment\u00e9 \u00e0 Malte (+159 %), en Estonie (+92 %) et au Portugal (+91 %).<\/p>\n<p>Les seuls pays de l&rsquo;UE o\u00f9 les taux d&rsquo;enfants migrants ont baiss\u00e9 sont la Croatie (-41,3 %), la Gr\u00e8ce (-33,7 %), l&rsquo;Italie (-27,5 %), la Lettonie (19,1 %) et la France (-0,5 %).<\/p>\n<p>Les nouveau-n\u00e9s migrants sont plus nombreux que les locaux au Luxembourg<\/p>\n<p>Pr\u00e8s d&rsquo;un quart des nouveau-n\u00e9s (23 %) dans l&rsquo;UE en 2023 avaient une m\u00e8re \u00e9trang\u00e8re.<\/p>\n<p>En revanche, au Luxembourg, <strong>ils \u00e9taient nettement plus nombreux que les enfants n\u00e9s de deux parents luxembourgeois (67 % contre 33 %)<\/strong>.<\/p>\n<p>Des pourcentages d&rsquo;au moins 30 % ont \u00e9galement \u00e9t\u00e9 enregistr\u00e9s en Allemagne, en Espagne, en Autriche, en Su\u00e8de et en Belgique, entre autres, tandis qu&rsquo;<strong>en France, les nouveau-n\u00e9s de m\u00e8res \u00e9trang\u00e8res repr\u00e9sentaient 25 % des naissances en 2023<\/strong>.<\/p>\n<p>De l&rsquo;autre c\u00f4t\u00e9 du classement, les taux les plus bas &#8211; tous inf\u00e9rieurs \u00e0 5 % &#8211; ont \u00e9t\u00e9 enregistr\u00e9s en Bulgarie, Lituanie, Lettonie, Hongrie, Roumanie et Slovaquie.<\/p>\n<p>Quels sont les pays de l&rsquo;UE qui affichent les taux de natalit\u00e9 les plus \u00e9lev\u00e9s et les plus bas ?<\/p>\n<p>Si l&rsquo;on consid\u00e8re l&rsquo;ensemble des nouvelles naissances &#8211; migrantes et locales &#8211; <strong>le taux de natalit\u00e9 dans l&rsquo;UE est tomb\u00e9 \u00e0 1,48 naissance vivante par m\u00e8re en 2023<\/strong>.<\/p>\n<p>Les chiffres les plus \u00e9lev\u00e9s de l&rsquo;UE ont \u00e9t\u00e9 enregistr\u00e9s en Bulgarie (1,81 naissance vivante par femme), en France (1,66) et en Hongrie (1,55).<\/p>\n<p>Les taux de f\u00e9condit\u00e9 les plus bas ont en revanche \u00e9t\u00e9 observ\u00e9s \u00e0 Malte (1,06 naissance par femme), en Espagne (1,12) et en Lituanie (1,18).<\/p>\n","protected":false},"excerpt":{"rendered":"La natalit\u00e9 n&rsquo;a jamais \u00e9t\u00e9 aussi faible dans l&rsquo;Union europ\u00e9enne. En 2023, le nombre de nouveaux-n\u00e9s est tomb\u00e9&hellip;\n","protected":false},"author":2,"featured_media":65327,"comment_status":"","ping_status":"","sticky":false,"template":"","format":"standard","meta":{"footnotes":""},"categories":[1586],"tags":[11,16499,1777,674,1779,1011,27,7738,16500,14370,12,25,11287,1778,364],"class_list":{"0":"post-65326","1":"post","2":"type-post","3":"status-publish","4":"format-standard","5":"has-post-thumbnail","7":"category-europe","8":"tag-actualites","9":"tag-etats-membres-de-lue","10":"tag-eu","11":"tag-europe","12":"tag-european-union","13":"tag-fr","14":"tag-france","15":"tag-lunion-europeenne","16":"tag-la-pologne","17":"tag-les-enfants","18":"tag-news","19":"tag-republique-francaise","20":"tag-taux-de-natalite","21":"tag-ue","22":"tag-union-europeenne"},"share_on_mastodon":{"url":"https:\/\/pubeurope.com\/@fr\/114429017704953426","error":""},"_links":{"self":[{"href":"https:\/\/www.europesays.com\/fr\/wp-json\/wp\/v2\/posts\/65326","targetHints":{"allow":["GET"]}}],"collection":[{"href":"https:\/\/www.europesays.com\/fr\/wp-json\/wp\/v2\/posts"}],"about":[{"href":"https:\/\/www.europesays.com\/fr\/wp-json\/wp\/v2\/types\/post"}],"author":[{"embeddable":true,"href":"https:\/\/www.europesays.com\/fr\/wp-json\/wp\/v2\/users\/2"}],"replies":[{"embeddable":true,"href":"https:\/\/www.europesays.com\/fr\/wp-json\/wp\/v2\/comments?post=65326"}],"version-history":[{"count":0,"href":"https:\/\/www.europesays.com\/fr\/wp-json\/wp\/v2\/posts\/65326\/revisions"}],"wp:featuredmedia":[{"embeddable":true,"href":"https:\/\/www.europesays.com\/fr\/wp-json\/wp\/v2\/media\/65327"}],"wp:attachment":[{"href":"https:\/\/www.europesays.com\/fr\/wp-json\/wp\/v2\/media?parent=65326"}],"wp:term":[{"taxonomy":"category","embeddable":true,"href":"https:\/\/www.europesays.com\/fr\/wp-json\/wp\/v2\/categories?post=65326"},{"taxonomy":"post_tag","embeddable":true,"href":"https:\/\/www.europesays.com\/fr\/wp-json\/wp\/v2\/tags?post=65326"}],"curies":[{"name":"wp","href":"https:\/\/api.w.org\/{rel}","templated":true}]}}