{"id":653310,"date":"2026-01-10T05:47:12","date_gmt":"2026-01-10T05:47:12","guid":{"rendered":"https:\/\/www.europesays.com\/fr\/653310\/"},"modified":"2026-01-10T05:47:12","modified_gmt":"2026-01-10T05:47:12","slug":"metro-rer-train-les-perturbations-du-week-end-des-10-et-11-janvier","status":"publish","type":"post","link":"https:\/\/www.europesays.com\/fr\/653310\/","title":{"rendered":"M\u00e9tro, RER, train\u00a0: les perturbations du week-end des 10 et 11\u00a0janvier"},"content":{"rendered":"<p class=\"paragraph text_align_left lp-f-body-02\"><b>RER C. <\/b>Pas de changement \u00e0 attendre pour les usagers des branches sud de la ligne C. Cette ann\u00e9e, comme l\u2019ann\u00e9e derni\u00e8re, les liaisons ferroviaires entre Paris-Austerlitz et les terminus de Dourdan et Saint-Martin-d\u2019Etampes sont interrompues le dimanche, d\u00e8s le milieu de soir\u00e9e, pour travaux de maintenance. Les derniers RER en direction de Paris partiront \u00e0 21 heures de Dourdan et 21h41 d\u2019Etampes. Dans le sens inverse, le dernier train partira d\u2019Austerlitz \u00e0 22h15 pour Dourdan et \u00e0 22 h45 pour Etampes. Un service de bus de substitution est mis en place sur les deux axes au-del\u00e0 de ces horaires.<\/p>\n<p class=\"\"><b>RER D. <\/b>Pas de train en nocturne vers l\u2019Oise durant la nuit de samedi \u00e0 dimanche. En raison de travaux sur le r\u00e9seau, le trafic sera interrompu entre la Gare du Nord et Creil, du samedi \u00e0 22h50 au dimanche \u00e0 8h50. Un service de bus de remplacement desservant les gares interm\u00e9diaires est mis en place. A l\u2019autre extr\u00e9mit\u00e9 de la ligne, c\u00f4t\u00e9 sud, les travaux de modernisation imposent un all\u00e9gement du service entre Melun et Combs-la-Ville. Pr\u00e9voir un train sur deux entre ces deux gares durant tout le week-end.<\/p>\n<p class=\"\">Cons\u00e9quence de la temp\u00eate, jusqu\u2019\u00e0 mardi soir, aucun train ne circulera entre les gares de <a href=\"https:\/\/www.leparisien.fr\/essonne-91\/corbeil-essonnes-91100\/\" rel=\"noopener\" target=\"_blank\">Corbeil-Essonnes<\/a> et <a href=\"https:\/\/www.leparisien.fr\/seine-et-marne-77\/melun-77000\/\" rel=\"noopener\" target=\"_blank\">Melun<\/a>. En cause, la chute d\u2019un d\u2019arbre qui a \u00ab fortement endommag\u00e9 tout l\u2019\u00e9quipement cat\u00e9naire \u00bb, fait savoir SNCF R\u00e9seau.<\/p>\n<p class=\"\"><b>RER E.<\/b> Les multiples chantiers sur le faisceau ferroviaire nord imposent \u00e0 nouveau la fermeture anticip\u00e9e des branches de la ligne E, samedi et dimanche soir. Le trafic ferroviaire sur l\u2019axe Nanterre-la-Folie\/Villiers-sur-Marne, Tournan est interrompu \u00e0 partir de 22h30. L\u2019axe Nanterre\/Chelles-Gournay ferme aux voyageurs un quart d\u2019heure plus tard, \u00e0 22h45. Des services de bus de remplacement sont mis en place depuis Tournan et Villiers en direction des gares du RER A et depuis Chelles-Gournay jusqu\u2019\u00e0 la gare de Paris-Est. Attention, dans le sens inverse, les bus pour Chelles partent de la station Bobigny Pablo-Picasso, terminus de la ligne 5.<\/p>\n<p class=\"\"><b>Ligne H.<\/b> Pas de train \u00e0 attendre sur les axes Gare du Nord\/Ermont-Eaubonne et Gare du Nord\/Sarcelles-Saint-Brice durant la nuit de samedi \u00e0 dimanche, de 22h50 \u00e0 8h50 le lendemain. Des services de bus de remplacement sont mis en place, au d\u00e9part de la gare La Plaine\/Stade de France sur la ligne B (qui fonctionne normalement ce week-end).<\/p>\n<p class=\"\"><b>Ligne P. <\/b>Am\u00e9nagements du futur Charles-de-Gaulle express, du Grand Paris Express, maintenance des voies, renouvellement du ballast, travaux d\u2019accessibilit\u00e9 en gare de Ch\u00e2teau-Thierry\u2026 Les travaux sur le r\u00e9seau emprunt\u00e9 par la ligne P sont nombreux et n\u00e9cessitent \u00e0 nouveau des arr\u00eats du service ferroviaire d\u00e8s le milieu de soir\u00e9e, ce week-end. Les trains entre Paris-Est et Coulommiers s\u2019arr\u00eatent \u00e0 22h30. L\u2019axe Paris-Meaux ferme \u00e0 22h50, l\u2019axe Paris-Ch\u00e2teau Thierry \u00e0 23 heures. Plusieurs services de bus de remplacement sont programm\u00e9s au-del\u00e0 de ces horaires.<\/p>\n<p class=\"\"><b>M\u00e9tro ligne 12.<\/b> La ligne Mairie d\u2019Aubervilliers\/Mairie d\u2019Issy, l\u2019une des 8 qui vont \u00eatre \u00e9quip\u00e9es d\u2019un nouveau mat\u00e9riel roulant, se pr\u00e9pare \u00e0 l\u2019arriv\u00e9e des futures rames. En raison des travaux d\u2019adaptation des infrastructures \u00e0 mener, la ligne sera int\u00e9gralement ferm\u00e9e aux voyageurs, ce dimanche \u00e0 partir de 22 heures. Aucun service de bus de remplacement n\u2019est programm\u00e9.<\/p>\n","protected":false},"excerpt":{"rendered":"RER C. Pas de changement \u00e0 attendre pour les usagers des branches sud de la ligne C. Cette&hellip;\n","protected":false},"author":2,"featured_media":453283,"comment_status":"","ping_status":"","sticky":false,"template":"","format":"standard","meta":{"footnotes":""},"categories":[1888],"tags":[11,1777,674,1011,27,1944,12,626,25,2382],"class_list":{"0":"post-653310","1":"post","2":"type-post","3":"status-publish","4":"format-standard","5":"has-post-thumbnail","7":"category-paris","8":"tag-actualites","9":"tag-eu","10":"tag-europe","11":"tag-fr","12":"tag-france","13":"tag-ma-ville","14":"tag-news","15":"tag-paris","16":"tag-republique-francaise","17":"tag-transport-idf-oise"},"share_on_mastodon":{"url":"https:\/\/pubeurope.com\/@fr\/115869230290364283","error":""},"_links":{"self":[{"href":"https:\/\/www.europesays.com\/fr\/wp-json\/wp\/v2\/posts\/653310","targetHints":{"allow":["GET"]}}],"collection":[{"href":"https:\/\/www.europesays.com\/fr\/wp-json\/wp\/v2\/posts"}],"about":[{"href":"https:\/\/www.europesays.com\/fr\/wp-json\/wp\/v2\/types\/post"}],"author":[{"embeddable":true,"href":"https:\/\/www.europesays.com\/fr\/wp-json\/wp\/v2\/users\/2"}],"replies":[{"embeddable":true,"href":"https:\/\/www.europesays.com\/fr\/wp-json\/wp\/v2\/comments?post=653310"}],"version-history":[{"count":0,"href":"https:\/\/www.europesays.com\/fr\/wp-json\/wp\/v2\/posts\/653310\/revisions"}],"wp:featuredmedia":[{"embeddable":true,"href":"https:\/\/www.europesays.com\/fr\/wp-json\/wp\/v2\/media\/453283"}],"wp:attachment":[{"href":"https:\/\/www.europesays.com\/fr\/wp-json\/wp\/v2\/media?parent=653310"}],"wp:term":[{"taxonomy":"category","embeddable":true,"href":"https:\/\/www.europesays.com\/fr\/wp-json\/wp\/v2\/categories?post=653310"},{"taxonomy":"post_tag","embeddable":true,"href":"https:\/\/www.europesays.com\/fr\/wp-json\/wp\/v2\/tags?post=653310"}],"curies":[{"name":"wp","href":"https:\/\/api.w.org\/{rel}","templated":true}]}}