{"id":653319,"date":"2026-01-10T05:52:15","date_gmt":"2026-01-10T05:52:15","guid":{"rendered":"https:\/\/www.europesays.com\/fr\/653319\/"},"modified":"2026-01-10T05:52:15","modified_gmt":"2026-01-10T05:52:15","slug":"cest-une-decision-douloureuse-mais-cest-la-bonne-decision-rapha-va-fermer-cinq-clubhouses-aux-etats-unis-et-au-royaume-uni","status":"publish","type":"post","link":"https:\/\/www.europesays.com\/fr\/653319\/","title":{"rendered":"\u00ab C&rsquo;est une d\u00e9cision douloureuse mais c&rsquo;est la bonne d\u00e9cision \u00bb \u2013 Rapha va fermer cinq Clubhouses aux \u00c9tats-Unis et au Royaume-Uni"},"content":{"rendered":"<p id=\"5cedee02-5fa9-4a47-ad16-146278f0377d\">Rapha va fermer cinq de ses Clubhouses en raison de changements \u00ab\u00a0n\u00e9cessaires\u00a0\u00bb au sein de la marque britannique de v\u00eatements de cyclisme, a-t-on r\u00e9v\u00e9l\u00e9 vendredi apr\u00e8s-midi.<\/p>\n<p>Boulder, Chicago, Miami et Seattle aux \u00c9tats-Unis ainsi que Manchester au Royaume-Uni sont les sites qui fermeront. Il existe 20 autres Clubhouses, en fait des magasins avec des caf\u00e9s qui proposent des \u00e9v\u00e9nements et des man\u00e8ges sociaux, \u00e0 travers le monde.<\/p>\n<p id=\"5cedee02-5fa9-4a47-ad16-146278f0377d-2\" class=\"paywall\" aria-hidden=\"true\">Fran Millar, PDG de Rapha, a qualifi\u00e9 cela de \u00ab d\u00e9cision douloureuse \u00bb mais de \u00ab bonne d\u00e9cision \u00bb dans un communiqu\u00e9. Manchester devrait fermer dimanche prochain, le 18 janvier.<\/p>\n<p>Vous aimerez peut-\u00eatre<\/p>\n<p class=\"paywall\" aria-hidden=\"true\">\u00ab Les Clubhouses Rapha sont des points d&rsquo;ancrage culturels pour la communaut\u00e9 Rapha dans le monde entier, g\u00e9r\u00e9s par des \u00e9quipes brillantes et travailleuses qui sont les plus grands d\u00e9fenseurs de notre marque \u00bb, a-t-elle d\u00e9clar\u00e9. \u00ab\u00a0Ce sont des lieux d&rsquo;appartenance, d&rsquo;inspiration et de d\u00e9couverte de nos produits.<\/p>\n<p class=\"paywall\" aria-hidden=\"true\">\u00ab\u00a0Cette annonce est donc vraiment difficile. Les Clubhouses suivants fermeront avant avril 2026\u00a0: Boulder, Chicago, Manchester, Miami et Seattle.<\/p>\n<p>\u00ab\u00a0Cette marque s&rsquo;est construite sur des exp\u00e9riences client significatives et sur une narration en ligne et hors ligne. \u00c0 notre meilleur, personne ne fait mieux \u2013 et \u00eatre \u00e0 notre meilleur est ma priorit\u00e9 cl\u00e9. La fermeture de ces Clubhouses signifie que nous pouvons nous concentrer sur des exp\u00e9riences client plus riches dans des lieux phares, des man\u00e8ges et \u00e9v\u00e9nements r\u00e9gionaux et en ligne dans le monde entier.<\/p>\n<p>\u00ab\u00a0J&rsquo;ai \u00e9t\u00e9 honn\u00eate sur le fait que nous devons apporter des changements chez Rapha pour nous concentrer davantage. \u00ab\u00a0Plus simple, mieux\u00a0\u00bb est le principe directeur derri\u00e8re cette d\u00e9cision. C&rsquo;est une d\u00e9cision douloureuse mais c&rsquo;est la bonne d\u00e9cision \u00e0 long terme pour la marque et nos clients.<\/p>\n<p class=\"newsletter-form__strapline\">Les derniers contenus de course, interviews, fonctionnalit\u00e9s, critiques et guides d&rsquo;achat d&rsquo;experts, directement dans votre bo\u00eete de r\u00e9ception\u00a0!<\/p>\n<p class=\"paywall\" aria-hidden=\"true\">\u00ab\u00a0Un plan est en place pour soutenir les \u00e9quipes locales, les clients et les communaut\u00e9s et nous partagerons davantage d&rsquo;informations directement avec les membres du RCC.\u00a0\u00bb<\/p>\n<p class=\"paywall\" aria-hidden=\"true\">Il est entendu que Rapha s&rsquo;efforcera de continuer \u00e0 fournir \u00e0 la communaut\u00e9 cycliste des moyens de se connecter et d&rsquo;acheter des produits dans les endroits concern\u00e9s, et qu&rsquo;elle maintiendra un r\u00e9seau de Ride Leaders pour proposer un programme de courses pour le reste de l&rsquo;ann\u00e9e. Les lieux locaux pourraient devenir des caf\u00e9s partenaires du RCC et la marque cherchera \u00e0 \u00e9largir ses relations avec ses partenaires d\u00e9taillants.<\/p>\n<p class=\"paywall\" aria-hidden=\"true\">En 2024, Rapha a enregistr\u00e9 des pertes financi\u00e8res pour la huiti\u00e8me ann\u00e9e cons\u00e9cutive, mais Millar a soulign\u00e9 qu\u2019il n\u2019y avait aucune raison de tirer la sonnette d\u2019alarme.<\/p>\n<p>Les r\u00e9sultats financiers ont montr\u00e9 une perte d&rsquo;exploitation de 17,2 millions de livres sterling. Il s&rsquo;agit d&rsquo;une l\u00e9g\u00e8re am\u00e9lioration par rapport \u00e0 l&rsquo;ann\u00e9e pr\u00e9c\u00e9dente, o\u00f9 la perte d&rsquo;exploitation s&rsquo;\u00e9levait \u00e0 21,2 millions de livres sterling.<\/p>\n<p>\u00c9galement \u00e0 la fin de l&rsquo;ann\u00e9e derni\u00e8re, Rapha s&rsquo;est s\u00e9par\u00e9 des \u00e9quipes masculines et f\u00e9minines d&rsquo;EF Pro Cycling apr\u00e8s sept ans.<\/p>\n","protected":false},"excerpt":{"rendered":"Rapha va fermer cinq de ses Clubhouses en raison de changements \u00ab\u00a0n\u00e9cessaires\u00a0\u00bb au sein de la marque britannique&hellip;\n","protected":false},"author":2,"featured_media":653320,"comment_status":"","ping_status":"","sticky":false,"template":"","format":"standard","meta":{"footnotes":""},"categories":[1588],"tags":[11,1777,674,12,473,1853,1851,1850,1852],"class_list":{"0":"post-653319","1":"post","2":"type-post","3":"status-publish","4":"format-standard","5":"has-post-thumbnail","7":"category-royaume-uni","8":"tag-actualites","9":"tag-eu","10":"tag-europe","11":"tag-news","12":"tag-royaume-uni","13":"tag-royaume-uni-de-grande-bretagne-et-dirlande-du-nord","14":"tag-uk","15":"tag-united-kingdom","16":"tag-united-kingdom-of-great-britain-and-northern-ireland"},"share_on_mastodon":{"url":"https:\/\/pubeurope.com\/@fr\/115869249973437388","error":""},"_links":{"self":[{"href":"https:\/\/www.europesays.com\/fr\/wp-json\/wp\/v2\/posts\/653319","targetHints":{"allow":["GET"]}}],"collection":[{"href":"https:\/\/www.europesays.com\/fr\/wp-json\/wp\/v2\/posts"}],"about":[{"href":"https:\/\/www.europesays.com\/fr\/wp-json\/wp\/v2\/types\/post"}],"author":[{"embeddable":true,"href":"https:\/\/www.europesays.com\/fr\/wp-json\/wp\/v2\/users\/2"}],"replies":[{"embeddable":true,"href":"https:\/\/www.europesays.com\/fr\/wp-json\/wp\/v2\/comments?post=653319"}],"version-history":[{"count":0,"href":"https:\/\/www.europesays.com\/fr\/wp-json\/wp\/v2\/posts\/653319\/revisions"}],"wp:featuredmedia":[{"embeddable":true,"href":"https:\/\/www.europesays.com\/fr\/wp-json\/wp\/v2\/media\/653320"}],"wp:attachment":[{"href":"https:\/\/www.europesays.com\/fr\/wp-json\/wp\/v2\/media?parent=653319"}],"wp:term":[{"taxonomy":"category","embeddable":true,"href":"https:\/\/www.europesays.com\/fr\/wp-json\/wp\/v2\/categories?post=653319"},{"taxonomy":"post_tag","embeddable":true,"href":"https:\/\/www.europesays.com\/fr\/wp-json\/wp\/v2\/tags?post=653319"}],"curies":[{"name":"wp","href":"https:\/\/api.w.org\/{rel}","templated":true}]}}