{"id":653321,"date":"2026-01-10T05:53:33","date_gmt":"2026-01-10T05:53:33","guid":{"rendered":"https:\/\/www.europesays.com\/fr\/653321\/"},"modified":"2026-01-10T05:53:33","modified_gmt":"2026-01-10T05:53:33","slug":"judee-samarie-lallemagne-appelle-israel-a-suspendre-toute-construction-dans-la-zone-e1","status":"publish","type":"post","link":"https:\/\/www.europesays.com\/fr\/653321\/","title":{"rendered":"Jud\u00e9e-Samarie : L\u2019Allemagne Appelle Isra\u00ebl \u00c0 Suspendre Toute Construction Dans La Zone E1"},"content":{"rendered":"<p class=\"\" data-is=\"component-paragraph\">L\u2019Allemagne a appel\u00e9 vendredi Isra\u00ebl \u00e0 suspendre toute construction dans la zone E1, en Jud\u00e9e-Samarie, qualifiant ce projet d\u2019implantations de \u00ab controvers\u00e9 \u00bb et avertissant qu\u2019il risque d\u2019aggraver l\u2019instabilit\u00e9 dans la r\u00e9gion.<\/p>\n<p class=\"\" data-is=\"component-paragraph\">S\u2019exprimant lors d\u2019un point presse \u00e0 Berlin, un porte-parole du minist\u00e8re allemand des Affaires \u00e9trang\u00e8res a estim\u00e9 que \u00ab les plans du projet E1 s\u2019inscrivent clairement dans une intensification globale de la politique d\u2019implantations en Jud\u00e9e-Samarie, \u00e0 laquelle nous assistons r\u00e9cemment \u00bb. Selon lui, une telle \u00e9volution comporte \u00ab un risque r\u00e9el de d\u00e9stabilisation accrue \u00bb, tant sur le plan local que r\u00e9gional.<\/p>\n<p class=\"\" data-is=\"component-paragraph\">Le projet E1 pr\u00e9voit la construction de plusieurs milliers de logements dans une zone situ\u00e9e entre J\u00e9rusalem et Ma\u2019ale Adumim. S\u2019il \u00e9tait men\u00e9 \u00e0 terme, il permettrait une extension significative de Ma\u2019ale Adumim et entra\u00eenerait, selon ses d\u00e9tracteurs, une discontinuit\u00e9 territoriale entre le nord et le sud de la Jud\u00e9e-Samarie.<\/p>\n<p><img alt=\"Video poster\" class=\"video-poster\" data-is=\"lazy-image\" data-observed-item-id=\"https:\/\/api.i24news.tv\/fr\/brightcove\/6386295777112\/poster\"\/>Coup de filet en Jud\u00e9e-Samarie : Tsahal a arr\u00eat\u00e9 une centaine de terroristes la nuit derni\u00e8re<\/p>\n<p class=\"\" data-is=\"component-paragraph\">Berlin met en garde <a data-is=\"component-link\" href=\"https:\/\/www.i24news.tv\/fr\/actu\/israel\/artc-judee-samarie-une-cellule-terroriste-planifiant-un-attentat-arretee\" title=\"https:\/\/www.i24news.tv\/fr\/actu\/israel\/artc-judee-samarie-une-cellule-terroriste-planifiant-un-attentat-arretee\" target=\"\" class=\"link\" rel=\"noopener\">contre les cons\u00e9quences politiques et humanitaires du projet<\/a>. Le porte-parole a soulign\u00e9 que la construction dans la zone E1 \u00ab restreindrait davantage la libert\u00e9 de circulation de la population palestinienne \u00bb et \u00ab compromettrait gravement les perspectives d\u2019une solution \u00e0 deux \u00c9tats \u00bb, consid\u00e9r\u00e9e par l\u2019Allemagne comme le seul cadre viable pour <a data-is=\"component-link\" href=\"https:\/\/www.i24news.tv\/fr\/actu\/international\/artc-l-onu-accuse-israel-de-mettre-en-place-un-systeme-d-apartheid-en-judee-samarie\" title=\"https:\/\/www.i24news.tv\/fr\/actu\/international\/artc-l-onu-accuse-israel-de-mettre-en-place-un-systeme-d-apartheid-en-judee-samarie\" target=\"\" class=\"link\" rel=\"noopener\">un r\u00e8glement durable du conflit isra\u00e9lo-palestinien<\/a>.<\/p>\n<p class=\"\" data-is=\"component-paragraph\">Le projet est soutenu par le ministre isra\u00e9lien des Finances Betsalel Smotrich, partisan assum\u00e9 d\u2019un renforcement des implantations en Jud\u00e9e-Samarie. Celui-ci a d\u00e9clar\u00e9 \u00e0 plusieurs reprises que <a data-is=\"component-link\" href=\"https:\/\/www.i24news.tv\/fr\/actu\/israel\/artc-attentat-de-jerusalem-l-autorite-palestinienne-doit-disparaitre-de-la-carte-declare-betsalel-smotrich\" title=\"https:\/\/www.i24news.tv\/fr\/actu\/israel\/artc-attentat-de-jerusalem-l-autorite-palestinienne-doit-disparaitre-de-la-carte-declare-betsalel-smotrich\" target=\"\" class=\"link\" rel=\"noopener\">l\u2019expansion des implantations<\/a> visait notamment \u00e0 emp\u00eacher la cr\u00e9ation d\u2019un \u00c9tat palestinien.<\/p>\n<p class=\"\" data-is=\"component-paragraph\">L\u2019appel de l\u2019Allemagne s\u2019inscrit dans une s\u00e9rie de mises en garde \u00e9manant de partenaires europ\u00e9ens d\u2019Isra\u00ebl, alors que la question des implantations demeure l\u2019un des points les plus sensibles et les plus clivants du dossier isra\u00e9lo-palestinien.<\/p>\n","protected":false},"excerpt":{"rendered":"L\u2019Allemagne a appel\u00e9 vendredi Isra\u00ebl \u00e0 suspendre toute construction dans la zone E1, en Jud\u00e9e-Samarie, qualifiant ce projet&hellip;\n","protected":false},"author":2,"featured_media":653322,"comment_status":"","ping_status":"","sticky":false,"template":"","format":"standard","meta":{"footnotes":""},"categories":[1587],"tags":[11,672,1804,1805,1803,1777,674,1801,12,1802],"class_list":{"0":"post-653321","1":"post","2":"type-post","3":"status-publish","4":"format-standard","5":"has-post-thumbnail","7":"category-allemagne","8":"tag-actualites","9":"tag-allemagne","10":"tag-bundesrepublik-deutschland","11":"tag-de","12":"tag-deutschland","13":"tag-eu","14":"tag-europe","15":"tag-germany","16":"tag-news","17":"tag-republique-federale-dallemagne"},"share_on_mastodon":{"url":"https:\/\/pubeurope.com\/@fr\/115869254047458127","error":""},"_links":{"self":[{"href":"https:\/\/www.europesays.com\/fr\/wp-json\/wp\/v2\/posts\/653321","targetHints":{"allow":["GET"]}}],"collection":[{"href":"https:\/\/www.europesays.com\/fr\/wp-json\/wp\/v2\/posts"}],"about":[{"href":"https:\/\/www.europesays.com\/fr\/wp-json\/wp\/v2\/types\/post"}],"author":[{"embeddable":true,"href":"https:\/\/www.europesays.com\/fr\/wp-json\/wp\/v2\/users\/2"}],"replies":[{"embeddable":true,"href":"https:\/\/www.europesays.com\/fr\/wp-json\/wp\/v2\/comments?post=653321"}],"version-history":[{"count":0,"href":"https:\/\/www.europesays.com\/fr\/wp-json\/wp\/v2\/posts\/653321\/revisions"}],"wp:featuredmedia":[{"embeddable":true,"href":"https:\/\/www.europesays.com\/fr\/wp-json\/wp\/v2\/media\/653322"}],"wp:attachment":[{"href":"https:\/\/www.europesays.com\/fr\/wp-json\/wp\/v2\/media?parent=653321"}],"wp:term":[{"taxonomy":"category","embeddable":true,"href":"https:\/\/www.europesays.com\/fr\/wp-json\/wp\/v2\/categories?post=653321"},{"taxonomy":"post_tag","embeddable":true,"href":"https:\/\/www.europesays.com\/fr\/wp-json\/wp\/v2\/tags?post=653321"}],"curies":[{"name":"wp","href":"https:\/\/api.w.org\/{rel}","templated":true}]}}