{"id":653323,"date":"2026-01-10T05:54:16","date_gmt":"2026-01-10T05:54:16","guid":{"rendered":"https:\/\/www.europesays.com\/fr\/653323\/"},"modified":"2026-01-10T05:54:16","modified_gmt":"2026-01-10T05:54:16","slug":"ce-traite-nest-pas-bon-pour-leurope-soutient-le-ministre-de-leconomie-roland-lescure","status":"publish","type":"post","link":"https:\/\/www.europesays.com\/fr\/653323\/","title":{"rendered":"\u00ab\u00a0Ce trait\u00e9 n&rsquo;est pas bon pour l&rsquo;Europe\u00a0\u00bb, soutient le ministre de l&rsquo;\u00c9conomie Roland Lescure"},"content":{"rendered":"<p>Mercosur: \u00ab\u00a0Ce trait\u00e9 n&rsquo;est pas bon pour l&rsquo;Europe\u00a0\u00bb, soutient le ministre de l&rsquo;\u00c9conomie Roland LescureSur le m\u00eame sujet<a href=\"https:\/\/www.bfmtv.com\/replay-emissions\/bfm-grand-soir\/video-tump-peut-il-s-emparer-du-groenland-par-la-force-09-01_VN-202601090981.html\" title=\"Tump peut-il s&#039;emparer du Groenland par la force ? - 09\/01\" target=\"_blank\" rel=\"noopener\"><img width=\"16\" height=\"9\" class=\"lozad\"  alt=\"Tump peut-il s'emparer du Groenland par la force ? - 09\/01\"\/>11:18Tump peut-il s&#8217;emparer du Groenland par la force ? &#8211; 09\/01<\/a><a href=\"https:\/\/www.bfmtv.com\/replay-emissions\/bfm-grand-soir\/video-lecornu-des-municipales-et-des-legislatives-mi-mars-09-01_VN-202601090962.html\" title=\"Lecornu : des municipales... et des l\u00e9gislatives mi-mars ? - 09\/01\" target=\"_blank\" rel=\"noopener\"><img width=\"16\" height=\"9\" class=\"lozad\"  alt=\"Lecornu : des municipales... et des l\u00e9gislatives mi-mars ? - 09\/01\"\/>15:44Lecornu : des municipales&#8230; et des l\u00e9gislatives mi-mars ? &#8211; 09\/01<\/a><a href=\"https:\/\/www.bfmtv.com\/politique\/gouvernement\/video-sebastien-lecornu-a-demande-au-ministre-de-l-interieur-de-preparer-d-eventuelles-elections-legislatives-en-meme-temps-que-les-municipales-en-cas-de-censure_VN-202601090951.html\" title=\"S\u00e9bastien Lecornu a demand\u00e9 au ministre de l&#039;Int\u00e9rieur de pr\u00e9parer d&#039;\u00e9ventuelles \u00e9lections l\u00e9gislatives en m\u00eame temps que les municipales en cas de censure\" target=\"_blank\" rel=\"noopener\"><img width=\"16\" height=\"9\" class=\"lozad\"  alt=\"S\u00e9bastien Lecornu a demand\u00e9 au ministre de l'Int\u00e9rieur de pr\u00e9parer d'\u00e9ventuelles \u00e9lections l\u00e9gislatives en m\u00eame temps que les municipales en cas de censure\"\/>2:34S\u00e9bastien Lecornu a demand\u00e9 au ministre de l&rsquo;Int\u00e9rieur de pr\u00e9parer d&rsquo;\u00e9ventuelles \u00e9lections l\u00e9gislatives en m\u00eame temps que les municipales en cas de censure<\/a><a href=\"https:\/\/www.bfmtv.com\/politique\/video-budget-pour-la-france-l-interview-en-integralite-de-roland-lescure-ministre-de-l-economie_VN-202601090922.html\" title=\"Budget pour la France: l&#039;interview en int\u00e9gralit\u00e9 de Roland Lescure, ministre de l&#039;\u00c9conomie\" target=\"_blank\" rel=\"noopener\"><img width=\"16\" height=\"9\" class=\"lozad\"  alt=\"Budget pour la France: l'interview en int\u00e9gralit\u00e9 de Roland Lescure, ministre de l'\u00c9conomie\"\/>14:21Budget pour la France: l&rsquo;interview en int\u00e9gralit\u00e9 de Roland Lescure, ministre de l&rsquo;\u00c9conomie<\/a><a href=\"https:\/\/www.bfmtv.com\/politique\/video-mercosur-ce-traite-n-est-pas-bon-pour-l-europe-soutient-le-ministre-de-l-economie-roland-lescure_VN-202601090920.html\" title=\"Mercosur: &quot;Ce trait\u00e9 n&#039;est pas bon pour l&#039;Europe&quot;, soutient le ministre de l&#039;\u00c9conomie Roland Lescure\" target=\"_blank\" rel=\"noopener\"><img width=\"16\" height=\"9\" class=\"lozad\"  alt=\"Mercosur: &quot;Ce trait\u00e9 n'est pas bon pour l'Europe&quot;, soutient le ministre de l'\u00c9conomie Roland Lescure\"\/>en lectureMercosur: \u00ab\u00a0Ce trait\u00e9 n&rsquo;est pas bon pour l&rsquo;Europe\u00a0\u00bb, soutient le ministre de l&rsquo;\u00c9conomie Roland Lescure<\/a><a href=\"https:\/\/www.bfmtv.com\/economie\/video-si-on-n-a-pas-d-accord-sur-le-budget-on-n-aura-sans-doute-pas-de-gouvernement-a-la-fin-declare-roland-lescure-ministre-de-l-economie_VN-202601090919.html\" title=\"&quot;Si on n&#039;a pas d&#039;accord sur le budget [...] on n&#039;aura sans doute pas de gouvernement \u00e0 la fin&quot;, d\u00e9clare Roland Lescure, ministre de l&#039;\u00c9conomie\" target=\"_blank\" rel=\"noopener\"><img width=\"16\" height=\"9\" class=\"lozad\"  alt=\"&quot;Si on n'a pas d'accord sur le budget [...] on n'aura sans doute pas de gouvernement \u00e0 la fin&quot;, d\u00e9clare Roland Lescure, ministre de l'\u00c9conomie\"\/>0:45&Prime;Si on n&rsquo;a pas d&rsquo;accord sur le budget [&#8230;] on n&rsquo;aura sans doute pas de gouvernement \u00e0 la fin\u00a0\u00bb, d\u00e9clare Roland Lescure, ministre de l&rsquo;\u00c9conomie<\/a><a href=\"https:\/\/www.bfmtv.com\/economie\/video-aujourd-hui-soit-on-est-capable-de-converger-vers-un-budget-rapidement-soit-on-decide-de-choisir-le-desordre-declare-roland-lescure-ministre-de-l-economie_VN-202601090915.html\" title=\"&quot;Aujourd&#039;hui, soit on est capable de converger vers un budget rapidement, soit on d\u00e9cide de choisir le d\u00e9sordre&quot;, d\u00e9clare Roland Lescure, ministre de l&#039;\u00c9conomie\" target=\"_blank\" rel=\"noopener\"><img width=\"16\" height=\"9\" class=\"lozad\"  alt=\"&quot;Aujourd'hui, soit on est capable de converger vers un budget rapidement, soit on d\u00e9cide de choisir le d\u00e9sordre&quot;, d\u00e9clare Roland Lescure, ministre de l'\u00c9conomie\"\/>1:40&Prime;Aujourd&rsquo;hui, soit on est capable de converger vers un budget rapidement, soit on d\u00e9cide de choisir le d\u00e9sordre\u00a0\u00bb, d\u00e9clare Roland Lescure, ministre de l&rsquo;\u00c9conomie<\/a><a href=\"https:\/\/www.bfmtv.com\/politique\/video-foyers-prives-d-electricite-tempete-goretti-on-espere-pouvoir-rebrancher-tout-le-monde-d-ici-ce-week-end-declare-roland-lescure_VN-202601090914.html\" title=\"Foyers priv\u00e9s d&#039;\u00e9lectricit\u00e9\/temp\u00eate Goretti: &quot;On esp\u00e8re pouvoir rebrancher tout le monde d&#039;ici ce week-end, d\u00e9clare Roland Lescure\" target=\"_blank\" rel=\"noopener\"><img width=\"16\" height=\"9\" class=\"lozad\"  alt=\"Foyers priv\u00e9s d'\u00e9lectricit\u00e9\/temp\u00eate Goretti: &quot;On esp\u00e8re pouvoir rebrancher tout le monde d'ici ce week-end, d\u00e9clare Roland Lescure\"\/>0:30Foyers priv\u00e9s d&rsquo;\u00e9lectricit\u00e9\/temp\u00eate Goretti: \u00ab\u00a0On esp\u00e8re pouvoir rebrancher tout le monde d&rsquo;ici ce week-end, d\u00e9clare Roland Lescure<\/a><a href=\"https:\/\/www.bfmtv.com\/politique\/video-la-france-n-a-pas-cesse-de-peser-annie-genevard-defend-la-position-du-pays-apres-la-validation-de-l-accord-sur-le-mercosur_VN-202601090892.html\" title=\"&quot;La France n&#039;a pas cess\u00e9 de peser&quot;: Annie Genevard d\u00e9fend la position du pays apr\u00e8s la validation de l&#039;accord sur le Mercosur\" target=\"_blank\" rel=\"noopener\"><img width=\"16\" height=\"9\" class=\"lozad\"  alt=\"&quot;La France n'a pas cess\u00e9 de peser&quot;: Annie Genevard d\u00e9fend la position du pays apr\u00e8s la validation de l'accord sur le Mercosur\"\/>2:19&Prime;La France n&rsquo;a pas cess\u00e9 de peser\u00a0\u00bb: Annie Genevard d\u00e9fend la position du pays apr\u00e8s la validation de l&rsquo;accord sur le Mercosur<\/a><a href=\"https:\/\/www.bfmtv.com\/politique\/video-motions-de-censure-pas-de-gouvernement-pas-de-solution-pour-les-agriculteurs-previent-amelie-de-montchalin_VN-202601090889.html\" title=\"Motions de censure: &quot;Pas de gouvernement, pas de solution pour les agriculteurs&quot;, pr\u00e9vient Am\u00e9lie de Montchalin\" target=\"_blank\" rel=\"noopener\"><img width=\"16\" height=\"9\" class=\"lozad\"  alt=\"Motions de censure: &quot;Pas de gouvernement, pas de solution pour les agriculteurs&quot;, pr\u00e9vient Am\u00e9lie de Montchalin\"\/>4:29Motions de censure: \u00ab\u00a0Pas de gouvernement, pas de solution pour les agriculteurs\u00a0\u00bb, pr\u00e9vient Am\u00e9lie de Montchalin<\/a><a href=\"https:\/\/www.bfmtv.com\/lyon\/replay-emissions\/bonsoir-lyon\/video-le-depute-lfi-gabriel-amard-etait-l-invite-de-bonsoir-lyon_VN-202601090874.html\" title=\"Le d\u00e9put\u00e9 LFI Gabriel Amard \u00e9tait l&#039;invit\u00e9 de Bonsoir Lyon\" target=\"_blank\" rel=\"noopener\"><img width=\"16\" height=\"9\" class=\"lozad\"  alt=\"Le d\u00e9put\u00e9 LFI Gabriel Amard \u00e9tait l'invit\u00e9 de Bonsoir Lyon\"\/>3:36Le d\u00e9put\u00e9 LFI Gabriel Amard \u00e9tait l&rsquo;invit\u00e9 de Bonsoir Lyon<\/a><a href=\"https:\/\/www.bfmtv.com\/politique\/video-loup-les-tirs-autorises-vont-augmenter-de-10-annonce-la-ministre-de-l-agriculture_VN-202601090863.html\" title=\"Loup: les tirs autoris\u00e9s vont &quot;augmenter de 10%&quot;, annonce la ministre de l&#039;Agriculture\" target=\"_blank\" rel=\"noopener\"><img width=\"16\" height=\"9\" class=\"lozad\"  alt=\"Loup: les tirs autoris\u00e9s vont &quot;augmenter de 10%&quot;, annonce la ministre de l'Agriculture\"\/>1:06Loup: les tirs autoris\u00e9s vont \u00ab\u00a0augmenter de 10%\u00a0\u00bb, annonce la ministre de l&rsquo;Agriculture<\/a><a href=\"https:\/\/www.bfmtv.com\/politique\/video-dermatose-bovine-le-fonds-d-indemnisation-double-a-22-millions-d-euros-destine-aux-eleveurs_VN-202601090862.html\" title=\"Dermatose bovine: le fonds d&#039;indemnisation doubl\u00e9 \u00e0 22 millions d&#039;euros destin\u00e9 aux \u00e9leveurs\" target=\"_blank\" rel=\"noopener\"><img width=\"16\" height=\"9\" class=\"lozad\"  alt=\"Dermatose bovine: le fonds d'indemnisation doubl\u00e9 \u00e0 22 millions d'euros destin\u00e9 aux \u00e9leveurs\"\/>1:54Dermatose bovine: le fonds d&rsquo;indemnisation doubl\u00e9 \u00e0 22 millions d&rsquo;euros destin\u00e9 aux \u00e9leveurs<\/a><a href=\"https:\/\/www.bfmtv.com\/politique\/video-mercosur-sur-le-fond-cet-accord-c-est-le-pire-accord-jamais-signe-par-l-union-europeenne-de-son-histoire-declare-manon-aubry-deputee-europeenne-lfi_VN-202601090809.html\" title=\"Mercosur: &quot;Sur le fond, cet accord, c&#039;est le pire accord jamais sign\u00e9 par l&#039;Union europ\u00e9enne de son histoire&quot;, d\u00e9clare Manon Aubry, d\u00e9put\u00e9e europ\u00e9enne (LFI)\" target=\"_blank\" rel=\"noopener\"><img width=\"16\" height=\"9\" class=\"lozad\"  alt=\"Mercosur: &quot;Sur le fond, cet accord, c'est le pire accord jamais sign\u00e9 par l'Union europ\u00e9enne de son histoire&quot;, d\u00e9clare Manon Aubry, d\u00e9put\u00e9e europ\u00e9enne (LFI)\"\/>1:37Mercosur: \u00ab\u00a0Sur le fond, cet accord, c&rsquo;est le pire accord jamais sign\u00e9 par l&rsquo;Union europ\u00e9enne de son histoire\u00a0\u00bb, d\u00e9clare Manon Aubry, d\u00e9put\u00e9e europ\u00e9enne (LFI)<\/a><a class=\"jumpToVideo\" target=\"_blank\"><img class=\"thumbnailPreview\"\/><\/a><\/p>\n","protected":false},"excerpt":{"rendered":"Mercosur: \u00ab\u00a0Ce trait\u00e9 n&rsquo;est pas bon pour l&rsquo;Europe\u00a0\u00bb, soutient le ministre de l&rsquo;\u00c9conomie Roland LescureSur le m\u00eame sujet11:18Tump&hellip;\n","protected":false},"author":2,"featured_media":653324,"comment_status":"","ping_status":"","sticky":false,"template":"","format":"standard","meta":{"footnotes":""},"categories":[1586],"tags":[11,1777,674,1011,27,12,25],"class_list":{"0":"post-653323","1":"post","2":"type-post","3":"status-publish","4":"format-standard","5":"has-post-thumbnail","7":"category-europe","8":"tag-actualites","9":"tag-eu","10":"tag-europe","11":"tag-fr","12":"tag-france","13":"tag-news","14":"tag-republique-francaise"},"share_on_mastodon":{"url":"https:\/\/pubeurope.com\/@fr\/115869257761363210","error":""},"_links":{"self":[{"href":"https:\/\/www.europesays.com\/fr\/wp-json\/wp\/v2\/posts\/653323","targetHints":{"allow":["GET"]}}],"collection":[{"href":"https:\/\/www.europesays.com\/fr\/wp-json\/wp\/v2\/posts"}],"about":[{"href":"https:\/\/www.europesays.com\/fr\/wp-json\/wp\/v2\/types\/post"}],"author":[{"embeddable":true,"href":"https:\/\/www.europesays.com\/fr\/wp-json\/wp\/v2\/users\/2"}],"replies":[{"embeddable":true,"href":"https:\/\/www.europesays.com\/fr\/wp-json\/wp\/v2\/comments?post=653323"}],"version-history":[{"count":0,"href":"https:\/\/www.europesays.com\/fr\/wp-json\/wp\/v2\/posts\/653323\/revisions"}],"wp:featuredmedia":[{"embeddable":true,"href":"https:\/\/www.europesays.com\/fr\/wp-json\/wp\/v2\/media\/653324"}],"wp:attachment":[{"href":"https:\/\/www.europesays.com\/fr\/wp-json\/wp\/v2\/media?parent=653323"}],"wp:term":[{"taxonomy":"category","embeddable":true,"href":"https:\/\/www.europesays.com\/fr\/wp-json\/wp\/v2\/categories?post=653323"},{"taxonomy":"post_tag","embeddable":true,"href":"https:\/\/www.europesays.com\/fr\/wp-json\/wp\/v2\/tags?post=653323"}],"curies":[{"name":"wp","href":"https:\/\/api.w.org\/{rel}","templated":true}]}}