{"id":653325,"date":"2026-01-10T05:55:24","date_gmt":"2026-01-10T05:55:24","guid":{"rendered":"https:\/\/www.europesays.com\/fr\/653325\/"},"modified":"2026-01-10T05:55:24","modified_gmt":"2026-01-10T05:55:24","slug":"litalie-apporte-un-soutien-a-laccord-entre-lue-et-des-pays-damerique-du-sud","status":"publish","type":"post","link":"https:\/\/www.europesays.com\/fr\/653325\/","title":{"rendered":"L&rsquo;Italie apporte un soutien \u00e0 l&rsquo;accord entre l&rsquo;UE et des pays d&rsquo;Am\u00e9rique du Sud"},"content":{"rendered":"<p class=\"mb-4 text-lg md:leading-8 break-words\">L&rsquo;Italie a apport\u00e9 vendredi un soutien crucial aux projets de l&rsquo;Union europ\u00e9enne visant \u00e0 conclure un accord de libre-\u00e9change de grande envergure avec cinq pays d&rsquo;Am\u00e9rique du Sud en cours de n\u00e9gociation depuis plus de 25 ans.<\/p>\n<p class=\"mb-4 text-lg md:leading-8 break-words\">La premi\u00e8re ministre italienne, Giorgia Meloni, a longtemps \u00e9t\u00e9 consid\u00e9r\u00e9e comme le vote cl\u00e9 dans la campagne men\u00e9e par la pr\u00e9sidente de la Commission europ\u00e9enne, Ursula von der Leyen, pour rallier le soutien \u00e0 l&rsquo;accord commercial avec les pays du Mercosur: le Br\u00e9sil, l&rsquo;Argentine, la Bolivie, le Paraguay et l&rsquo;Uruguay.<\/p>\n<p class=\"mb-4 text-lg md:leading-8 break-words\">Mme von der Leyen a d\u00e9clar\u00e9 que le vote favorable envoyait \u00abun signal fort\u00bb quant \u00e0 l&rsquo;influence \u00e9conomique et \u00e0 la stabilit\u00e9 de l&rsquo;UE \u00abface \u00e0 un monde de plus en plus hostile et transactionnel\u00bb.<\/p>\n<p class=\"mb-4 text-lg md:leading-8 break-words\">Elle a ajout\u00e9 qu&rsquo;elle se rendrait prochainement au Paraguay, o\u00f9 les pays du Mercosur se r\u00e9uniront la semaine prochaine.<\/p>\n<p class=\"mb-4 text-lg md:leading-8 break-words\">Le Parlement europ\u00e9en se prononcera sur cet accord avant son entr\u00e9e en vigueur.<\/p>\n<p class=\"mb-4 text-lg md:leading-8 break-words\">L&rsquo;Italie a confirm\u00e9 vendredi son soutien \u00e0 l&rsquo;accord, le ministre des Affaires \u00e9trang\u00e8res Antonio Tajani affirmant qu&rsquo;il repr\u00e9sente une \u00abbonne nouvelle pour l&rsquo;Italie\u00bb.<\/p>\n<p class=\"mb-4 text-lg md:leading-8 break-words\">\u00abCet accord est destin\u00e9 \u00e0 stimuler nos exportations, avec pour objectif d&rsquo;atteindre 700 milliards d&rsquo;euros d&rsquo;exportations\u00bb, a \u00e9crit M. Tajani dans un message publi\u00e9 sur X.<\/p>\n<p class=\"mb-4 text-lg md:leading-8 break-words\">Il a reconnu que l&rsquo;accord avait n\u00e9cessit\u00e9 de longues n\u00e9gociations, mais a soulign\u00e9 que l&rsquo;Italie avait obtenu des protections pour ses agriculteurs, \u00aben particulier en ce qui concerne les normes de production\u00bb.<\/p>\n<p class=\"mb-4 text-lg md:leading-8 break-words\">Mme Meloni a indiqu\u00e9 qu&rsquo;elle n&rsquo;avait jamais eu \u00abd&rsquo;objections id\u00e9ologiques\u00bb \u00e0 l&rsquo;accord avec le Mercosur.<\/p>\n<p class=\"mb-4 text-lg md:leading-8 break-words\">\u00abNous avons toujours dit que nous y serions favorables s&rsquo;il y avait des garanties suffisantes pour nos agriculteurs\u00bb, a-t-elle expliqu\u00e9 lors d&rsquo;une conf\u00e9rence de presse vendredi. Le potentiel de l&rsquo;accord est bon, mais pas au d\u00e9triment de l&rsquo;excellence de nos produits.\u00bb<\/p>\n<p class=\"mb-4 text-lg md:leading-8 break-words\">Cet accord cr\u00e9erait l&rsquo;une des plus grandes zones de libre-\u00e9change au monde, couvrant quelque 780 millions de personnes, de l&rsquo;Uruguay \u00e0 la Roumanie, et repr\u00e9sentant un quart du produit int\u00e9rieur brut mondial.<\/p>\n<p class=\"mb-4 text-lg md:leading-8 break-words\">Il offre \u00e9galement \u00e0 Bruxelles une victoire diplomatique en cette p\u00e9riode de bouleversements \u00e9conomiques, contrastant fortement avec la diplomatie de la canonni\u00e8re de Washington et les contr\u00f4les coercitifs des exportations de P\u00e9kin.<\/p>\n<p class=\"mb-4 text-lg md:leading-8 break-words\"><b>Des voix d&rsquo;opposition<\/b><\/p>\n<p class=\"mb-4 text-lg md:leading-8 break-words\">L&rsquo;opposition \u00e0 l&rsquo;accord a \u00e9t\u00e9 men\u00e9e par la France et la Pologne, les agriculteurs en col\u00e8re occupant les rues et bloquant les routes avec leurs tracteurs de Bruxelles \u00e0 Ath\u00e8nes. L&rsquo;Autriche, la Hongrie et l&rsquo;Irlande ont \u00e9galement vot\u00e9 contre.<\/p>\n<p class=\"mb-4 text-lg md:leading-8 break-words\">Le premier ministre irlandais, Micheal Martin, a d\u00e9clar\u00e9 jeudi \u00e0 Shanghai, lors d&rsquo;une visite officielle en Chine, qu&rsquo;il n&rsquo;\u00e9tait \u00abpas convaincu que [les agriculteurs irlandais] ne seraient pas l\u00e9s\u00e9s par cet accord\u00bb, selon la cha\u00eene publique irlandaise RTE.<\/p>\n<p class=\"mb-4 text-lg md:leading-8 break-words\">M. Martin et le pr\u00e9sident fran\u00e7ais Emmanuel Macron ont tous deux reconnu que les n\u00e9gociations internes d\u00e9clench\u00e9es par la pol\u00e9mique autour de l&rsquo;accord avaient conduit \u00e0 des r\u00e9formes qui prot\u00e8gent mieux les agriculteurs europ\u00e9ens, mais ils affirment qu&rsquo;elles ne suffisent pas.<\/p>\n<p class=\"mb-4 text-lg md:leading-8 break-words\">Dans un message publi\u00e9 jeudi sur X, M. Macron a d\u00e9clar\u00e9 que trois des principales exigences de la France \u00e9taient d\u00e9sormais satisfaites.<\/p>\n<p class=\"mb-4 text-lg md:leading-8 break-words\">D&rsquo;abord, des garanties pour un \u00abfrein d&rsquo;urgence\u00bb des importations si celles-ci s&rsquo;av\u00e8rent sous-cot\u00e9es de 5 % ou plus par rapport aux prix de l&rsquo;UE.<\/p>\n<p class=\"mb-4 text-lg md:leading-8 break-words\">La France salue \u00e9galement la r\u00e9ciprocit\u00e9 des mesures en mati\u00e8re de contr\u00f4le des aliments et une augmentation des inspections des importations agroalimentaires dans les ports de l&rsquo;UE et ailleurs.<\/p>\n<p class=\"mb-4 text-lg md:leading-8 break-words\">Toutefois, le pr\u00e9sident fran\u00e7ais a affirm\u00e9 que les gains \u00e9conomiques potentiels de l&rsquo;accord avec le Mercosur \u00e9taient limit\u00e9s et ne justifiaient pas les risques qu&rsquo;il faisait peser sur l&rsquo;agriculture de l&rsquo;UE.<\/p>\n<p class=\"mb-4 text-lg md:leading-8 break-words\">Son cabinet a relev\u00e9 que l&rsquo;accord ne rapporterait que 77 milliards d&rsquo;euros (124 milliards $ CAN) d&rsquo;ici 2040, soit 0,5 % du PIB de l&rsquo;UE.<\/p>\n<p class=\"mb-4 text-lg md:leading-8 break-words\">__<\/p>\n<p class=\"mb-4 text-lg md:leading-8 break-words\">Sylvie Corbet a contribu\u00e9 \u00e0 cet article<\/p>\n<p class=\"mb-4 text-lg md:leading-8 break-words\">Sam Mcneil et Giada Zampano, The Associated Press<\/p>\n","protected":false},"excerpt":{"rendered":"L&rsquo;Italie a apport\u00e9 vendredi un soutien crucial aux projets de l&rsquo;Union europ\u00e9enne visant \u00e0 conclure un accord de&hellip;\n","protected":false},"author":2,"featured_media":653326,"comment_status":"","ping_status":"","sticky":false,"template":"","format":"standard","meta":{"footnotes":""},"categories":[1586],"tags":[743,11,75653,1777,674,1779,1011,27,75652,12,70970,25,1778,364,2544],"class_list":{"0":"post-653325","1":"post","2":"type-post","3":"status-publish","4":"format-standard","5":"has-post-thumbnail","7":"category-europe","8":"tag-accord","9":"tag-actualites","10":"tag-cours-de-negociation","11":"tag-eu","12":"tag-europe","13":"tag-european-union","14":"tag-fr","15":"tag-france","16":"tag-l39italie","17":"tag-news","18":"tag-pays-d39amerique-du-sud","19":"tag-republique-francaise","20":"tag-ue","21":"tag-union-europeenne","22":"tag-ursula-von-der-leyen"},"share_on_mastodon":{"url":"https:\/\/pubeurope.com\/@fr\/115869261738024901","error":""},"_links":{"self":[{"href":"https:\/\/www.europesays.com\/fr\/wp-json\/wp\/v2\/posts\/653325","targetHints":{"allow":["GET"]}}],"collection":[{"href":"https:\/\/www.europesays.com\/fr\/wp-json\/wp\/v2\/posts"}],"about":[{"href":"https:\/\/www.europesays.com\/fr\/wp-json\/wp\/v2\/types\/post"}],"author":[{"embeddable":true,"href":"https:\/\/www.europesays.com\/fr\/wp-json\/wp\/v2\/users\/2"}],"replies":[{"embeddable":true,"href":"https:\/\/www.europesays.com\/fr\/wp-json\/wp\/v2\/comments?post=653325"}],"version-history":[{"count":0,"href":"https:\/\/www.europesays.com\/fr\/wp-json\/wp\/v2\/posts\/653325\/revisions"}],"wp:featuredmedia":[{"embeddable":true,"href":"https:\/\/www.europesays.com\/fr\/wp-json\/wp\/v2\/media\/653326"}],"wp:attachment":[{"href":"https:\/\/www.europesays.com\/fr\/wp-json\/wp\/v2\/media?parent=653325"}],"wp:term":[{"taxonomy":"category","embeddable":true,"href":"https:\/\/www.europesays.com\/fr\/wp-json\/wp\/v2\/categories?post=653325"},{"taxonomy":"post_tag","embeddable":true,"href":"https:\/\/www.europesays.com\/fr\/wp-json\/wp\/v2\/tags?post=653325"}],"curies":[{"name":"wp","href":"https:\/\/api.w.org\/{rel}","templated":true}]}}