{"id":653342,"date":"2026-01-10T06:11:14","date_gmt":"2026-01-10T06:11:14","guid":{"rendered":"https:\/\/www.europesays.com\/fr\/653342\/"},"modified":"2026-01-10T06:11:14","modified_gmt":"2026-01-10T06:11:14","slug":"loups-garous-saison-2-episode-7-attention-changement-de-regles-spoilers","status":"publish","type":"post","link":"https:\/\/www.europesays.com\/fr\/653342\/","title":{"rendered":"LOUPS GAROUS saison 2, \u00e9pisode 7\u00a0: attention, changement de r\u00e8gles\u00a0! (Spoilers)"},"content":{"rendered":"<p>Allan Blanvillainle 9 janvier 2026<\/p>\n<p class=\"bg33va_introductionFragment e7nApa_article-spacing e7nApa_module-spacing\">Il ne reste d\u00e9sormais plus qu&rsquo;un Loup dans LOUPS GAROUS saison 2 et l&rsquo;enqu\u00eate se poursuit sur CANAL+, mais attention, cet \u00e9pisode 7 annonce plusieurs changements\u00a0! Attention, spoilers.<\/p>\n<p>Usual Suspects<\/p>\n<p>Nos trois pr\u00e9dateurs se seront plusieurs fois trahis durant cette saison 2 de <a href=\"https:\/\/www.canalplus.com\/divertissement\/loups-garous\/h\/26439553_50001\" target=\"_blank\" rel=\"noopener\">LOUPS GAROUS<\/a> et il n&rsquo;y a plus qu&rsquo;un Loup dans la bergerie, alors que l&rsquo;\u00e9pisode 7 vient d&rsquo;arriver sur CANAL+. L&rsquo;\u00e9tau se resserre et tout le monde y va de ses statistiques, d&rsquo;autant qu&rsquo;il ne reste que cinq joueurs aux r\u00f4les inconnus.<\/p>\n<p>De quoi pousser Mister V a mener sa propre enqu\u00eate, lui le d\u00e9tective, le solitaire&#8230; Mais qui est cette femme dont il parle, alors que sa copine le quittait lors du premier \u00e9pisode\u00a0? Myst\u00e8re&#8230;<\/p>\n<p>Au village, tout le monde soup\u00e7onne tout le monde. <a href=\"https:\/\/www.canalplus.com\/articles\/series\/loups-garous-saison-2-episode-6-deja-la-fin-pour-les-loups-spoilers\" target=\"_blank\" rel=\"noopener\">Yoan reste le suspect num\u00e9ro 1<\/a>, lui qui assume ne jamais mentir, pr\u00e9f\u00e9rant ne rien dire ou dissimuler&#8230; Ce qui n&rsquo;est pas forc\u00e9ment mieux et en fait toujours un gros Loup potentiel. De son c\u00f4t\u00e9, S\u00e9bastien partage le pi\u00e8ge qu&rsquo;il a mont\u00e9 avec C\u00e9cile \u00e0 Jean-Baptiste, qui a le regard tourn\u00e9 sur Pauline, elle-m\u00eame ayant C\u00e9cile dans le collimateur. Bonne chance pour d\u00e9m\u00ealer tout \u00e7a.<\/p>\n<p><img decoding=\"async\" src=\"https:\/\/www.europesays.com\/fr\/wp-content\/uploads\/2026\/01\/e523d3c1d144cc77d15093c9d966d451a50b76f2.jpeg\" alt=\"\" class=\"box-border text-dt-text-media-block-media-block-title animate-fade-in\" loading=\"lazy\" height=\"100%\" width=\"100%\" style=\"min-width:100%;height:100%\"\/><\/p>\n<p>Premier changement de cet \u00e9pisode de LOUPS GAROUS, on l\u00e8ve les p\u00e9nalit\u00e9s de Jennifer et Am\u00e9lie. La premi\u00e8re n&rsquo;a plus un vote automatique contre elle \u00e0 chaque assembl\u00e9e et la seconde peut maintenant voter. Ce qui est loin de l&rsquo;arranger et elle ne s&rsquo;en cache pas. Notre psycho-criminologue comprend qu&rsquo;en redevenant une joueuse comme tout le monde, dont la voix compte, elle peut \u00eatre une cible pour le Loup.<\/p>\n<p>En parlant d&rsquo;Am\u00e9lie, elle nous apprend \u00ab\u00a0qu&rsquo;elle peut avoir le maximum de r\u00e9ponses, avec le minimum de questions\u00a0\u00bb. Et c&rsquo;est vrai que notre Qu\u00e9b\u00e9coise est plut\u00f4t silencieuse, pr\u00e9f\u00e9rant davantage \u00e9couter ses compagnons. Ce qui lui permet de prendre du recul en se demandant, par exemple, pourquoi personne n&rsquo;avait soup\u00e7onn\u00e9 Allan qu&rsquo;elle avait grill\u00e9 \u00e0 des kilom\u00e8tres. Son \u00ab\u00a0pif \u00e0 mensonge\u00a0\u00bb est en marche.<\/p>\n<p>Une assembl\u00e9e en petit comit\u00e9<\/p>\n<p>La qu\u00eate du tramway perdue va offrir un avantage certain \u00e0 notre Loup solitaire qui va pouvoir red\u00e9finir les r\u00e8gles de la prochaine assembl\u00e9e. Et en parlant de lui, c&rsquo;est \u00e0 son tour de croquer dans un Villageois et pour \u00e9viter le sauvetage de La Sorci\u00e8re (C\u00e9cile), il d\u00e9vore Yoan, pass\u00e9 de suspect \u00e0 victime. Un coup que S\u00e9bastien avait vu venir.<\/p>\n<p>Surprise\u00a0! Le Loup avait d\u00e9j\u00e0 red\u00e9fini les r\u00e8gles lorsque le reste du village l&rsquo;a appris. On part donc sur une assembl\u00e9e imm\u00e9diate, \u00e0 quatre participants, les autres ne pouvant voter ou \u00eatre nomm\u00e9s. C\u00e9cile, Pauline, Jennifer et S\u00e9bastien sont d\u00e9sign\u00e9s. L&rsquo;un d&rsquo;eux partira.<\/p>\n<p>Jennifer, qui a plus d&rsquo;un tour dans son sac, avait, au pr\u00e9alable, distribu\u00e9 quelques biscuits chinois avec des mots de sa conception \u00e0 des Villageois\u00a0: Am\u00e9lie, Pauline et S\u00e9bastien. Elle se dit imaginative et bricoleuse et, pour le coup, difficile de lui donner tort. Serait-ce un Loup d\u00e9guis\u00e9 en Petit Chaperon rouge\u00a0? Tout le monde s&rsquo;accorde \u00e0 dire que le pr\u00e9dateur est pr\u00e9sent \u00e0 cette assembl\u00e9e et que cela pourrait co\u00fbter cher \u00e0 C\u00e9cile&#8230;<\/p>\n<p>En passant, on a relev\u00e9 un petit d\u00e9tail. Lorsqu&rsquo;il a \u00e9t\u00e9 demand\u00e9 \u00e0 Jean-Baptiste, dont nous ne connaissons pas le r\u00f4le, la couleur de sa carte, il a r\u00e9pondu qu&rsquo;il y avait du vert. Vous savez quelle carte du jeu a du vert\u00a0? Celle du Chasseur\u00a0! Nous aussi, on m\u00e8ne l&rsquo;enqu\u00eate.<\/p>\n<p><img decoding=\"async\" src=\"https:\/\/www.europesays.com\/fr\/wp-content\/uploads\/2026\/01\/33672424746506450b7e63587fc466545f6333a2.jpeg\" alt=\"\" class=\"box-border text-dt-text-media-block-media-block-title animate-fade-in\" loading=\"lazy\" height=\"100%\" width=\"100%\" style=\"min-width:100%;height:100%\"\/><\/p>\n<p>Comme chaque semaine, on fait le point sur les r\u00f4les r\u00e9v\u00e9l\u00e9s jusqu&rsquo;\u00e0 pr\u00e9sent\u00a0:<\/p>\n<p>Laurent\u00a0: Cupidon (Villageois), \u00e9limin\u00e9<br \/>&#13;<br \/>\nCorentin\u00a0: Villageois, \u00e9limin\u00e9<br \/>&#13;<br \/>\nC\u00e9cile\u00a0: La Sorci\u00e8re (Villageoise)<br \/>&#13;<br \/>\nIsabelle\u00a0: Villageoise et Capitaine.<br \/>&#13;<br \/>\nS\u00e9bastien\u00a0: Villageois<br \/>&#13;<br \/>\nAnissa\u00a0: Villageoise, \u00e9limin\u00e9e<br \/>&#13;<br \/>\nMaxime\u00a0: La Voyante (Villageois), \u00e9limin\u00e9<br \/>&#13;<br \/>\nSaxx\u00a0: Loup, \u00e9limin\u00e9<br \/>&#13;<br \/>\nAllan\u00a0: Loup, \u00e9limin\u00e9<br \/>&#13;<br \/>\nYoan\u00a0: Villageois, \u00e9limin\u00e9<\/p>\n<p>Qui sera \u00e9limin\u00e9 lors de l&rsquo;assembl\u00e9e lanc\u00e9e par le Loup\u00a0? Rendez-vous pour l&rsquo;\u00e9pisode 8 de LOUPS GAROUS saison 2, vendredi prochain sur CANAL+.<\/p>\n","protected":false},"excerpt":{"rendered":"Allan Blanvillainle 9 janvier 2026 Il ne reste d\u00e9sormais plus qu&rsquo;un Loup dans LOUPS GAROUS saison 2 et&hellip;\n","protected":false},"author":2,"featured_media":653343,"comment_status":"","ping_status":"","sticky":false,"template":"","format":"standard","meta":{"footnotes":""},"categories":[1356],"tags":[58,59,1011,27,252,1364],"class_list":{"0":"post-653342","1":"post","2":"type-post","3":"status-publish","4":"format-standard","5":"has-post-thumbnail","7":"category-television","8":"tag-divertissement","9":"tag-entertainment","10":"tag-fr","11":"tag-france","12":"tag-television","13":"tag-tv"},"share_on_mastodon":{"url":"https:\/\/pubeurope.com\/@fr\/115869324678265226","error":""},"_links":{"self":[{"href":"https:\/\/www.europesays.com\/fr\/wp-json\/wp\/v2\/posts\/653342","targetHints":{"allow":["GET"]}}],"collection":[{"href":"https:\/\/www.europesays.com\/fr\/wp-json\/wp\/v2\/posts"}],"about":[{"href":"https:\/\/www.europesays.com\/fr\/wp-json\/wp\/v2\/types\/post"}],"author":[{"embeddable":true,"href":"https:\/\/www.europesays.com\/fr\/wp-json\/wp\/v2\/users\/2"}],"replies":[{"embeddable":true,"href":"https:\/\/www.europesays.com\/fr\/wp-json\/wp\/v2\/comments?post=653342"}],"version-history":[{"count":0,"href":"https:\/\/www.europesays.com\/fr\/wp-json\/wp\/v2\/posts\/653342\/revisions"}],"wp:featuredmedia":[{"embeddable":true,"href":"https:\/\/www.europesays.com\/fr\/wp-json\/wp\/v2\/media\/653343"}],"wp:attachment":[{"href":"https:\/\/www.europesays.com\/fr\/wp-json\/wp\/v2\/media?parent=653342"}],"wp:term":[{"taxonomy":"category","embeddable":true,"href":"https:\/\/www.europesays.com\/fr\/wp-json\/wp\/v2\/categories?post=653342"},{"taxonomy":"post_tag","embeddable":true,"href":"https:\/\/www.europesays.com\/fr\/wp-json\/wp\/v2\/tags?post=653342"}],"curies":[{"name":"wp","href":"https:\/\/api.w.org\/{rel}","templated":true}]}}