{"id":653346,"date":"2026-01-10T06:13:56","date_gmt":"2026-01-10T06:13:56","guid":{"rendered":"https:\/\/www.europesays.com\/fr\/653346\/"},"modified":"2026-01-10T06:13:56","modified_gmt":"2026-01-10T06:13:56","slug":"bande-annonce-sophie-turner-face-a-un-braquage-dans-the-steal-sur-prime-video","status":"publish","type":"post","link":"https:\/\/www.europesays.com\/fr\/653346\/","title":{"rendered":"Bande-annonce : Sophie Turner face \u00e0 un braquage dans The Steal sur Prime Video"},"content":{"rendered":"<p class=\"lead\">            Un thriller qui promet d&rsquo;\u00eatre haletant \u00e0 voir d\u00e8s la fin du mois sur la plateforme.\n    <\/p>\n<p>Avant de devenir <strong>Lara Croft<\/strong> dans la prochaine adaptation de Tomb Raider, <a href=\"https:\/\/www.premiere.fr\/Series\/News-Series\/La-serie-Tomb-Raider-de-Phoebe-Waller-Bridge-se-confirme-Sophie-Turner-sera-Lara-Croft\" target=\"_blank\" rel=\"noopener\"><strong>Sophie Turner<\/strong><\/a> s\u2019attaque \u00e0 un tout autre r\u00f4le dans une s\u00e9rie Prime Video.<\/p>\n<p>L\u2019ancienne star de Game of Thrones incarne Zara, une employ\u00e9e de bureau lambda qui se retrouve accus\u00e9e d\u2019avoir particip\u00e9 \u00e0 un braquage \u00e0 plusieurs milliards de livres, privant des milliers de Britanniques de leurs retraites. Traqu\u00e9e par le MI5, sa vie bascule dans un thriller haletant et contemporain.<\/p>\n<p><strong>The Steal<\/strong>, s\u00e9rie en six \u00e9pisodes, sera disponible d\u00e8s le 21 janvier 2026, sur Prime Video. La bande-annonce d\u00e9voile d\u00e9j\u00e0 un labyrinthe de suspense et de danger.<\/p>\n<p>Cr\u00e9\u00e9e et \u00e9crite par le romancier policier <strong>Sotiris Nikias<\/strong>, la s\u00e9rie est r\u00e9alis\u00e9e par <strong>Sam Miller<\/strong> (I May Destroy You).<\/p><\/p>\n","protected":false},"excerpt":{"rendered":"Un thriller qui promet d&rsquo;\u00eatre haletant \u00e0 voir d\u00e8s la fin du mois sur la plateforme. Avant de&hellip;\n","protected":false},"author":2,"featured_media":653347,"comment_status":"","ping_status":"","sticky":false,"template":"","format":"standard","meta":{"footnotes":""},"categories":[1354],"tags":[1409,58,59,1346,1011,27,11341,1360,11765,1314,50658,54544],"class_list":{"0":"post-653346","1":"post","2":"type-post","3":"status-publish","4":"format-standard","5":"has-post-thumbnail","7":"category-films","8":"tag-bande-annonce","9":"tag-divertissement","10":"tag-entertainment","11":"tag-films","12":"tag-fr","13":"tag-france","14":"tag-la-une","15":"tag-movies","16":"tag-prime-video","17":"tag-series","18":"tag-sophie-turner","19":"tag-steal"},"share_on_mastodon":{"url":"https:\/\/pubeurope.com\/@fr\/115869336449326871","error":""},"_links":{"self":[{"href":"https:\/\/www.europesays.com\/fr\/wp-json\/wp\/v2\/posts\/653346","targetHints":{"allow":["GET"]}}],"collection":[{"href":"https:\/\/www.europesays.com\/fr\/wp-json\/wp\/v2\/posts"}],"about":[{"href":"https:\/\/www.europesays.com\/fr\/wp-json\/wp\/v2\/types\/post"}],"author":[{"embeddable":true,"href":"https:\/\/www.europesays.com\/fr\/wp-json\/wp\/v2\/users\/2"}],"replies":[{"embeddable":true,"href":"https:\/\/www.europesays.com\/fr\/wp-json\/wp\/v2\/comments?post=653346"}],"version-history":[{"count":0,"href":"https:\/\/www.europesays.com\/fr\/wp-json\/wp\/v2\/posts\/653346\/revisions"}],"wp:featuredmedia":[{"embeddable":true,"href":"https:\/\/www.europesays.com\/fr\/wp-json\/wp\/v2\/media\/653347"}],"wp:attachment":[{"href":"https:\/\/www.europesays.com\/fr\/wp-json\/wp\/v2\/media?parent=653346"}],"wp:term":[{"taxonomy":"category","embeddable":true,"href":"https:\/\/www.europesays.com\/fr\/wp-json\/wp\/v2\/categories?post=653346"},{"taxonomy":"post_tag","embeddable":true,"href":"https:\/\/www.europesays.com\/fr\/wp-json\/wp\/v2\/tags?post=653346"}],"curies":[{"name":"wp","href":"https:\/\/api.w.org\/{rel}","templated":true}]}}