{"id":653355,"date":"2026-01-10T06:18:11","date_gmt":"2026-01-10T06:18:11","guid":{"rendered":"https:\/\/www.europesays.com\/fr\/653355\/"},"modified":"2026-01-10T06:18:11","modified_gmt":"2026-01-10T06:18:11","slug":"une-cinquantaine-de-pays-desormais-touches-par-le-rappel-de-lait-infantile","status":"publish","type":"post","link":"https:\/\/www.europesays.com\/fr\/653355\/","title":{"rendered":"Une cinquantaine de pays d\u00e9sormais touch\u00e9s par le rappel de lait infantile"},"content":{"rendered":"<p>Le groupe suisse <a href=\"https:\/\/www.20minutes.fr\/dossier\/nestle\" target=\"_blank\" class=\"c-link c-link--is-underlined\" rel=\"noopener\">Nestl\u00e9<\/a> a \u00e9tendu en quelques jours un rappel volontaire de lots de <a href=\"https:\/\/www.20minutes.fr\/dossier\/lait\" target=\"_blank\" class=\"c-link c-link--is-underlined\" rel=\"noopener\">laits<\/a> pour <a href=\"https:\/\/www.20minutes.fr\/dossier\/bebe\" target=\"_blank\" class=\"c-link c-link--is-underlined\" rel=\"noopener\">b\u00e9b\u00e9<\/a> \u00e0 plus d\u2019une cinquantaine de pays, contre quelques march\u00e9s europ\u00e9ens au d\u00e9part. L\u2019Allemagne, l\u2019Italie et la Su\u00e8de ont \u00e9t\u00e9 les premiers concern\u00e9s, avant que la liste ne s\u2019allonge jusqu\u2019\u00e0 inclure la <a href=\"https:\/\/www.20minutes.fr\/dossier\/chine\" target=\"_blank\" class=\"c-link c-link--is-underlined\" rel=\"noopener\">Chine<\/a> et le <a href=\"https:\/\/www.20minutes.fr\/dossier\/bresil\" target=\"_blank\" class=\"c-link c-link--is-underlined\" rel=\"noopener\">Br\u00e9sil<\/a>, deux zones cl\u00e9s pour le groupe. Cette extension progressive r\u00e9sulte, selon Nestl\u00e9, de discussions avec les autorit\u00e9s locales afin de respecter les proc\u00e9dures nationales de rappel.<\/p>\n<p>A l\u2019origine de la mesure, la d\u00e9tection potentielle de c\u00e9r\u00e9ulide, une substance d\u2019origine bact\u00e9rienne produite par Bacillus cereus, identifi\u00e9e chez un fournisseur. Le groupe assure que la substance n\u2019a \u00e9t\u00e9 d\u00e9tect\u00e9e qu\u2019en quantit\u00e9 \u00ab\u00a0infime\u00a0\u00bb et insiste sur une d\u00e9marche purement pr\u00e9ventive. \u00ab\u00a0Aucun cas de <a href=\"https:\/\/www.20minutes.fr\/dossier\/maladie\" target=\"_blank\" class=\"c-link c-link--is-underlined\" rel=\"noopener\">maladie<\/a> en lien avec les produits concern\u00e9s n\u2019a \u00e9t\u00e9 confirm\u00e9 jusqu\u2019\u00e0 pr\u00e9sent\u00a0\u00bb, indique Nestl\u00e9 de mani\u00e8re r\u00e9p\u00e9t\u00e9e, tout en rappelant que les risques \u00e9voqu\u00e9s concernent des troubles digestifs comme des diarrh\u00e9es ou des vomissements.<\/p>\n<\/p>\n<p>Critique de l\u2019ONG Foodwatch<\/p>\n<p>Cette gestion au fil de l\u2019eau suscite toutefois des critiques. L\u2019<a href=\"https:\/\/www.20minutes.fr\/dossier\/ong\" target=\"_blank\" class=\"c-link c-link--is-underlined\" rel=\"noopener\">ONG<\/a> Foodwatch d\u00e9nonce une communication \u00ab\u00a0au compte-goutte\u00a0\u00bb, d\u2019autant plus sensible que Nestl\u00e9 avait d\u00e9j\u00e0 proc\u00e9d\u00e9 \u00e0 un rappel, notamment en France, en d\u00e9cembre. Sur les march\u00e9s, l\u2019\u00e9pisode p\u00e8se sur le titre\u00a0: l\u2019action Nestl\u00e9 a recul\u00e9 de 3,59\u00a0% en cinq jours, \u00e0 75,41 francs suisses, alors que l\u2019indice SMI progressait de 1,73\u00a0%.<\/p>\n<p><a href=\"https:\/\/www.20minutes.fr\/dossier\/nestle\" target=\"_blank\" class=\"c-link c-btn c-btn--primary\" rel=\"noopener\">Notre dossier sur Nestl\u00e9<\/a><\/p>\n<p>Pour Jean-Philippe Bertschy, analyste chez Vontobel, l\u2019enjeu principal reste \u00ab\u00a0le risque de r\u00e9putation\u00a0\u00bb, l\u2019impact <a href=\"https:\/\/www.20minutes.fr\/economie\/finance\/\" target=\"_blank\" class=\"c-link c-link--is-underlined\" rel=\"noopener\">financier<\/a> direct \u00e9tant jug\u00e9 \u00ab\u00a0limit\u00e9\u00a0\u00bb, les volumes concern\u00e9s repr\u00e9sentant environ \u00ab\u00a00,5\u00a0%\u00a0\u00bb du chiffre d\u2019affaires. Il souligne toutefois que les laits infantiles constituent une cat\u00e9gorie particuli\u00e8rement sensible et que le groupe devra \u00ab\u00a0fournir une mise \u00e0 jour claire et globale\u00a0\u00bb pour restaurer la confiance. Nestl\u00e9 affirme de son c\u00f4t\u00e9 avoir \u00ab\u00a0d\u00e9j\u00e0 commenc\u00e9 \u00e0 s\u2019approvisionner aupr\u00e8s d\u2019autres fournisseurs\u00a0\u00bb et d\u00e9ploy\u00e9 des outils permettant aux consommateurs de v\u00e9rifier les num\u00e9ros de lots concern\u00e9s.<\/p>\n","protected":false},"excerpt":{"rendered":"Le groupe suisse Nestl\u00e9 a \u00e9tendu en quelques jours un rappel volontaire de lots de laits pour b\u00e9b\u00e9&hellip;\n","protected":false},"author":2,"featured_media":653356,"comment_status":"","ping_status":"","sticky":false,"template":"","format":"standard","meta":{"footnotes":""},"categories":[6],"tags":[47,3493,2548,35,309,33,34,1011,27,38418,5824,11356,104,3067],"class_list":{"0":"post-653355","1":"post","2":"type-post","3":"status-publish","4":"format-standard","5":"has-post-thumbnail","7":"category-economie","8":"tag-actualite","9":"tag-bebe","10":"tag-bresil","11":"tag-business","12":"tag-chine","13":"tag-economie","14":"tag-economy","15":"tag-fr","16":"tag-france","17":"tag-lait","18":"tag-nestle","19":"tag-ong","20":"tag-societe","21":"tag-suisse"},"share_on_mastodon":{"url":"https:\/\/pubeurope.com\/@fr\/115869352152616851","error":""},"_links":{"self":[{"href":"https:\/\/www.europesays.com\/fr\/wp-json\/wp\/v2\/posts\/653355","targetHints":{"allow":["GET"]}}],"collection":[{"href":"https:\/\/www.europesays.com\/fr\/wp-json\/wp\/v2\/posts"}],"about":[{"href":"https:\/\/www.europesays.com\/fr\/wp-json\/wp\/v2\/types\/post"}],"author":[{"embeddable":true,"href":"https:\/\/www.europesays.com\/fr\/wp-json\/wp\/v2\/users\/2"}],"replies":[{"embeddable":true,"href":"https:\/\/www.europesays.com\/fr\/wp-json\/wp\/v2\/comments?post=653355"}],"version-history":[{"count":0,"href":"https:\/\/www.europesays.com\/fr\/wp-json\/wp\/v2\/posts\/653355\/revisions"}],"wp:featuredmedia":[{"embeddable":true,"href":"https:\/\/www.europesays.com\/fr\/wp-json\/wp\/v2\/media\/653356"}],"wp:attachment":[{"href":"https:\/\/www.europesays.com\/fr\/wp-json\/wp\/v2\/media?parent=653355"}],"wp:term":[{"taxonomy":"category","embeddable":true,"href":"https:\/\/www.europesays.com\/fr\/wp-json\/wp\/v2\/categories?post=653355"},{"taxonomy":"post_tag","embeddable":true,"href":"https:\/\/www.europesays.com\/fr\/wp-json\/wp\/v2\/tags?post=653355"}],"curies":[{"name":"wp","href":"https:\/\/api.w.org\/{rel}","templated":true}]}}