{"id":653357,"date":"2026-01-10T06:19:10","date_gmt":"2026-01-10T06:19:10","guid":{"rendered":"https:\/\/www.europesays.com\/fr\/653357\/"},"modified":"2026-01-10T06:19:10","modified_gmt":"2026-01-10T06:19:10","slug":"donald-trump-compte-toujours-trouver-un-accord-avec-le-danemark-avec-la-maniere-douce-ou-la-maniere-forte","status":"publish","type":"post","link":"https:\/\/www.europesays.com\/fr\/653357\/","title":{"rendered":"Donald Trump compte toujours trouver un accord avec le Danemark, avec \u00abla mani\u00e8re douce\u00bb ou \u00abla mani\u00e8re forte\u00bb"},"content":{"rendered":"<p>\n    \u00abLe fait qu\u2019ils aient d\u00e9barqu\u00e9 l\u00e0 avec un bateau il y a 500 ans ne veut pas dire qu\u2019ils poss\u00e8dent le territoire\u00bb, a assur\u00e9 le pr\u00e9sident am\u00e9ricain devant la presse \u00e0 la Maison-Blanche ce vendredi.<\/p>\n<p class=\"fig-paragraph\"><a href=\"http:\/\/www.lefigaro.fr\/conjoncture\/terres-rares-bases-militaires-habitants-combien-couterait-vraiment-le-groenland-a-donald-trump-20260109\" data-fig-type=\"Article\" data-gtm-custom-categorie=\"navigation\" data-gtm-custom-action=\"crossclick\" data-gtm-custom-label=\"Contextuel\" data-gtm-event=\"customEventSPE\" data-fig-domain=\"LEFIGARO\" target=\"_blank\" rel=\"noopener\">Donald Trump<\/a>\u00a0a assur\u00e9 vendredi qu&rsquo;il comptait passer un accord avec le Danemark pour acqu\u00e9rir le\u00a0<a href=\"http:\/\/www.lefigaro.fr\/international\/toutes-les-options-sont-encore-sur-la-table-trump-etudie-un-achat-du-groenland-20260107\" data-fig-type=\"NewsFlash\" data-gtm-custom-categorie=\"navigation\" data-gtm-custom-action=\"crossclick\" data-gtm-custom-label=\"Contextuel\" data-gtm-event=\"customEventSPE\" data-fig-domain=\"LEFIGARO\" target=\"_blank\" rel=\"noopener\">Groenland<\/a>, et que Washington emploierait pour cela \u00abla mani\u00e8re douce\u00bb ou \u00abla mani\u00e8re forte\u00bb, apr\u00e8s que Copenhague a r\u00e9p\u00e9t\u00e9 que son territoire de l&rsquo;Arctique n&rsquo;\u00e9tait pas \u00e0 vendre.<\/p>\n<p class=\"fig-paragraph\">\u00abJe suis un fan du Danemark aussi, je dois vous dire, et ils ont \u00e9t\u00e9 tr\u00e8s sympas avec moi\u00bb, a d\u00e9clar\u00e9 le pr\u00e9sident am\u00e9ricain devant la presse \u00e0 la Maison-Blanche. \u00abMais vous savez, le fait qu&rsquo;ils aient d\u00e9barqu\u00e9 l\u00e0 avec un bateau il y a 500 ans ne veut pas dire qu&rsquo;ils poss\u00e8dent le territoire\u00bb, a-t-il ajout\u00e9.<\/p>\n<p>                                            <a class=\"fig-a11y-skip\" href=\"#fig-a11y-skip-main-inarticle\" data-module=\"a11y-skip\" data-context=\"was @visible\"><br \/>\n    Passer la publicit\u00e9<br \/>\n<\/a>            <\/p>\n<p class=\"fig-paragraph\">Donald Trump mart\u00e8le que les \u00c9tats-Unis doivent prendre le contr\u00f4le du Groenland pour assurer leur propre s\u00e9curit\u00e9 face \u00e0 P\u00e9kin et Moscou. \u00abOn ne peut pas avoir la Russie ou la Chine occuper le Groenland. C\u2019est ce qu\u2019ils vont faire, si on ne le fait pas. Donc on va faire quelque chose avec le Groenland, soit avec la mani\u00e8re douce, soit avec la mani\u00e8re forte\u00bb, a-t-il lanc\u00e9 vendredi.<\/p>\n<p>                                            \u00abLa fin de tout\u00bb<\/p>\n<p class=\"fig-paragraph\">La Maison-Blanche, tout en refusant d\u2019exclure l\u2019option militaire, a fait savoir que le pr\u00e9sident r\u00e9fl\u00e9chissait \u00abactivement\u00bb \u00e0 un achat de l\u2019immense \u00eele arctique, sans pr\u00e9ciser quelle forme exactement cette transaction pourrait prendre.<\/p>\n<p class=\"fig-paragraph\">Par ailleurs, Donald Trump a reconnu, dans un entretien au New York Times jeudi, qu\u2019il lui faudrait peut-\u00eatre choisir entre la pr\u00e9servation de l\u2019int\u00e9grit\u00e9 de l\u2019Otan ou le contr\u00f4le du territoire danois. Le Danemark &#8211; Groenland compris &#8211; est membre de l\u2019Otan et une attaque am\u00e9ricaine contre l\u2019un des membres de l\u2019Alliance signifierait \u00abla fin de tout\u00bb, a averti sa premi\u00e8re ministre Mette Frederiksen.<\/p>\n","protected":false},"excerpt":{"rendered":"\u00abLe fait qu\u2019ils aient d\u00e9barqu\u00e9 l\u00e0 avec un bateau il y a 500 ans ne veut pas dire&hellip;\n","protected":false},"author":2,"featured_media":653358,"comment_status":"","ping_status":"","sticky":false,"template":"","format":"standard","meta":{"footnotes":""},"categories":[5],"tags":[743,11,75,73,1011,27,146,14,12,28],"class_list":{"0":"post-653357","1":"post","2":"type-post","3":"status-publish","4":"format-standard","5":"has-post-thumbnail","7":"category-international","8":"tag-accord","9":"tag-actualites","10":"tag-donald-trump","11":"tag-etats-unis","12":"tag-fr","13":"tag-france","14":"tag-groenland","15":"tag-international","16":"tag-news","17":"tag-world"},"share_on_mastodon":{"url":"https:\/\/pubeurope.com\/@fr\/115869356188683484","error":""},"_links":{"self":[{"href":"https:\/\/www.europesays.com\/fr\/wp-json\/wp\/v2\/posts\/653357","targetHints":{"allow":["GET"]}}],"collection":[{"href":"https:\/\/www.europesays.com\/fr\/wp-json\/wp\/v2\/posts"}],"about":[{"href":"https:\/\/www.europesays.com\/fr\/wp-json\/wp\/v2\/types\/post"}],"author":[{"embeddable":true,"href":"https:\/\/www.europesays.com\/fr\/wp-json\/wp\/v2\/users\/2"}],"replies":[{"embeddable":true,"href":"https:\/\/www.europesays.com\/fr\/wp-json\/wp\/v2\/comments?post=653357"}],"version-history":[{"count":0,"href":"https:\/\/www.europesays.com\/fr\/wp-json\/wp\/v2\/posts\/653357\/revisions"}],"wp:featuredmedia":[{"embeddable":true,"href":"https:\/\/www.europesays.com\/fr\/wp-json\/wp\/v2\/media\/653358"}],"wp:attachment":[{"href":"https:\/\/www.europesays.com\/fr\/wp-json\/wp\/v2\/media?parent=653357"}],"wp:term":[{"taxonomy":"category","embeddable":true,"href":"https:\/\/www.europesays.com\/fr\/wp-json\/wp\/v2\/categories?post=653357"},{"taxonomy":"post_tag","embeddable":true,"href":"https:\/\/www.europesays.com\/fr\/wp-json\/wp\/v2\/tags?post=653357"}],"curies":[{"name":"wp","href":"https:\/\/api.w.org\/{rel}","templated":true}]}}