{"id":653398,"date":"2026-01-10T06:45:13","date_gmt":"2026-01-10T06:45:13","guid":{"rendered":"https:\/\/www.europesays.com\/fr\/653398\/"},"modified":"2026-01-10T06:45:13","modified_gmt":"2026-01-10T06:45:13","slug":"jeck-gagnez-vos-places-pour-son-concert-au-theatre-femina-a-bordeaux","status":"publish","type":"post","link":"https:\/\/www.europesays.com\/fr\/653398\/","title":{"rendered":"Jeck : gagnez vos places pour son concert au Th\u00e9\u00e2tre Femina \u00e0 Bordeaux"},"content":{"rendered":"\n<p class=\"p1\">\u2764\ufe0f Cette semaine, <a href=\"https:\/\/agoprod.fr\/\" rel=\"noopener\" target=\"_blank\"><strong>Wit FM<\/strong> vous offre vos places<\/a> pour le <strong><a href=\"https:\/\/theatrefemina.com\/evenement\/jeck\/\" rel=\"noopener\" target=\"_blank\">concert de Jeck au Th\u00e9\u00e2tre Femina \u00e0 Bordeaux !<\/a><\/strong><\/p>\n<p class=\"p1\">R\u00e9v\u00e9l\u00e9 par le tube Parapluie, <strong>Jeck<\/strong> poursuit son ascension avec son premier album Moi c\u2019est Jeck, port\u00e9 notamment par Sans toi. Entre pop-rock et vari\u00e9t\u00e9 fran\u00e7aise, il encha\u00eene les singles remarqu\u00e9s comme Mistral gagnant, Tous les cris les S.O.S. ou Je t\u2019aime. Jeck se distingue aussi par ses collaborations, dont plusieurs duos avec <strong>Carla Lazzari<\/strong> (M\u2019envoler, \u00c0 qui le tour), confirmant un univers sensible, m\u00e9lodique et r\u00e9solument actuel.<\/p>\n<p class=\"p1\">____________<\/p>\n<p class=\"p1\">\ud83d\udccd<strong>Th\u00e9\u00e2tre F\u00e9mina<\/strong> : <a href=\"https:\/\/www.google.com\/maps\/place\/\/data=!4m2!3m1!1s0xd55273e18d868d5:0xf7f138cea5b7c031?sa=X&amp;ved=1t:8290&amp;ictx=111\" target=\"_blank\" rel=\"noopener\">10 Rue de Grassi, 33000 Bordeaux<\/a><\/p>\n<p class=\"p1\">\ud83d\udcc5 Rendez-vous le <strong>28 janvier<\/strong><\/p>\n<p class=\"p1\">\ud83d\udc49 Pour\u00a0<strong>gagner vos places<\/strong>,\u00a0<strong>inscrivez-vous maintenant<\/strong>\u00a0ci-dessous.<\/p>\n<p class=\"p1\">\u23f0<strong> Jouez tous les apr\u00e8s-midis entre 15h et 20h avec J\u00e9r\u00f4me sur Wit FM.<\/strong><\/p>\n","protected":false},"excerpt":{"rendered":"\u2764\ufe0f Cette semaine, Wit FM vous offre vos places pour le concert de Jeck au Th\u00e9\u00e2tre Femina \u00e0&hellip;\n","protected":false},"author":2,"featured_media":653399,"comment_status":"","ping_status":"","sticky":false,"template":"","format":"standard","meta":{"footnotes":""},"categories":[2817],"tags":[1111,11,1997,1697,1777,674,1011,27,48986,330,873,12,2219,25,75655],"class_list":{"0":"post-653398","1":"post","2":"type-post","3":"status-publish","4":"format-standard","5":"has-post-thumbnail","7":"category-bordeaux","8":"tag-actu","9":"tag-actualites","10":"tag-bordeaux","11":"tag-concert","12":"tag-eu","13":"tag-europe","14":"tag-fr","15":"tag-france","16":"tag-jeck","17":"tag-jeux","18":"tag-musique","19":"tag-news","20":"tag-nouvelle-aquitaine","21":"tag-republique-francaise","22":"tag-theatre-femina"},"share_on_mastodon":{"url":"https:\/\/pubeurope.com\/@fr\/115869458582646915","error":""},"_links":{"self":[{"href":"https:\/\/www.europesays.com\/fr\/wp-json\/wp\/v2\/posts\/653398","targetHints":{"allow":["GET"]}}],"collection":[{"href":"https:\/\/www.europesays.com\/fr\/wp-json\/wp\/v2\/posts"}],"about":[{"href":"https:\/\/www.europesays.com\/fr\/wp-json\/wp\/v2\/types\/post"}],"author":[{"embeddable":true,"href":"https:\/\/www.europesays.com\/fr\/wp-json\/wp\/v2\/users\/2"}],"replies":[{"embeddable":true,"href":"https:\/\/www.europesays.com\/fr\/wp-json\/wp\/v2\/comments?post=653398"}],"version-history":[{"count":0,"href":"https:\/\/www.europesays.com\/fr\/wp-json\/wp\/v2\/posts\/653398\/revisions"}],"wp:featuredmedia":[{"embeddable":true,"href":"https:\/\/www.europesays.com\/fr\/wp-json\/wp\/v2\/media\/653399"}],"wp:attachment":[{"href":"https:\/\/www.europesays.com\/fr\/wp-json\/wp\/v2\/media?parent=653398"}],"wp:term":[{"taxonomy":"category","embeddable":true,"href":"https:\/\/www.europesays.com\/fr\/wp-json\/wp\/v2\/categories?post=653398"},{"taxonomy":"post_tag","embeddable":true,"href":"https:\/\/www.europesays.com\/fr\/wp-json\/wp\/v2\/tags?post=653398"}],"curies":[{"name":"wp","href":"https:\/\/api.w.org\/{rel}","templated":true}]}}