{"id":653404,"date":"2026-01-10T06:48:09","date_gmt":"2026-01-10T06:48:09","guid":{"rendered":"https:\/\/www.europesays.com\/fr\/653404\/"},"modified":"2026-01-10T06:48:09","modified_gmt":"2026-01-10T06:48:09","slug":"apres-avoir-viole-des-etudiantes-a-lille-il-reclame-son-oreiller-pour-dormir-en-prison","status":"publish","type":"post","link":"https:\/\/www.europesays.com\/fr\/653404\/","title":{"rendered":"Apr\u00e8s avoir viol\u00e9 des \u00e9tudiantes \u00e0 Lille, il r\u00e9clame son \u00ab\u00a0oreiller\u00a0\u00bb pour dormir en prison"},"content":{"rendered":"<p>                    Par<br \/>\n        <strong><br \/>\n            <a href=\"https:\/\/actu.fr\/auteur\/redaction-lille\" title=\"Consulter tous les articles de R\u00e9daction Lille\" target=\"_blank\" rel=\"noopener\">R\u00e9daction Lille<\/a><br \/>\n                    <\/strong><\/p>\n<p>        Publi\u00e9 le<\/p>\n<p>            10 janv. 2026 \u00e0 6h02        <\/p>\n<p data-olk-copy-source=\"MessageBody\">Le rapporteur public a pr\u00e9conis\u00e9 au tribunal administratif, vendredi 9 janvier 2026, de <b>juger \u00ab\u00a0irrecevable\u00a0\u00bb<\/b> le <b>recours<\/b> d\u2019un habitant de <a href=\"https:\/\/actu.fr\/hauts-de-france\/loos_59360\" target=\"_blank\" rel=\"noopener\">Loos<\/a> (Nord) <b>condamn\u00e9 \u00e0 trente ans de r\u00e9clusion pour viol<\/b> et qui <b>voulait pouvoir utiliser son \u00ab\u00a0linge de lit\u00a0\u00bb et son \u00ab\u00a0oreiller\u00a0\u00bb<\/b> personnels lorsqu\u2019il \u00e9tait <b>incarc\u00e9r\u00e9 \u00e0 la prison<\/b> de <a href=\"https:\/\/actu.fr\/bretagne\/rennes_35238\" target=\"_blank\" rel=\"noopener\">Rennes<\/a>-Vezin (Ille-et-Vilaine).<\/p>\n<p aria-hidden=\"true\" class=\" wall-content\">\u00a0<\/p>\n<p>Le braconnier en maraude voulait son oreiller personnel en prison<\/p>\n<p class=\" wall-content\">Surnomm\u00e9 \u00ab\u00a0le <b>braconnier en maraude<\/b>\u00ab\u00a0, <b>Erwan Gouget<\/b> avait pr\u00e9cis\u00e9ment \u00e9t\u00e9 c<b>ondamn\u00e9 par la cour d\u2019assises<\/b> du <a href=\"https:\/\/actu.fr\/hauts-de-france\/nord_59\" target=\"_blank\" rel=\"noopener\">Nord<\/a> en<b> juin 2018<\/b> \u00e0 <b>27 ans de r\u00e9clusion<\/b> criminelle pour <b>trois viols et quatre tentatives<\/b> de viol \u00ab\u00a0avec arme\u00a0\u00bb <b>sur des \u00e9tudiantes<\/b> \u00e0 <a href=\"https:\/\/actu.fr\/hauts-de-france\/lille_59350\" target=\"_blank\" rel=\"noopener\">Lille<\/a> entre 2011 et 2012.<\/p>\n<p class=\" wall-content\">Il avait \u00e9t\u00e9 rejug\u00e9 en janvier 2020 par la cour d\u2019assises du <a href=\"https:\/\/actu.fr\/hauts-de-france\/pas-de-calais_62\" target=\"_blank\" rel=\"noopener\">Pas-de-Calais<\/a>, qui avait <b>alourdi sa peine \u00e0 trente ans de r\u00e9clusion<\/b>. Puis en novembre 2021, ce trentenaire avait \u00e9cop\u00e9 de <b>deux ans de prison suppl\u00e9mentaires pour des \u00ab\u00a0violences\u00a0\u00bb li\u00e9es<\/b> \u00e0 ces faits.<\/p>\n<p class=\" wall-content\">Dans ce cadre, alors qu\u2019il \u00e9tait d\u00e9tenu entre ao\u00fbt 2022 et juillet 2023 \u00e0 la prison de <a href=\"https:\/\/actu.fr\/bretagne\/vezin-le-coquet_35353\" target=\"_blank\" rel=\"noopener\">Vezin-le-Coquet<\/a>, pr\u00e8s de Rennes, il <b>avait demand\u00e9 que son \u00ab\u00a0linge de lit\u00a0\u00bb et son \u00ab\u00a0oreiller\u00a0\u00bb personnels soient \u00ab\u00a0mis \u00e0 disposition\u00a0\u00bb<\/b> dans sa cellule. Il soutenait en fait que ses \u00ab\u00a0probl\u00e8mes de sant\u00e9\u00a0\u00bb rendaient cette mesure n\u00e9cessaire et il avait m\u00eame fourni un \u00ab\u00a0certificat m\u00e9dical\u00a0\u00bb en ce sens.<\/p>\n<p class=\" wall-content\">Mais le <b>directeur du centre p\u00e9nitentiaire avait rejet\u00e9 sa demande<\/b> le 21 f\u00e9vrier 2023. Erwan Gouget avait alors saisi la justice administrative pour se faire remettre ses \u00ab\u00a0effets personnels\u00a0\u00bb sous \u00ab\u00a0quinze jours\u00a0\u00bb. Il <b>r\u00e9clamait \u00e9galement 1.500 \u20ac au centre p\u00e9nitentiaire<\/b> pour ses frais de justice.<\/p>\n<p aria-hidden=\"true\" class=\" wall-content\">\u00a0<\/p>\n<p>Votre r\u00e9gion, votre actu !<\/p>\n<p>Recevez chaque jour les infos qui comptent pour vous.<\/p>\n<p>\t<a href=\"https:\/\/actu.fr\/newsletter\" class=\"ac-btn ac-btn--corner ac-btn--medium ac-btn--blue800\" target=\"_blank\" rel=\"noopener\">S&rsquo;incrire<\/a><\/p>\n<p class=\" wall-content\">Reste que son <b>certificat m\u00e9dical est en r\u00e9alit\u00e9 \u00ab\u00a0tr\u00e8s peu circonstanci\u00e9\u00a0\u00bb<\/b> et n\u2019atteste pas d\u2019une \u00ab\u00a0n\u00e9cessit\u00e9 m\u00e9dicale\u00a0\u00bb, a fait observer le rapporteur public lors de l\u2019audience publique au tribunal administratif de Rennes ce vendredi 9 janvier 2026. Dans ces conditions, le refus oppos\u00e9 \u00e0 sa demande ne porte <b>aucune \u00ab\u00a0atteinte excessive\u00a0\u00bb \u00e0 ses \u00ab\u00a0libert\u00e9s\u00a0\u00bb<\/b> et constitue une simple \u00ab\u00a0mesure d\u2019ordre int\u00e9rieur\u00a0\u00bb qui n\u2019est \u00ab\u00a0pas susceptible de recours\u00a0\u00bb devant la justice administrative.<\/p>\n<p class=\" wall-content\">Le rapporteur public, dont les avis sont souvent suivis, a donc pr\u00e9conis\u00e9 aux juges rennais de rejeter pour \u00ab\u00a0irrecevabilit\u00e9\u00a0\u00bb la requ\u00eate d\u2019Erwan Gouget. Le tribunal administratif de Rennes, qui a mis sa <b>d\u00e9cision en d\u00e9lib\u00e9r\u00e9<\/b>, rendra son jugement dans les prochaines semaines.<\/p>\n<p class=\" wall-content\"><b>RB et GF (PressPepper)<\/b><\/p>\n<p class=\" wall-content\">Personnalisez votre actualit\u00e9 en ajoutant vos villes et m\u00e9dias en favori avec <a href=\"https:\/\/moncompte.actu.fr\" title=\"D\u00e9couvez Mon Actu\" rel=\"nofollow noopener\" data-trk=\"{&quot;cta&quot;:{&quot;action&quot;:&quot;https:\\\/\\\/moncompte.actu.fr&quot;,&quot;category&quot;:&quot;mon compte&quot;,&quot;from&quot;:&quot;article footer&quot;,&quot;name&quot;:&quot;Mon actu&quot;,&quot;type&quot;:&quot;cta&quot;}}\" target=\"_blank\">Mon Actu<\/a>.<\/p>\n","protected":false},"excerpt":{"rendered":"Par R\u00e9daction Lille Publi\u00e9 le 10 janv. 2026 \u00e0 6h02 Le rapporteur public a pr\u00e9conis\u00e9 au tribunal administratif,&hellip;\n","protected":false},"author":2,"featured_media":653405,"comment_status":"","ping_status":"","sticky":false,"template":"","format":"standard","meta":{"footnotes":""},"categories":[2815],"tags":[1111,11,1777,674,1011,27,811,303,1307,12,899,25,104],"class_list":{"0":"post-653404","1":"post","2":"type-post","3":"status-publish","4":"format-standard","5":"has-post-thumbnail","7":"category-lille","8":"tag-actu","9":"tag-actualites","10":"tag-eu","11":"tag-europe","12":"tag-fr","13":"tag-france","14":"tag-hauts-de-france","15":"tag-justice","16":"tag-lille","17":"tag-news","18":"tag-prisons","19":"tag-republique-francaise","20":"tag-societe"},"share_on_mastodon":{"url":"https:\/\/pubeurope.com\/@fr\/115869470118648526","error":""},"_links":{"self":[{"href":"https:\/\/www.europesays.com\/fr\/wp-json\/wp\/v2\/posts\/653404","targetHints":{"allow":["GET"]}}],"collection":[{"href":"https:\/\/www.europesays.com\/fr\/wp-json\/wp\/v2\/posts"}],"about":[{"href":"https:\/\/www.europesays.com\/fr\/wp-json\/wp\/v2\/types\/post"}],"author":[{"embeddable":true,"href":"https:\/\/www.europesays.com\/fr\/wp-json\/wp\/v2\/users\/2"}],"replies":[{"embeddable":true,"href":"https:\/\/www.europesays.com\/fr\/wp-json\/wp\/v2\/comments?post=653404"}],"version-history":[{"count":0,"href":"https:\/\/www.europesays.com\/fr\/wp-json\/wp\/v2\/posts\/653404\/revisions"}],"wp:featuredmedia":[{"embeddable":true,"href":"https:\/\/www.europesays.com\/fr\/wp-json\/wp\/v2\/media\/653405"}],"wp:attachment":[{"href":"https:\/\/www.europesays.com\/fr\/wp-json\/wp\/v2\/media?parent=653404"}],"wp:term":[{"taxonomy":"category","embeddable":true,"href":"https:\/\/www.europesays.com\/fr\/wp-json\/wp\/v2\/categories?post=653404"},{"taxonomy":"post_tag","embeddable":true,"href":"https:\/\/www.europesays.com\/fr\/wp-json\/wp\/v2\/tags?post=653404"}],"curies":[{"name":"wp","href":"https:\/\/api.w.org\/{rel}","templated":true}]}}