{"id":653408,"date":"2026-01-10T06:50:18","date_gmt":"2026-01-10T06:50:18","guid":{"rendered":"https:\/\/www.europesays.com\/fr\/653408\/"},"modified":"2026-01-10T06:50:18","modified_gmt":"2026-01-10T06:50:18","slug":"sebastien-delogu-depute-et-candidat-lfi-a-la-mairie-de-marseille-juge-en-juin-pour-recel-de-vol","status":"publish","type":"post","link":"https:\/\/www.europesays.com\/fr\/653408\/","title":{"rendered":"S\u00e9bastien Delogu, d\u00e9put\u00e9 et candidat LFI \u00e0 la mairie de Marseille, jug\u00e9 en juin pour recel de vol"},"content":{"rendered":"<p>Le d\u00e9put\u00e9 et candidat LFI \u00e0 la mairie de <a href=\"https:\/\/www.laprovence.com\/\" target=\"_blank\" rel=\"noopener\">Marseille<\/a> S\u00e9bastien Delogu sera jug\u00e9 en juin notamment pour recel de vol pour avoir diffus\u00e9 sur ses r\u00e9seaux sociaux des documents priv\u00e9s d&rsquo;un chef d&rsquo;entreprise fin 2024, a appris l&rsquo;AFP vendredi aupr\u00e8s du parquet.<\/p>\n<p>Il comparaitra devant le tribunal correctionnel de la deuxi\u00e8me ville de France le 9 juin pour \u00ab\u00a0recel de biens provenant d&rsquo;un vol\u00a0\u00bb, \u00ab\u00a0divulgation d&rsquo;informations personnelles permettant d&rsquo;identifier ou localiser une personne et exposant un risque direct d&rsquo;atteinte \u00e0 la personne\u00a0\u00bb et \u00ab\u00a0d&rsquo;atteinte au secret des correspondances\u00a0\u00bb, a d\u00e9taill\u00e9 le parquet de Marseille, confirmant une information initiale du Parisien.<\/p>\n<p>Plus d&rsquo;informations \u00e0 suivre&#8230;<\/p>\n","protected":false},"excerpt":{"rendered":"Le d\u00e9put\u00e9 et candidat LFI \u00e0 la mairie de Marseille S\u00e9bastien Delogu sera jug\u00e9 en juin notamment pour&hellip;\n","protected":false},"author":2,"featured_media":653409,"comment_status":"","ping_status":"","sticky":false,"template":"","format":"standard","meta":{"footnotes":""},"categories":[2814],"tags":[5734,1111,11,1102,426,17418,422,1777,674,274,1011,27,780,5415,884,12,882,25,17417],"class_list":{"0":"post-653408","1":"post","2":"type-post","3":"status-publish","4":"format-standard","5":"has-post-thumbnail","7":"category-marseille","8":"tag-5734","9":"tag-actu","10":"tag-actualites","11":"tag-breakingnews","12":"tag-candidat","13":"tag-delogu","14":"tag-depute","15":"tag-eu","16":"tag-europe","17":"tag-faits-divers-justice","18":"tag-fr","19":"tag-france","20":"tag-lfi","21":"tag-mairie","22":"tag-marseille","23":"tag-news","24":"tag-provence-alpes-cote-dazur","25":"tag-republique-francaise","26":"tag-sebastien"},"share_on_mastodon":{"url":"https:\/\/pubeurope.com\/@fr\/115869478296983867","error":""},"_links":{"self":[{"href":"https:\/\/www.europesays.com\/fr\/wp-json\/wp\/v2\/posts\/653408","targetHints":{"allow":["GET"]}}],"collection":[{"href":"https:\/\/www.europesays.com\/fr\/wp-json\/wp\/v2\/posts"}],"about":[{"href":"https:\/\/www.europesays.com\/fr\/wp-json\/wp\/v2\/types\/post"}],"author":[{"embeddable":true,"href":"https:\/\/www.europesays.com\/fr\/wp-json\/wp\/v2\/users\/2"}],"replies":[{"embeddable":true,"href":"https:\/\/www.europesays.com\/fr\/wp-json\/wp\/v2\/comments?post=653408"}],"version-history":[{"count":0,"href":"https:\/\/www.europesays.com\/fr\/wp-json\/wp\/v2\/posts\/653408\/revisions"}],"wp:featuredmedia":[{"embeddable":true,"href":"https:\/\/www.europesays.com\/fr\/wp-json\/wp\/v2\/media\/653409"}],"wp:attachment":[{"href":"https:\/\/www.europesays.com\/fr\/wp-json\/wp\/v2\/media?parent=653408"}],"wp:term":[{"taxonomy":"category","embeddable":true,"href":"https:\/\/www.europesays.com\/fr\/wp-json\/wp\/v2\/categories?post=653408"},{"taxonomy":"post_tag","embeddable":true,"href":"https:\/\/www.europesays.com\/fr\/wp-json\/wp\/v2\/tags?post=653408"}],"curies":[{"name":"wp","href":"https:\/\/api.w.org\/{rel}","templated":true}]}}