{"id":653410,"date":"2026-01-10T06:51:09","date_gmt":"2026-01-10T06:51:09","guid":{"rendered":"https:\/\/www.europesays.com\/fr\/653410\/"},"modified":"2026-01-10T06:51:09","modified_gmt":"2026-01-10T06:51:09","slug":"marseille-cet-artisan-se-bat-pour-travailler-sur-le-vieux-port-je-me-sens-discrimine","status":"publish","type":"post","link":"https:\/\/www.europesays.com\/fr\/653410\/","title":{"rendered":"Marseille. Cet artisan se bat pour travailler sur le Vieux-Port : \u00ab\u00a0Je me sens discrimin\u00e9\u00a0\u00bb"},"content":{"rendered":"<p>                    Par<br \/>\n        <strong><br \/>\n            <a href=\"https:\/\/actu.fr\/auteur\/thibault-nadal-actu-fr\" title=\"Consulter tous les articles de Thibault Nadal\" target=\"_blank\" rel=\"noopener\">Thibault Nadal<\/a><br \/>\n                    <\/strong><\/p>\n<p>        Publi\u00e9 le<\/p>\n<p>            10 janv. 2026 \u00e0 6h14        <\/p>\n<p>C\u2019est une situation qu\u2019il d\u00e9crit lui-m\u00eame comme <strong>\u00ab\u2009une injustice\u2009\u00bb<\/strong>. Celle de ne pas pouvoir exercer librement \u00ab\u2009son m\u00e9tier\u2009\u00bb. Dans le monde de la barbe \u00e0 papa et des confiseries, Dino, connu sous le nom de \u00ab\u2009Ouidino\u2009\u00bb est une petite star, fort d\u2019une importante communaut\u00e9 sur <a href=\"https:\/\/actu.fr\/tag\/reseaux-sociaux\" target=\"_blank\" rel=\"noopener\">les r\u00e9seaux sociaux<\/a>. Mais en coulisses, la vie de l\u2019homme de 29\u00a0ans n\u2019est pas toute rose. Il se bat depuis des ann\u00e9es avec la mairie pour obtenir un emplacement sur le <a href=\"https:\/\/actu.fr\/tag\/vieux-port\" target=\"_blank\" rel=\"noopener\">Vieux-Port<\/a> de <a href=\"https:\/\/actu.fr\/marseille\/\" target=\"_blank\" rel=\"noopener\">Marseille<\/a>.<\/p>\n<p>Un ph\u00e9nom\u00e8ne sur TikTok<\/p>\n<p class=\" wall-content\">Pour Dino, le Vieux-Port est <strong>\u00ab\u2009le meilleur endroit pour vendre ses cr\u00e9ations\u2009\u00bb <\/strong>avec des touristes friands \u00ab\u2009de nouveaux concepts\u2009\u00bb. \u00ab\u2009C\u2019est le premier endroit o\u00f9 ils vont quand ils arrivent \u00e0 Marseille\u2009\u00bb, assure-t-il.<\/p>\n<p class=\" wall-content\">Et c\u2019est l\u00e0 que \u00ab\u2009le spectacle commence\u2009\u00bb. Car sur son triporteur rose, \u00ab\u2009comme la barbe \u00e0 papa\u2009\u00bb, achet\u00e9 avec des \u00e9conomies, Dino ne vend pas seulement cette confiserie. Il propose tout un show autour, avec de la musique, des animations et des cr\u00e9ations plus atypiques les unes que les autres.<\/p>\n<blockquote class=\"tiktok-embed\" cite=\"https:\/\/www.tiktok.com\/@oui_dino\/video\/7582564789268794646\" data-video-id=\"7582564789268794646\" data-embed-from=\"oembed\" style=\"max-width:605px; min-width:325px;\"><p>\n<a target=\"_blank\" title=\"@oui_dino\" href=\"https:\/\/www.tiktok.com\/@oui_dino?refer=embed\" rel=\"noopener\">@oui_dino<\/a> <\/p>\n<p>PIKA PIKA PIKACHUUUUUU EN BARBE \u00c1 PAPA DISPO \ud83d\udc9b\ud83e\udef6\ud83c\udffb @Jul &amp; @Nazaofficiel  <a title=\"\u0634\u0639\u0628_\u0627\u0644\u0635\u064a\u0646\u064a_\u0645\u0627\u0644\u0647_\u062d\u0644\ud83d\ude02\ud83d\ude02\" target=\"_blank\" href=\"https:\/\/www.tiktok.com\/tag\/%D8%B4%D8%B9%D8%A8_%D8%A7%D9%84%D8%B5%D9%8A%D9%86%D9%8A_%D9%85%D8%A7%D9%84%D9%87_%D8%AD%D9%84%F0%9F%98%82%F0%9F%98%82?refer=embed\" rel=\"noopener\">#\u0634\u0639\u0628_\u0627\u0644\u0635\u064a\u0646\u064a_\u0645\u0627\u0644\u0647_\u062d\u0644\ud83d\ude02\ud83d\ude02<\/a>  <a title=\"pikachu\" target=\"_blank\" href=\"https:\/\/www.tiktok.com\/tag\/pikachu?refer=embed\" rel=\"noopener\">#pikachu<\/a>  <a title=\"\ud83c\udde9\ud83c\uddff\" target=\"_blank\" href=\"https:\/\/www.tiktok.com\/tag\/%F0%9F%87%A9%F0%9F%87%BF?refer=embed\" rel=\"noopener\">#\ud83c\udde9\ud83c\uddff<\/a>  <a title=\"marseille\" target=\"_blank\" href=\"https:\/\/www.tiktok.com\/tag\/marseille?refer=embed\" rel=\"noopener\">#marseille<\/a>  <a title=\"\u062c\u0632\u0627\u0626\u0631\u064a\" target=\"_blank\" href=\"https:\/\/www.tiktok.com\/tag\/%D8%AC%D8%B2%D8%A7%D8%A6%D8%B1%D9%8A?refer=embed\" rel=\"noopener\">#\u062c\u0632\u0627\u0626\u0631\u064a<\/a> <\/p>\n<p> <a target=\"_blank\" title=\"\u266c Je suis love - JUL\" href=\"https:\/\/www.tiktok.com\/music\/Je-suis-love-7578807070683826193?refer=embed\" rel=\"noopener\">\u266c Je suis love \u2013 JUL<\/a> <\/p>\n<\/blockquote>\n<p class=\" wall-content\">Depuis Ses d\u00e9buts en 2020, le natif de Sidi Bel Abb\u00e8s en <a href=\"https:\/\/actu.fr\/tag\/algerie\" target=\"_blank\" rel=\"noopener\">Alg\u00e9rie<\/a> a r\u00e9ussi \u00e0 se faire un nom gr\u00e2ce \u00e0 ses \u00ab\u2009cr\u00e9ations artisanales\u2009\u00bb et sa popularit\u00e9 sur <a href=\"https:\/\/actu.fr\/tag\/tiktok\" target=\"_blank\" rel=\"noopener\">TikTok<\/a>.<\/p>\n<p>Aucun dialogue avec la mairie<\/p>\n<p class=\" wall-content\">Mais d\u00e9but 2023, apr\u00e8s deux ans \u00e0 travailler librement dans l\u2019\u00e9picentre de Marseille, son destin est fauch\u00e9 en plein vol. \u00ab\u2009La Ville a d\u00e9cid\u00e9 d\u2019interdire les vendeurs ambulants sur le Vieux-Port\u2009\u00bb, explique-t-il. Depuis Dino se bat pour obtenir une autorisation afin <strong>d\u2019exercer le week-end et durant <\/strong><strong>les vacances scolaires<\/strong>.<\/p>\n<p class=\" wall-content\">\u00ab\u2009J\u2019ai commenc\u00e9 \u00e0 les appeler, mais je n\u2019ai jamais r\u00e9ussi \u00e0 avoir de r\u00e9ponse nette\u2009\u00bb, poursuit l\u2019homme de 29\u00a0ans. Lass\u00e9 de se faire balader depuis trois ans, il a choisi de lancer une <a href=\"https:\/\/www.change.org\/p\/accorder-un-emplacement-pour-candy-big-mom-au-vieux-port?source_location=search\" target=\"_blank\" rel=\"noopener\">p\u00e9tition<\/a> pour r\u00e9v\u00e9ler sa situation. Elle totalise <strong>plus de 500 signatures<\/strong> \u00e0 ce jour.<\/p>\n<p>Votre r\u00e9gion, votre actu !<\/p>\n<p>Recevez chaque jour les infos qui comptent pour vous.<\/p>\n<p>\t<a href=\"https:\/\/actu.fr\/newsletter\" class=\"ac-btn ac-btn--corner ac-btn--medium ac-btn--blue800\" target=\"_blank\" rel=\"noopener\">S&rsquo;incrire<\/a><br \/>\n\u00ab\u2009Tu travailles avec la boule au ventre\u2009\u00bb<\/p>\n<p class=\" wall-content\">Surtout, derri\u00e8re son sourire qui ne le quitte pas et sa bonne humeur contagieuse sur ses live TikTok, Dino vit des moments plus que difficiles. \u00ab\u2009Je me sens discrimin\u00e9 et je trouve \u00e7a injuste que la Ville ne regarde pas les projets innovants des jeunes Marseillais.\u2009\u00bb<\/p>\n<p class=\" wall-content\">D\u00e9sireux \u00ab\u2009de travailler\u2009\u00bb, il tente tout de m\u00eame de se rendre sur le Vieux-Port. Mais sur place, ces ventes servent juste \u00e0 payer les amendes qu\u2019il re\u00e7oit.<\/p>\n<blockquote class=\"ac-article-quote wall-content\">\n<p>Tout ce que je gagne sert \u00e0 payer mes amendes. Il me reste que 200 euros \u00e0 la fin du mois, c&rsquo;est horrible.<\/p>\n<p>    <strong>Dino<\/strong><br \/>\n        Artisan    <\/p><\/blockquote>\n<p class=\" wall-content\">Malgr\u00e9 son entrain, il confie avoir de plus en plus de mal \u00e0 venir exercer son m\u00e9tier. \u00ab\u2009Je travaille avec la boule au ventre, la peur de croiser la police et de prendre des amendes\u2009\u00bb, avoue-t-il.<\/p>\n<p>La Ville ne d\u00e9livre pas d\u2019autorisation pour les vendeurs ambulants<\/p>\n<p class=\" wall-content\">Mais reconnaissant de la chance qu\u2019il a, celui qui a beaucoup gal\u00e9r\u00e9 apr\u00e8s son arriv\u00e9e d\u2019Alg\u00e9rie \u00e0 l\u2019\u00e2ge de 18\u00a0ans ne compte\u00a0pas baisser les bras.<\/p>\n<p class=\" wall-content\">\u00ab\u2009Je souhaite vivre de mon activit\u00e9 et <strong>je vais me battre tr\u00e8s fort<\/strong> pour obtenir cette autorisation d\u2019exercer.\u2009\u00bb Pour cela, il esp\u00e8re avoir la chance de pouvoir pr\u00e9senter son projet \u00e0 la municipalit\u00e9.<\/p>\n<p class=\" wall-content\">Lui qui avait entrevu le bout du tunnel en juillet dernier apr\u00e8s <a href=\"https:\/\/www.tiktok.com\/@oui_dino\/video\/7524184757052198166\" target=\"_blank\" rel=\"noopener\">une vid\u00e9o qui avait buzz\u00e9 sur TikTok<\/a> o\u00f9 il interpellait le maire (DVG), <a href=\"https:\/\/actu.fr\/tag\/benoit-payan\" target=\"_blank\" rel=\"noopener\">Beno\u00eet Payan<\/a> sur son quotidien. La mairie l\u2019avait alors contact\u00e9, comme a pu le constater actu Marseille. Mais depuis, silence radio du c\u00f4t\u00e9 de l\u2019H\u00f4tel de Ville.<\/p>\n<p class=\" wall-content\">Contact\u00e9e par notre r\u00e9daction, la Ville affirme avoir \u00e9chang\u00e9 avec Dino, mais que lors de sa premi\u00e8re demande, \u00ab\u2009il n\u2019y avait <strong>pas d\u2019emplacement fixe \u00e0 attribuer<\/strong> sur le secteur du Vieux-Port\u2009\u00bb. Pour en avoir, elle explique qu\u2019il est \u00ab\u2009n\u00e9cessaire de r\u00e9pondre \u00e0 un appel \u00e0 manifestation d\u2019int\u00e9r\u00eat (AMI)\u2009\u00bb lorsque \u00ab\u2009la Ville lance ce type d\u2019appels pour occuper de nouveaux emplacements, dont certains en centre-ville\u2009\u00bb.<\/p>\n<p class=\" wall-content\">\u00ab\u2009Concernant la vente strictement ambulante (mais qui implique notamment de ne pas s\u2019arr\u00eater\/stationner), <strong>il ne s\u2019agit pas d\u2019une autorisation municipale<\/strong>\u2009\u00bb, nous fait savoir la municipalit\u00e9.<\/p>\n<p class=\" wall-content\">Face aux demandes r\u00e9p\u00e9t\u00e9es de Dino, la Ville \u00ab\u2009va de nouveau prendre attache avec lui afin de lui repr\u00e9ciser ces \u00e9l\u00e9ments et lui apporter toutes les informations utiles\u2009\u00bb.<\/p>\n<p class=\" wall-content\">Personnalisez votre actualit\u00e9 en ajoutant vos villes et m\u00e9dias en favori avec <a href=\"https:\/\/moncompte.actu.fr\" title=\"D\u00e9couvez Mon Actu\" rel=\"nofollow noopener\" data-trk=\"{&quot;cta&quot;:{&quot;action&quot;:&quot;https:\\\/\\\/moncompte.actu.fr&quot;,&quot;category&quot;:&quot;mon compte&quot;,&quot;from&quot;:&quot;article footer&quot;,&quot;name&quot;:&quot;Mon actu&quot;,&quot;type&quot;:&quot;cta&quot;}}\" target=\"_blank\">Mon Actu<\/a>.<\/p>\n<p>                    <script async src=\"\/\/www.tiktok.com\/embed.js\"><\/script><\/p>\n","protected":false},"excerpt":{"rendered":"Par Thibault Nadal Publi\u00e9 le 10 janv. 2026 \u00e0 6h14 C\u2019est une situation qu\u2019il d\u00e9crit lui-m\u00eame comme \u00ab\u2009une&hellip;\n","protected":false},"author":2,"featured_media":653411,"comment_status":"","ping_status":"","sticky":false,"template":"","format":"standard","meta":{"footnotes":""},"categories":[2814],"tags":[1111,11,215,1777,674,1011,27,884,12,882,25,938,104,1179],"class_list":{"0":"post-653410","1":"post","2":"type-post","3":"status-publish","4":"format-standard","5":"has-post-thumbnail","7":"category-marseille","8":"tag-actu","9":"tag-actualites","10":"tag-commerce","11":"tag-eu","12":"tag-europe","13":"tag-fr","14":"tag-france","15":"tag-marseille","16":"tag-news","17":"tag-provence-alpes-cote-dazur","18":"tag-republique-francaise","19":"tag-reseaux-sociaux","20":"tag-societe","21":"tag-vieux-port"},"share_on_mastodon":{"url":"https:\/\/pubeurope.com\/@fr\/115869482372031347","error":""},"_links":{"self":[{"href":"https:\/\/www.europesays.com\/fr\/wp-json\/wp\/v2\/posts\/653410","targetHints":{"allow":["GET"]}}],"collection":[{"href":"https:\/\/www.europesays.com\/fr\/wp-json\/wp\/v2\/posts"}],"about":[{"href":"https:\/\/www.europesays.com\/fr\/wp-json\/wp\/v2\/types\/post"}],"author":[{"embeddable":true,"href":"https:\/\/www.europesays.com\/fr\/wp-json\/wp\/v2\/users\/2"}],"replies":[{"embeddable":true,"href":"https:\/\/www.europesays.com\/fr\/wp-json\/wp\/v2\/comments?post=653410"}],"version-history":[{"count":0,"href":"https:\/\/www.europesays.com\/fr\/wp-json\/wp\/v2\/posts\/653410\/revisions"}],"wp:featuredmedia":[{"embeddable":true,"href":"https:\/\/www.europesays.com\/fr\/wp-json\/wp\/v2\/media\/653411"}],"wp:attachment":[{"href":"https:\/\/www.europesays.com\/fr\/wp-json\/wp\/v2\/media?parent=653410"}],"wp:term":[{"taxonomy":"category","embeddable":true,"href":"https:\/\/www.europesays.com\/fr\/wp-json\/wp\/v2\/categories?post=653410"},{"taxonomy":"post_tag","embeddable":true,"href":"https:\/\/www.europesays.com\/fr\/wp-json\/wp\/v2\/tags?post=653410"}],"curies":[{"name":"wp","href":"https:\/\/api.w.org\/{rel}","templated":true}]}}