{"id":653430,"date":"2026-01-10T07:02:09","date_gmt":"2026-01-10T07:02:09","guid":{"rendered":"https:\/\/www.europesays.com\/fr\/653430\/"},"modified":"2026-01-10T07:02:09","modified_gmt":"2026-01-10T07:02:09","slug":"les-etats-unis-qualifient-les-accusations-iraniennes-dingerence-de-delirantes","status":"publish","type":"post","link":"https:\/\/www.europesays.com\/fr\/653430\/","title":{"rendered":"Les \u00c9tats-Unis qualifient les accusations iraniennes d&rsquo;ing\u00e9rence de \u00ab\u00a0d\u00e9lirantes\u00a0\u00bb"},"content":{"rendered":"<p>Un mouvement de contestation grandissant secoue actuellement la R\u00e9publique islamique d&rsquo;Iran. Le ministre iranien des Affaires \u00e9trang\u00e8res a affirm\u00e9 que les \u00c9tats-Unis alimentaient la mobilisation.<\/p>\n<p>Washington a qualifi\u00e9 vendredi 9 janvier les accusations iraniennes d&rsquo;ing\u00e9rence de \u00ab\u00a0d\u00e9lirantes\u00a0\u00bb, apr\u00e8s que le ministre iranien des Affaires \u00e9trang\u00e8res a affirm\u00e9 que les \u00c9tats-Unis alimentaient <a href=\"https:\/\/www.bfmtv.com\/international\/moyen-orient\/iran\/au-moins-45-manifestants-tues-en-iran-depuis-le-debut-de-la-contestation-internet-coupe-a-l-echelle-nationale_AD-202601080943.html\" title=\"Au moins 45 manifestants tu\u00e9s en Iran depuis le d\u00e9but de la contestation, internet coup\u00e9 &quot;\u00e0 l&#039;\u00e9chelle nationale&quot;\" class=\"internal_link\" target=\"_blank\" rel=\"noopener\">le mouvement de contestation grandissant qui secoue la R\u00e9publique islamique.<\/a><\/p>\n<p>\u00ab\u00a0Cette d\u00e9claration refl\u00e8te une tentative d\u00e9lirante de d\u00e9tourner l&rsquo;attention des d\u00e9fis consid\u00e9rables auxquels le r\u00e9gime iranien est confront\u00e9 dans son pays\u00a0\u00bb, a d\u00e9clar\u00e9 un porte-parole du d\u00e9partement d&rsquo;\u00c9tat am\u00e9ricain dans un communiqu\u00e9, en r\u00e9ponse aux commentaires du ministre des Affaires \u00e9trang\u00e8res Abbas Araghchi lors d&rsquo;une visite au Liban.<\/p>\n<p>Des Iraniens ont d\u00e9fil\u00e9 dans plusieurs villes dont T\u00e9h\u00e9ran vendredi soir, au treizi\u00e8me jour du plus important mouvement de contestation contre le pouvoir depuis plus de trois ans qui a pouss\u00e9 les autorit\u00e9s de la R\u00e9publique islamique \u00e0 imposer une coupure nationale d&rsquo;internet.<\/p>\n<p>De \u00ab\u00a0gros probl\u00e8mes\u00a0\u00bb en Iran, selon Trump<\/p>\n<p>\u00ab\u00a0Il me semble que le peuple est en train de prendre le contr\u00f4le de certaines villes, ce que personne n&rsquo;aurait cru possible il y a encore quelques semaines\u00a0\u00bb, a affirm\u00e9 le pr\u00e9sident am\u00e9ricain Donald Trump, en estimant que l&rsquo;Iran avait \u00ab\u00a0de gros probl\u00e8mes\u00a0\u00bb.<\/p>\n<p>La veille, il avait de nouveau menac\u00e9 de \u00ab\u00a0frapper tr\u00e8s fort\u00a0\u00bb l&rsquo;Iran si les autorit\u00e9s r\u00e9agissaient en tuant des manifestants.<\/p>\n<p>Le guide supr\u00eame iranien, l&rsquo;ayatollah Ali Khamenei, a averti vendredi que son pays ne \u00ab\u00a0reculerait pas\u00a0\u00bb face \u00e0 la contestation qui d\u00e9fie la R\u00e9publique islamique, en place depuis 1979.<\/p>\n<p>Au moins 51 manifestants, dont neuf enfants, ont \u00e9t\u00e9 tu\u00e9s et des centaines d&rsquo;autres bless\u00e9s \u00e0 travers l&rsquo;Iran depuis le d\u00e9but le 28 d\u00e9cembre de la contestation, a d\u00e9nombr\u00e9 vendredi l&rsquo;ONG Iran Human Rights, bas\u00e9e en Norv\u00e8ge.<\/p>\n","protected":false},"excerpt":{"rendered":"Un mouvement de contestation grandissant secoue actuellement la R\u00e9publique islamique d&rsquo;Iran. Le ministre iranien des Affaires \u00e9trang\u00e8res a&hellip;\n","protected":false},"author":2,"featured_media":653431,"comment_status":"","ping_status":"","sticky":false,"template":"","format":"standard","meta":{"footnotes":""},"categories":[1589],"tags":[11,73,1866,12,1864,1865,1863,308],"class_list":{"0":"post-653430","1":"post","2":"type-post","3":"status-publish","4":"format-standard","5":"has-post-thumbnail","7":"category-etats-unis","8":"tag-actualites","9":"tag-etats-unis","10":"tag-etats-unis-damerique","11":"tag-news","12":"tag-united-states","13":"tag-united-states-of-america","14":"tag-us","15":"tag-usa"},"share_on_mastodon":{"url":"https:\/\/pubeurope.com\/@fr\/115869525154134106","error":""},"_links":{"self":[{"href":"https:\/\/www.europesays.com\/fr\/wp-json\/wp\/v2\/posts\/653430","targetHints":{"allow":["GET"]}}],"collection":[{"href":"https:\/\/www.europesays.com\/fr\/wp-json\/wp\/v2\/posts"}],"about":[{"href":"https:\/\/www.europesays.com\/fr\/wp-json\/wp\/v2\/types\/post"}],"author":[{"embeddable":true,"href":"https:\/\/www.europesays.com\/fr\/wp-json\/wp\/v2\/users\/2"}],"replies":[{"embeddable":true,"href":"https:\/\/www.europesays.com\/fr\/wp-json\/wp\/v2\/comments?post=653430"}],"version-history":[{"count":0,"href":"https:\/\/www.europesays.com\/fr\/wp-json\/wp\/v2\/posts\/653430\/revisions"}],"wp:featuredmedia":[{"embeddable":true,"href":"https:\/\/www.europesays.com\/fr\/wp-json\/wp\/v2\/media\/653431"}],"wp:attachment":[{"href":"https:\/\/www.europesays.com\/fr\/wp-json\/wp\/v2\/media?parent=653430"}],"wp:term":[{"taxonomy":"category","embeddable":true,"href":"https:\/\/www.europesays.com\/fr\/wp-json\/wp\/v2\/categories?post=653430"},{"taxonomy":"post_tag","embeddable":true,"href":"https:\/\/www.europesays.com\/fr\/wp-json\/wp\/v2\/tags?post=653430"}],"curies":[{"name":"wp","href":"https:\/\/api.w.org\/{rel}","templated":true}]}}