{"id":653438,"date":"2026-01-10T07:06:11","date_gmt":"2026-01-10T07:06:11","guid":{"rendered":"https:\/\/www.europesays.com\/fr\/653438\/"},"modified":"2026-01-10T07:06:11","modified_gmt":"2026-01-10T07:06:11","slug":"malgre-lapprobation-de-laccord-avec-le-mercosur-par-lue-les-actions-des-agriculteurs-continuent","status":"publish","type":"post","link":"https:\/\/www.europesays.com\/fr\/653438\/","title":{"rendered":"Malgr\u00e9 l&rsquo;approbation de l&rsquo;accord avec le Mercosur par l&rsquo;UE, les actions des agriculteurs continuent"},"content":{"rendered":"<p>Malgr\u00e9 l&rsquo;approbation de l&rsquo;accord avec le Mercosur par l&rsquo;UE, les actions des agriculteurs continuentSur le m\u00eame sujet<a href=\"https:\/\/www.bfmtv.com\/societe\/video-une-nouvelle-reglementation-europeenne-oblige-les-pecheurs-a-declarer-leurs-prises_VN-202601100150.html\" title=\"Une nouvelle r\u00e8glementation europ\u00e9enne oblige les p\u00eacheurs \u00e0 d\u00e9clarer leurs prises\" target=\"_blank\" rel=\"noopener\"><img width=\"16\" height=\"9\" class=\"lozad\"  alt=\"Une nouvelle r\u00e8glementation europ\u00e9enne oblige les p\u00eacheurs \u00e0 d\u00e9clarer leurs prises\"\/>1:16Une nouvelle r\u00e8glementation europ\u00e9enne oblige les p\u00eacheurs \u00e0 d\u00e9clarer leurs prises<\/a><a href=\"https:\/\/www.bfmtv.com\/societe\/video-c-est-votre-vie-faut-il-laisser-la-feve-aux-enfants_VN-202601100140.html\" title=\"C&#039;est votre vie - Faut-il laisser la f\u00e8ve aux enfants \" target=\"_blank\" rel=\"noopener\"><img width=\"16\" height=\"9\" class=\"lozad\"  alt=\"C'est votre vie - Faut-il laisser la f\u00e8ve aux enfants \"\/>2:49C&rsquo;est votre vie &#8211; Faut-il laisser la f\u00e8ve aux enfants<\/a><a href=\"https:\/\/www.bfmtv.com\/societe\/video-apres-un-nouvel-accident-l-enquete-bfmtv-sur-le-rythme-de-travail-des-chauffeurs-vtc_VN-202601100126.html\" title=\"Apr\u00e8s un nouvel accident, l&#039;enqu\u00eate BFMTV sur le rythme de travail des chauffeurs VTC\" target=\"_blank\" rel=\"noopener\"><img width=\"16\" height=\"9\" class=\"lozad\"  alt=\"Apr\u00e8s un nouvel accident, l'enqu\u00eate BFMTV sur le rythme de travail des chauffeurs VTC\"\/>1:24Apr\u00e8s un nouvel accident, l&rsquo;enqu\u00eate BFMTV sur le rythme de travail des chauffeurs VTC<\/a><a href=\"https:\/\/www.bfmtv.com\/societe\/video-thomas-coville-se-confie-a-bfmtv-a-l-approche-du-cap-hor_VN-202601100120.html\" title=\"Thomas Coville, se confie \u00e0 BFMTV \u00e0 l&#039;approche du Cap Hor\" target=\"_blank\" rel=\"noopener\"><img width=\"16\" height=\"9\" class=\"lozad\"  alt=\"Thomas Coville, se confie \u00e0 BFMTV \u00e0 l'approche du Cap Hor\"\/>1:24Thomas Coville, se confie \u00e0 BFMTV \u00e0 l&rsquo;approche du Cap Hor<\/a><a href=\"https:\/\/www.bfmtv.com\/societe\/video-les-premieres-images-du-camp-de-base-des-bleus-pour-le-mondial-2026_VN-202601100119.html\" title=\"Les premi\u00e8res images du camp de base des Bleus pour le Mondial 2026\" target=\"_blank\" rel=\"noopener\"><img width=\"16\" height=\"9\" class=\"lozad\"  alt=\"Les premi\u00e8res images du camp de base des Bleus pour le Mondial 2026\"\/>0:36Les premi\u00e8res images du camp de base des Bleus pour le Mondial 2026<\/a><a href=\"https:\/\/www.bfmtv.com\/international\/moyen-orient\/iran\/video-malgre-la-repression-les-manifestations-contre-le-regime-continuent-en-iran_VN-202601100116.html\" title=\"Malgr\u00e9 la r\u00e9pression, les manifestations contre le r\u00e9gime continuent en Iran\" target=\"_blank\" rel=\"noopener\"><img width=\"16\" height=\"9\" class=\"lozad\"  alt=\"Malgr\u00e9 la r\u00e9pression, les manifestations contre le r\u00e9gime continuent en Iran\"\/>1:24Malgr\u00e9 la r\u00e9pression, les manifestations contre le r\u00e9gime continuent en Iran<\/a><a href=\"https:\/\/www.bfmtv.com\/societe\/greves\/video-les-raisons-de-la-greve-des-medecins_VN-202601100112.html\" title=\"Les raisons de la gr\u00e8ve des m\u00e9decins\" target=\"_blank\" rel=\"noopener\"><img width=\"16\" height=\"9\" class=\"lozad\"  alt=\"Les raisons de la gr\u00e8ve des m\u00e9decins\"\/>1:36Les raisons de la gr\u00e8ve des m\u00e9decins<\/a><a href=\"https:\/\/www.bfmtv.com\/societe\/video-malgre-l-approbation-de-l-accord-avec-le-mercosur-par-l-ue-les-actions-des-agriculteurs-continuent_VN-202601100110.html\" title=\"Malgr\u00e9 l&#039;approbation de l&#039;accord avec le Mercosur par l&#039;UE, les actions des agriculteurs continuent \" target=\"_blank\" rel=\"noopener\"><img width=\"16\" height=\"9\" class=\"lozad\"  alt=\"Malgr\u00e9 l'approbation de l'accord avec le Mercosur par l'UE, les actions des agriculteurs continuent \"\/>en lectureMalgr\u00e9 l&rsquo;approbation de l&rsquo;accord avec le Mercosur par l&rsquo;UE, les actions des agriculteurs continuent<\/a><a href=\"https:\/\/www.bfmtv.com\/international\/moyen-orient\/iran\/video-manifestations-en-iran-trump-a-declare-que-les-etats-unis-suivaient-la-situation-de-tres-pres_VN-202601090982.html\" title=\"Manifestations en Iran: Trump a d\u00e9clar\u00e9 que les \u00c9tats-Unis &quot;suivaient la situation de tr\u00e8s pr\u00e8s&quot;\" target=\"_blank\" rel=\"noopener\"><img width=\"16\" height=\"9\" class=\"lozad\"  alt=\"Manifestations en Iran: Trump a d\u00e9clar\u00e9 que les \u00c9tats-Unis &quot;suivaient la situation de tr\u00e8s pr\u00e8s&quot;\"\/>7:52Manifestations en Iran: Trump a d\u00e9clar\u00e9 que les \u00c9tats-Unis \u00ab\u00a0suivaient la situation de tr\u00e8s pr\u00e8s\u00a0\u00bb<\/a><a href=\"https:\/\/www.bfmtv.com\/societe\/video-apres-la-tempete-goretti-les-habitants-constatent-les-degats_VN-202601090960.html\" title=\"Apr\u00e8s la temp\u00eate Goretti, les habitants constatent les d\u00e9g\u00e2ts\" target=\"_blank\" rel=\"noopener\"><img width=\"16\" height=\"9\" class=\"lozad\"  alt=\"Apr\u00e8s la temp\u00eate Goretti, les habitants constatent les d\u00e9g\u00e2ts\"\/>1:43Apr\u00e8s la temp\u00eate Goretti, les habitants constatent les d\u00e9g\u00e2ts<\/a><a href=\"https:\/\/www.bfmtv.com\/societe\/video-la-maison-est-coupee-en-deux-par-un-arbre-dans-l-oise-une-maison-a-ete-eventree-par-un-arbre-apres-la-tempete-goretti_VN-202601090930.html\" title=\"&quot;La maison est coup\u00e9e en deux par un arbre&quot;: dans l&#039;Oise, une maison a \u00e9t\u00e9 \u00e9ventr\u00e9e par un arbre apr\u00e8s la temp\u00eate Goretti\" target=\"_blank\" rel=\"noopener\"><img width=\"16\" height=\"9\" class=\"lozad\"  alt=\"&quot;La maison est coup\u00e9e en deux par un arbre&quot;: dans l'Oise, une maison a \u00e9t\u00e9 \u00e9ventr\u00e9e par un arbre apr\u00e8s la temp\u00eate Goretti\"\/>2:08&Prime;La maison est coup\u00e9e en deux par un arbre\u00a0\u00bb: dans l&rsquo;Oise, une maison a \u00e9t\u00e9 \u00e9ventr\u00e9e par un arbre apr\u00e8s la temp\u00eate Goretti<\/a><a href=\"https:\/\/www.bfmtv.com\/societe\/video-tempete-goretti-176-000-foyers-sont-toujours-prives-d-electricite_VN-202601090910.html\" title=\"Temp\u00eate Goretti: 176.000 foyers sont toujours priv\u00e9s d&#039;\u00e9lectricit\u00e9\" target=\"_blank\" rel=\"noopener\"><img width=\"16\" height=\"9\" class=\"lozad\"  alt=\"Temp\u00eate Goretti: 176.000 foyers sont toujours priv\u00e9s d'\u00e9lectricit\u00e9\"\/>0:32Temp\u00eate Goretti: 176.000 foyers sont toujours priv\u00e9s d&rsquo;\u00e9lectricit\u00e9<\/a><a href=\"https:\/\/www.bfmtv.com\/societe\/video-colere-agricole-aujourd-hui-il-y-a-beaucoup-de-flou-denonce-luc-smessaert-vice-president-de-la-fnsea_VN-202601090905.html\" title=\"Col\u00e8re agricole: &quot;Aujourd&#039;hui, il y a beaucoup de flou&quot;, d\u00e9nonce Luc Smessaert, vice-pr\u00e9sident de la FNSEA\" target=\"_blank\" rel=\"noopener\"><img width=\"16\" height=\"9\" class=\"lozad\"  alt=\"Col\u00e8re agricole: &quot;Aujourd'hui, il y a beaucoup de flou&quot;, d\u00e9nonce Luc Smessaert, vice-pr\u00e9sident de la FNSEA\"\/>2:00Col\u00e8re agricole: \u00ab\u00a0Aujourd&rsquo;hui, il y a beaucoup de flou\u00a0\u00bb, d\u00e9nonce Luc Smessaert, vice-pr\u00e9sident de la FNSEA<\/a><a href=\"https:\/\/www.bfmtv.com\/economie\/video-le-mercosur-est-bon-pour-l-economie-francaise-explique-bruno-grandjean-president-du-groupe-industriel-redex_VN-202601090813.html\" title=\"&quot;Le Mercosur est bon pour l&#039;\u00e9conomie fran\u00e7aise&quot;, explique Bruno Grandjean, pr\u00e9sident du groupe industriel REDEX\" target=\"_blank\" rel=\"noopener\"><img width=\"16\" height=\"9\" class=\"lozad\"  alt=\"&quot;Le Mercosur est bon pour l'\u00e9conomie fran\u00e7aise&quot;, explique Bruno Grandjean, pr\u00e9sident du groupe industriel REDEX\"\/>1:34&Prime;Le Mercosur est bon pour l&rsquo;\u00e9conomie fran\u00e7aise\u00a0\u00bb, explique Bruno Grandjean, pr\u00e9sident du groupe industriel REDEX<\/a><a class=\"jumpToVideo\" target=\"_blank\"><img class=\"thumbnailPreview\"\/><\/a><\/p>\n","protected":false},"excerpt":{"rendered":"Malgr\u00e9 l&rsquo;approbation de l&rsquo;accord avec le Mercosur par l&rsquo;UE, les actions des agriculteurs continuentSur le m\u00eame sujet1:16Une nouvelle&hellip;\n","protected":false},"author":2,"featured_media":653439,"comment_status":"","ping_status":"","sticky":false,"template":"","format":"standard","meta":{"footnotes":""},"categories":[1586],"tags":[11,1777,674,1779,1011,27,12,25,1778,364],"class_list":{"0":"post-653438","1":"post","2":"type-post","3":"status-publish","4":"format-standard","5":"has-post-thumbnail","7":"category-europe","8":"tag-actualites","9":"tag-eu","10":"tag-europe","11":"tag-european-union","12":"tag-fr","13":"tag-france","14":"tag-news","15":"tag-republique-francaise","16":"tag-ue","17":"tag-union-europeenne"},"share_on_mastodon":{"url":"https:\/\/pubeurope.com\/@fr\/115869541007805488","error":""},"_links":{"self":[{"href":"https:\/\/www.europesays.com\/fr\/wp-json\/wp\/v2\/posts\/653438","targetHints":{"allow":["GET"]}}],"collection":[{"href":"https:\/\/www.europesays.com\/fr\/wp-json\/wp\/v2\/posts"}],"about":[{"href":"https:\/\/www.europesays.com\/fr\/wp-json\/wp\/v2\/types\/post"}],"author":[{"embeddable":true,"href":"https:\/\/www.europesays.com\/fr\/wp-json\/wp\/v2\/users\/2"}],"replies":[{"embeddable":true,"href":"https:\/\/www.europesays.com\/fr\/wp-json\/wp\/v2\/comments?post=653438"}],"version-history":[{"count":0,"href":"https:\/\/www.europesays.com\/fr\/wp-json\/wp\/v2\/posts\/653438\/revisions"}],"wp:featuredmedia":[{"embeddable":true,"href":"https:\/\/www.europesays.com\/fr\/wp-json\/wp\/v2\/media\/653439"}],"wp:attachment":[{"href":"https:\/\/www.europesays.com\/fr\/wp-json\/wp\/v2\/media?parent=653438"}],"wp:term":[{"taxonomy":"category","embeddable":true,"href":"https:\/\/www.europesays.com\/fr\/wp-json\/wp\/v2\/categories?post=653438"},{"taxonomy":"post_tag","embeddable":true,"href":"https:\/\/www.europesays.com\/fr\/wp-json\/wp\/v2\/tags?post=653438"}],"curies":[{"name":"wp","href":"https:\/\/api.w.org\/{rel}","templated":true}]}}