{"id":65344,"date":"2025-04-30T21:33:08","date_gmt":"2025-04-30T21:33:08","guid":{"rendered":"https:\/\/www.europesays.com\/fr\/65344\/"},"modified":"2025-04-30T21:33:08","modified_gmt":"2025-04-30T21:33:08","slug":"challenge-dv-junior-luc-royer-en-tete-avant-la-coupe-de-france-actualite","status":"publish","type":"post","link":"https:\/\/www.europesays.com\/fr\/65344\/","title":{"rendered":"Challenge DV Junior : Luc Royer en t\u00eate avant la Coupe de France &#8211; Actualit\u00e9"},"content":{"rendered":"<p style=\"text-align: justify;\">Luc Royer va terminer le mois d&rsquo;avril en t\u00eate du Challenge DirectVelo Junior gr\u00e2ce \u00e0 sa victoire dans la Penn Ar Bed-Bro An Hirwazh. Le soci\u00e9taire du VC Pays de Loud\u00e9ac a pris le temps de couper pendant cinq jours pour pr\u00e9parer un mois de mai charg\u00e9 en Coupe de France avec le Chrono 47 le 2 mai, puis le Tour du Carmausin-S\u00e9gala (1.1) et enfin la Coupe de France sur piste \u00e0 Foix les 17 et 18 mai. Sans oublier, en Coupe des Nations cette fois, le Troph\u00e9e Centre Morbihan, le dernier jour du mois de mai.<\/p>\n<p>Luc Royer compte 48 points d&rsquo;avance sur un autre Breton, Alex Doltaire (V\u00e9loce Vannetais), 3e de la Penn Ar Bed, et s\u00e9lectionn\u00e9 pour la Course de la Paix \u00e0 partir du 8 mai (<a href=\"https:\/\/www.directvelo.com\/actualite\/120181\/course-de-la-paix-juniors-la-selection-francaise\" target=\"_blank\" rel=\"noopener\"><strong>lire ici<\/strong><\/a>). Arthur Alexandre (Argenteuil Val de Seine Cyclisme) conserve sa 3e place avec 3 points d&rsquo;avance sur un autre Breton, Gabin Gicquel (OC Locmin\u00e9). Louka Didier (Cycle Golb\u00e9en) fait son entr\u00e9e dans le Top 10 gr\u00e2ce \u00e0 sa victoire dans le Prix de la Ville d&rsquo;Aubenas ce dimanche.<\/p>\n<p>Chez les Juniors 1, Alban Picard a repris la t\u00eate apr\u00e8s sa 7e place de la Primev\u00e8re Montoise (F\u00e9d\u00e9rale Juniors). Il est 9e du classement scratch du Challenge DV Junior. Il devance chez les J1 Paul Hawrylak, 11e du scratch. Le soci\u00e9taire d&rsquo;Argenteuil Val de Seine Cyclisme a termin\u00e9 5e de la Penn Ar Bed. Il conforte la position de force du club du Val d&rsquo;Oise en t\u00eate du classement par \u00e9quipes du Challenge DV. Ils sont trois dans les 11 premiers. Les maillots rose et bleu devancent le VC Pays de Loud\u00e9ac et le V\u00e9loce Vannetais o\u00f9 Luc Royer et Alex Doltaire ne sont pas les seuls \u00e0 marquer des points.<\/p>\n<p>Suivez le Challenge DV Junior <a href=\"https:\/\/www.directvelo.com\/challenge\/juniors\/2025\/4\" target=\"_blank\" rel=\"noopener\"><strong>en cliquant ici<\/strong><\/a>.<\/p>\n<p><strong>Classement individuel du Challenge DV Junior<\/strong> :<\/p>\n<p style=\"text-align: justify;\"><strong>Classemnt des J1 du Challenge DV Junior<\/strong> :<\/p>\n<p style=\"text-align: justify;\"><strong>Classement par \u00e9quipes du Challenge DV Junior<\/strong> :<\/p>\n","protected":false},"excerpt":{"rendered":"Luc Royer va terminer le mois d&rsquo;avril en t\u00eate du Challenge DirectVelo Junior gr\u00e2ce \u00e0 sa victoire dans&hellip;\n","protected":false},"author":2,"featured_media":65345,"comment_status":"","ping_status":"","sticky":false,"template":"","format":"standard","meta":{"footnotes":""},"categories":[1411],"tags":[834,828,836,829,837,827,83,826,824,823,1154,207,814,817,815,816,822,821,832,211,839,1011,27,820,818,819,835,831,830,833,838,60,212,208,825],"class_list":{"0":"post-65344","1":"post","2":"type-post","3":"status-publish","4":"format-standard","5":"has-post-thumbnail","7":"category-cyclisme","8":"tag-attaque","9":"tag-belgique","10":"tag-braquet","11":"tag-bretagne","12":"tag-chute","13":"tag-competition","14":"tag-coupe-de-france","15":"tag-coureur","16":"tag-course-cyclisme","17":"tag-course-cycliste","18":"tag-cycling","19":"tag-cyclisme","20":"tag-direct","21":"tag-direct-velo","22":"tag-directvelo","23":"tag-directvelo-com","24":"tag-epreuve","25":"tag-epreuve-cycliste","26":"tag-federation-francaise-de-cyclisme","27":"tag-ffc","28":"tag-flandres","29":"tag-fr","30":"tag-france","31":"tag-live","32":"tag-live-course","33":"tag-live-epreuve","34":"tag-peloton","35":"tag-radio-peloton","36":"tag-radio-tour","37":"tag-ravitaillement","38":"tag-relance","39":"tag-sports","40":"tag-uci","41":"tag-velo","42":"tag-velos"},"share_on_mastodon":{"url":"https:\/\/pubeurope.com\/@fr\/114429061132894272","error":""},"_links":{"self":[{"href":"https:\/\/www.europesays.com\/fr\/wp-json\/wp\/v2\/posts\/65344","targetHints":{"allow":["GET"]}}],"collection":[{"href":"https:\/\/www.europesays.com\/fr\/wp-json\/wp\/v2\/posts"}],"about":[{"href":"https:\/\/www.europesays.com\/fr\/wp-json\/wp\/v2\/types\/post"}],"author":[{"embeddable":true,"href":"https:\/\/www.europesays.com\/fr\/wp-json\/wp\/v2\/users\/2"}],"replies":[{"embeddable":true,"href":"https:\/\/www.europesays.com\/fr\/wp-json\/wp\/v2\/comments?post=65344"}],"version-history":[{"count":0,"href":"https:\/\/www.europesays.com\/fr\/wp-json\/wp\/v2\/posts\/65344\/revisions"}],"wp:featuredmedia":[{"embeddable":true,"href":"https:\/\/www.europesays.com\/fr\/wp-json\/wp\/v2\/media\/65345"}],"wp:attachment":[{"href":"https:\/\/www.europesays.com\/fr\/wp-json\/wp\/v2\/media?parent=65344"}],"wp:term":[{"taxonomy":"category","embeddable":true,"href":"https:\/\/www.europesays.com\/fr\/wp-json\/wp\/v2\/categories?post=65344"},{"taxonomy":"post_tag","embeddable":true,"href":"https:\/\/www.europesays.com\/fr\/wp-json\/wp\/v2\/tags?post=65344"}],"curies":[{"name":"wp","href":"https:\/\/api.w.org\/{rel}","templated":true}]}}