{"id":653459,"date":"2026-01-10T07:24:18","date_gmt":"2026-01-10T07:24:18","guid":{"rendered":"https:\/\/www.europesays.com\/fr\/653459\/"},"modified":"2026-01-10T07:24:18","modified_gmt":"2026-01-10T07:24:18","slug":"pile-ou-face-father-mother-sister-brother-ma-frere-les-echos-du-passe-tout-va-bien-quels-sont-les-films-a-voir-ou-pas-cette-semaine-au-cinema","status":"publish","type":"post","link":"https:\/\/www.europesays.com\/fr\/653459\/","title":{"rendered":"\u00ab\u00a0Pile ou Face\u00a0\u00bb, \u00ab\u00a0Father Mother Sister Brother\u00a0\u00bb, \u00ab\u00a0Ma\u00a0fr\u00e8re\u00a0\u00bb, \u00ab\u00a0Les \u00c9chos du pass\u00e9\u00a0\u00bb, \u00ab\u00a0Tout va bien\u00a0\u00bb&#8230; Quels sont les films \u00e0 voir (ou pas) cette semaine au cin\u00e9ma\u00a0?"},"content":{"rendered":"\n<p class=\"c-chapo \">\n  D\u00e9couvrez les critiques de notre s\u00e9lection des films sortis en salles le mercredi\u00a07\u00a0janvier.\n<\/p>\n<p>      lire plus tard<\/p>\n<p id=\"dialog__title\" class=\"dialog__title\">Pour sauvegarder cet article, connectez-vous ou cr\u00e9ez un compte franceinfo<\/p>\n<p class=\"dialog__description\">Sans paiement. Sans abonnement.<\/p>\n<p>        Fermer la fen\u00eatre d\u2019activation des notifications France Info<\/p>\n<p>      cr\u00e9er votre compte<\/p>\n<p>      se connecter<\/p>\n<p>      :<\/p>\n<p>        Fermer la fen\u00eatre de pr\u00e9sentation<\/p>\n<p>          France T\u00e9l\u00e9visions &#8211; R\u00e9daction Culture<\/p>\n<p>    Publi\u00e9 le 10\/01\/2026 06:10<\/p>\n<p>        Temps de lecture : 5min<\/p>\n<p>    <img decoding=\"async\"  alt=\"Tom Waits dans le film &quot;Father Mother Sister Brother&quot; de Jim Jarmusch, en salles le 7\u00a0janvier\u00a02026. (LES FILMS DU LOSANGE)\" width=\"432\" height=\"243\" src=\"https:\/\/www.europesays.com\/fr\/wp-content\/uploads\/2026\/01\/1768029858_665_father-c-vague-notion-2024-6957e72b494e7702615102.jpg\" fetchpriority=\"high\"\/><\/p>\n<p>      Tom Waits dans le film \u00ab\u00a0Father Mother Sister Brother\u00a0\u00bb de Jim Jarmusch, en salles le 7\u00a0janvier\u00a02026. (LES FILMS DU LOSANGE)<\/p>\n<p>La famille selon Jim Jarmush, une colonie de vacances comme observatoire de la jeunesse, un western italien qui bouscule les codes du genre, un documentaire sur ces enfants h\u00e9ros et migrants et une fresque historique et f\u00e9minine \u00e0 travers l&rsquo;Allemagne du XXe\u00a0si\u00e8cle&#8230; Voici le programme des sorties\u00a0du mercredi\u00a07\u00a0janvier. <a href=\"https:\/\/www.franceinfo.fr\/culture\/cinema\/sorties-de-films\/\" target=\"_blank\" rel=\"noopener\">Retrouvez ici toutes nos critiques cin\u00e9mas<\/a> <a href=\"https:\/\/www.franceinfo.fr\/culture\/cinema\/sorties-de-films\/\" target=\"_blank\" rel=\"noopener\">de la semaine sur franceinfo\u00a0Culture.<\/p>\n<p>\u00ab\u00a0Father Mother Sister Brother\u00a0\u00bb\u00a0: Jim Jarmusch offre une variation tendre et \u00e9l\u00e9gante sur les paradoxes de la famille<\/p>\n<p>Six ans apr\u00e8s <a href=\"https:\/\/www.franceinfo.fr\/culture\/cinema\/festival-de-cannes\/cannes-2019-the-dead-don-t-die-de-jim-jarmusch-ouvre-le-festival-avec-des-zombies-en-or_3442503.html\" target=\"_blank\" rel=\"noopener\">The Dead Don&rsquo;t Die, un film de zombies avec Iggy Pop<\/a>, Jim Jarmusch est de retour dans un registre plus r\u00e9aliste avec un film \u00e0 sketches sur la famille. Le r\u00e9alisateur am\u00e9ricain a confi\u00e9 fin d\u00e9cembre avoir l&rsquo;intention de d\u00e9poser une demande pour obtenir la nationalit\u00e9 fran\u00e7aise. \u00ab\u00a0Je voudrais avoir un autre endroit o\u00f9 je puisse m&rsquo;\u00e9vader des \u00c9tats-Unis\u00a0\u00bb, a-t-il d\u00e9clar\u00e9 <a href=\"https:\/\/www.franceinfo.fr\/culture\/cinema\/le-realisateur-americain-jim-jarmusch-va-faire-une-demande-pour-obtenir-la-nationalite-francaise_7703290.html\" target=\"_blank\" rel=\"noopener\">dans une interview \u00e0 France\u00a0Inter<\/a>. Lion d&rsquo;or de la 82e\u00a0\u00e9dition de la Mostra de Venise, dans Father Mother Sister\u00a0Brother, Jim Jarmush raconte en trois chapitres parfaitement ficel\u00e9s et parvient \u00e0 peindre avec d\u00e9licatesse et humour la famille. En quelques sc\u00e8nes quasi en huis clos pour chaque histoire, il dessine les non-dits, les mensonges tacitement accept\u00e9s, la place que chacun a pu occuper dans la famille, dans la fratrie, sugg\u00e8re ce qui a \u00e9t\u00e9 transmis, re\u00e7u ou rejet\u00e9.<\/p>\n<p><a href=\"https:\/\/www.franceinfo.fr\/culture\/cinema\/sorties-de-films\/father-mother-sister-brother-dans-son-nouveau-film-jim-jarmusch-offre-une-variation-tendre-et-elegante-sur-les-paradoxes-de-la-famille_7716688.html\" target=\"_blank\" rel=\"noopener\"><strong>Lire la critique<\/strong><\/a><strong\/><\/p>\n<p>\u00ab\u00a0Pile ou Face\u00a0\u00bb r\u00e9\u00e9crit le mythe du cow-boy et de la demoiselle en d\u00e9tresse dans un western lumineux<\/p>\n<p>Le h\u00e9ros viril et solitaire dans une nature sauvage, le bon face au truand, le sens de la justice&#8230; Chez les auteurs et r\u00e9alisateurs italiens Alessio Rigo de Righi et Matteo Zoppis, on prend les codes du western pour les tordre, les questionner, eux et leurs imaginaires. Les mythes sont d\u00e9construits\u00a0: le western devient un outil pour parler des marginaux, des exclus qui fuient une soci\u00e9t\u00e9 faite d&rsquo;injustices et de violence.<\/p>\n<p>Leur film Pile ou Face, pr\u00e9sent\u00e9 au Festival de Cannes\u00a02025 (Un certain regard) est leur troisi\u00e8me collaboration et s&rsquo;attaque \u00e0 une figure devenue l\u00e9gende\u00a0: Buffalo Bill, le cow-boy originel.<\/p>\n<p><a href=\"https:\/\/www.franceinfo.fr\/culture\/cinema\/sorties-de-films\/pile-ou-face-reecrit-le-mythe-du-cow-boy-et-de-la-demoiselle-en-detresse-dans-un-western-lumineux_7564594.html\" target=\"_blank\" rel=\"noopener\"><strong>Lire la critique<\/strong><\/a><strong\/><\/p>\n<p>\u00ab\u00a0Ma fr\u00e8re\u00a0\u00bb : un film comme une ode \u00e0 l&rsquo;enfance, \u00e0 la sororit\u00e9 et \u00e0 la joie pour commencer l&rsquo;ann\u00e9e en douceur<\/p>\n<p>En 2006, \u00c9ric Toledano et Olivier Nakache \u00e9crivaient <a href=\"https:\/\/www.franceinfo.fr\/culture\/cinema\/festival-de-cannes\/video-qu-est-ce-qu-une-bonne-comedie-par-eric-toledano-et-olivier-nakache_5837756.html\" data-tooltip-url=\"https:\/\/www.franceinfo.fr\/culture\/cinema\/festival-de-cannes\/video-qu-est-ce-qu-une-bonne-comedie-par-eric-toledano-et-olivier-nakache_5837756.html\" target=\"_blank\" rel=\"noopener\">Nos jours heureux<\/a>, film de colonie de vacances devenu culte, notamment pour toute une g\u00e9n\u00e9ration d&rsquo;animateurs. Dix ans plus tard, c&rsquo;est \u00e0 nouveau un duo d&rsquo;amies qui explore ce moment si pr\u00e9cis et pr\u00e9cieux de la jeunesse. Lise Akoka et Romane Gueret ont pour sujets de pr\u00e9dilection l&rsquo;enfance et l&rsquo;adolescence, qu&rsquo;elles filmaient d\u00e9j\u00e0 dans Les\u00a0Pires. Elles s&rsquo;attachent \u00e0 capter ces fronti\u00e8res floues, parfois si difficiles \u00e0 franchir, qui marquent les \u00e9tapes de la vie. Dans Ma\u00a0fr\u00e8re, rien ne refl\u00e8te mieux les errances de Sha\u00ef et Djeneba que la flottille de gamins qui papillonnent autour d&rsquo;elles. C&rsquo;est aupr\u00e8s d&rsquo;eux qu&rsquo;elles s&rsquo;\u00e9l\u00e8vent, apprennent, et parviennent \u00e0 trancher les choix cruciaux qui les attendent.<strong\/><\/p>\n<p><a href=\"https:\/\/www.franceinfo.fr\/culture\/cinema\/sorties-de-films\/ma-frere-un-film-comme-une-ode-a-l-enfance-a-la-sororite-et-a-la-joie-pour-commencer-l-annee-en-douceur_7712932.html\" target=\"_blank\" rel=\"noopener\"><strong>Lire la critique<\/strong><\/a><\/p>\n<p>\u00ab\u00a0Tout va bien\u00a0\u00bb, un documentaire de Thomas Ellis ou la force de ces adolescents partis d&rsquo;Afrique pour r\u00e9aliser leurs r\u00eaves<\/p>\n<p>Aminata Sylla avait 14\u00a0ans quand elle a fui la Guin\u00e9e pour trouver sa libert\u00e9 de femme. Junior Tano est arriv\u00e9 en France apr\u00e8s un long et dangereux p\u00e9riple depuis la C\u00f4te d&rsquo;Ivoire. Khalil Fellague a 16\u00a0ans, il est alg\u00e9rien, l&rsquo;adolescent ne parle pas fran\u00e7ais mais sa d\u00e9termination impressionne. Abdoulaye Cisse a 14\u00a0ans et son fr\u00e8re Tidiane Bane\u00a016. Ils sont partis ensemble de la C\u00f4te d&rsquo;Ivoire, ils ont travers\u00e9 ensemble la Mediterann\u00e9ee et, \u00e0 Marseille, ils font tout pour ne pas \u00eatre s\u00e9par\u00e9s. De ce voyage sans retour, <strong><\/strong>ils ne diront rien, mais tous les cinq sont l\u00e0 au t\u00e9l\u00e9phone pour rassurer leurs parents rest\u00e9s en Afrique par ce \u00ab\u00a0tout va bien\u00a0\u00bb. \u00ab\u00a0On parlait de ces enfants comme d&rsquo;un probl\u00e8me, certains hommes et femmes politiques les qualifiaient de d\u00e9linquants, de filles et gar\u00e7ons dangereux\u00a0\u00bb, dit Thomas Ellis, le r\u00e9alisateur.<\/p>\n<p><a href=\"https:\/\/www.franceinfo.fr\/culture\/cinema\/sorties-de-films\/tout-va-bien-un-documentaire-de-thomas-ellis-ou-la-force-de-ces-adolescents-partis-d-afrique-pour-realiser-leurs-reves_7701814.html\" target=\"_blank\" rel=\"noopener\"><strong>Lire la critique<\/strong><\/a><strong\/><\/p>\n<p>\u00ab\u00a0Les \u00c9chos du pass\u00e9\u00a0\u00bb\u00a0: un film puissant et po\u00e9tique de la r\u00e9alisatrice allemande Mascha Schilinski sur la condition f\u00e9minine<\/p>\n<p>Quelque part dans la campagne du nord de l&rsquo;Allemagne, une grande ferme voit grandir quatre filles\u00a0: Alma, Erika, Angelika et Lenka. Quatre filles de quatre g\u00e9n\u00e9rations et \u00e9poques diff\u00e9rentes. Alma est une petite fille curieuse qui observe attentivement les adultes. Elle est celle avec qui tout commence.<\/p>\n<p>D\u00e9but du XXe\u00a0si\u00e8cle. Le temps d&rsquo;Alma est celui de l&rsquo;\u00e9clairage \u00e0 la bougie, des crucifix et des morts, <strong><\/strong>que l&rsquo;on accompagne avec des rituels plus ou moins morbides. Alma porte le pr\u00e9nom d&rsquo;une de ses s\u0153urs a\u00een\u00e9es disparue pr\u00e9matur\u00e9ment, comme beaucoup d&rsquo;enfants de cette \u00e9poque. Elle observe les adultes, leur brutalit\u00e9, le silence qui entoure la violence, et la mani\u00e8re dont le corps des femmes est mis \u00e0 disposition ou vendu aux hommes.<\/p>\n<p><a href=\"https:\/\/www.franceinfo.fr\/culture\/cinema\/sorties-de-films\/les-echos-du-passe-un-film-puissant-et-poetique-de-la-realisatrice-allemande-mascha-schilinski-sur-la-condition-feminine_7716760.html\" target=\"_blank\" rel=\"noopener\"><strong>Lire la critique<\/strong><\/a><strong\/><\/p>\n","protected":false},"excerpt":{"rendered":"D\u00e9couvrez les critiques de notre s\u00e9lection des films sortis en salles le mercredi\u00a07\u00a0janvier. lire plus tard Pour sauvegarder&hellip;\n","protected":false},"author":2,"featured_media":653460,"comment_status":"","ping_status":"","sticky":false,"template":"","format":"standard","meta":{"footnotes":""},"categories":[1354],"tags":[58,59,1346,1011,27,1360],"class_list":{"0":"post-653459","1":"post","2":"type-post","3":"status-publish","4":"format-standard","5":"has-post-thumbnail","7":"category-films","8":"tag-divertissement","9":"tag-entertainment","10":"tag-films","11":"tag-fr","12":"tag-france","13":"tag-movies"},"share_on_mastodon":{"url":"https:\/\/pubeurope.com\/@fr\/115869611734585068","error":""},"_links":{"self":[{"href":"https:\/\/www.europesays.com\/fr\/wp-json\/wp\/v2\/posts\/653459","targetHints":{"allow":["GET"]}}],"collection":[{"href":"https:\/\/www.europesays.com\/fr\/wp-json\/wp\/v2\/posts"}],"about":[{"href":"https:\/\/www.europesays.com\/fr\/wp-json\/wp\/v2\/types\/post"}],"author":[{"embeddable":true,"href":"https:\/\/www.europesays.com\/fr\/wp-json\/wp\/v2\/users\/2"}],"replies":[{"embeddable":true,"href":"https:\/\/www.europesays.com\/fr\/wp-json\/wp\/v2\/comments?post=653459"}],"version-history":[{"count":0,"href":"https:\/\/www.europesays.com\/fr\/wp-json\/wp\/v2\/posts\/653459\/revisions"}],"wp:featuredmedia":[{"embeddable":true,"href":"https:\/\/www.europesays.com\/fr\/wp-json\/wp\/v2\/media\/653460"}],"wp:attachment":[{"href":"https:\/\/www.europesays.com\/fr\/wp-json\/wp\/v2\/media?parent=653459"}],"wp:term":[{"taxonomy":"category","embeddable":true,"href":"https:\/\/www.europesays.com\/fr\/wp-json\/wp\/v2\/categories?post=653459"},{"taxonomy":"post_tag","embeddable":true,"href":"https:\/\/www.europesays.com\/fr\/wp-json\/wp\/v2\/tags?post=653459"}],"curies":[{"name":"wp","href":"https:\/\/api.w.org\/{rel}","templated":true}]}}