{"id":653466,"date":"2026-01-10T07:28:10","date_gmt":"2026-01-10T07:28:10","guid":{"rendered":"https:\/\/www.europesays.com\/fr\/653466\/"},"modified":"2026-01-10T07:28:10","modified_gmt":"2026-01-10T07:28:10","slug":"pourquoi-il-ne-faut-plus-jardiner-le-13-janvier-apres-16-h-35","status":"publish","type":"post","link":"https:\/\/www.europesays.com\/fr\/653466\/","title":{"rendered":"Pourquoi il ne faut plus jardiner le 13 janvier apr\u00e8s 16\u00a0h\u00a035"},"content":{"rendered":"<p>En ce premier mois de l\u2019ann\u00e9e, une <strong>\u00e9trange<br \/>\nco\u00efncidence<\/strong> temporelle s&rsquo;appr\u00eate \u00e0 bouleverser vos<br \/>\nhabitudes. Entre les caprices d&rsquo;une m\u00e9t\u00e9o glaciale et <strong>des<br \/>\ncroyances anciennes<\/strong>, d\u00e9couvrez pourquoi il devient risqu\u00e9<br \/>\nde jardiner <strong>le 13 janvier \u00e0 partir de 16 h 35<\/strong>. Un<br \/>\ninterdit que de nombreux jardiniers respectent.<\/p>\n<p>Potager en janvier : que planter sous la neige ?<\/p>\n<p>Alors que la neige recouvre votre jardin en ce d\u00e9but d&rsquo;ann\u00e9e<br \/>\n2026, la patience est de mise. Dans le sud, <strong>attendez le<br \/>\nd\u00e9gel<\/strong> pour semer en pleine terre <a href=\"https:\/\/monjardinmamaison.maison-travaux.fr\/mon-jardin-ma-maison\/plantes-par-type\/potager-legumes\/fruits-et-legumes\/comment-quand-semer-carottes-482420.html\" target=\"_blank\" rel=\"noopener\"><br \/>\nles carottes<\/a> et le cresson al\u00e9nois. <strong>Les petits pois et<br \/>\nla chicor\u00e9e<\/strong> devront \u00e9galement patienter jusqu\u2019\u00e0 ce que le<br \/>\nsol soit <strong>moins gorg\u00e9 d&rsquo;eau glac\u00e9e<\/strong>. \u00c0 l&rsquo;abri du<br \/>\nfroid, profitez de cette p\u00e9riode pour semer vos navets et votre<br \/>\nroquette.<\/p>\n<p>Parall\u00e8lement, utilisez la chaleur de <strong>vos couches<br \/>\nchaudes<\/strong> pour lancer la culture des laitues de printemps et<br \/>\ndes radis. <strong>Ce manteau blanc<\/strong> prot\u00e8ge le sol,<br \/>\npr\u00e9parant ainsi <strong>une terre fertile<\/strong> pour vos futures<br \/>\nr\u00e9coltes. Mais quoi qu\u2019il arrive, ce mardi 13 janvier, <a href=\"https:\/\/monjardinmamaison.maison-travaux.fr\/mon-jardin-ma-maison\/conseils-jardinage\/janvier-jour-comme-autres-pourquoi-faut-eviter-jardiner-cette-date-precise-521672.html\" target=\"_blank\" rel=\"noopener\"><br \/>\nne jardinez pas<\/a>, selon les conseils du site Jardiniers<br \/>\namateurs.<\/p>\n<p>Pourquoi arr\u00eater de jardiner ce 13 janvier \u00e0 16 h 35 ?<\/p>\n<p>Pour les fervents adeptes du <a href=\"https:\/\/monjardinmamaison.maison-travaux.fr\/mon-jardin-ma-maison\/conseils-jardinage\/calendrier-lunaire-jardinage-474631.html\" target=\"_blank\" rel=\"noopener\"><br \/>\ncalendrier lunaire<\/a>, <strong>le repos est de mise<\/strong> tr\u00e8s<br \/>\nprochainement. Si vous avez profit\u00e9 des deux jours pr\u00e9c\u00e9dents cette<br \/>\ndate fatidique pour jardiner en <strong>plantant vos<br \/>\nrosiers<\/strong> et vos arbustes \u00e0 fleurs, soyez attentifs \u00e0 la<br \/>\nLune. <strong>Le cycle c\u00e9leste<\/strong> impose une pause pour<br \/>\npr\u00e9server la vigueur de vos futures plantes. Le 13 janvier, d\u00e8s 16<br \/>\nh 35 pr\u00e9cises, vous devez stopper tout travail au potager.<\/p>\n<p>La Lune <strong>atteint son apog\u00e9e<\/strong>, c\u2019est-\u00e0-dire le<br \/>\npoint le plus \u00e9loign\u00e9 de la Terre, rendant les manipulations<br \/>\nv\u00e9g\u00e9tales n\u00e9fastes. Cette influence particuli\u00e8re <strong>fragilise<br \/>\nles racines<\/strong> et compromet la reprise. Alors, posez vos<br \/>\noutils et attendez un moment plus propice pour jardiner, comme<br \/>\n<strong>les 14 et 15 janvier<\/strong>, o\u00f9 la Lune influencera<br \/>\npositivement <a href=\"https:\/\/monjardinmamaison.maison-travaux.fr\/mon-jardin-ma-maison\/pas-de-jardin-ces-15-legumes-feuilles-en-pots-suspendus-vont-changer-vos-salades-du-soir-520774.html\" target=\"_blank\" rel=\"noopener\"><br \/>\nles plantations de l\u00e9gumes-feuilles<\/a>. Pour les jardiniers qui ne<br \/>\nprennent pas en compte l\u2019astre lunaire, sachez que nos a\u00efeuls le<br \/>\nsuivaient \u00e0 la lettre.<\/p>\n<p>Jardiner avec la Lune : un savoir ancestral<\/p>\n<p>En effet, depuis l\u2019Antiquit\u00e9, les civilisations paysannes<br \/>\nobservent <strong>les cycles lunaires<\/strong> pour guider leurs<br \/>\ncultures. Ces connaissances empiriques reposent sur l\u2019id\u00e9e que<br \/>\n<a href=\"https:\/\/monjardinmamaison.maison-travaux.fr\/mon-jardin-ma-maison\/plantes-par-type\/voici-comment-phases-lune-impactent-plantes-483036.html\" target=\"_blank\" rel=\"noopener\"><br \/>\nla Lune<\/a>, par sa force d&rsquo;attraction, <strong>influence la s\u00e8ve<br \/>\ndes v\u00e9g\u00e9taux<\/strong> comme elle dirige les mar\u00e9es. Ce savoir<br \/>\nancestral lie ainsi les rythmes cosmiques <strong>\u00e0 la biologie des<br \/>\nplantes<\/strong> terrestres.<\/p>\n<p>Au XX\u1d49 si\u00e8cle, ces traditions ont \u00e9t\u00e9 <strong>th\u00e9oris\u00e9es par la<br \/>\nbiodynamie<\/strong>, notamment via les travaux de Maria Thun. Elle<br \/>\na class\u00e9 les jours selon <strong>les influences stellaires<\/strong><br \/>\nsur les racines, les fleurs ou les fruits. Bien que discut\u00e9e<br \/>\nscientifiquement, cette m\u00e9thode reste une <strong>r\u00e9f\u00e9rence<br \/>\nincontournable<\/strong> pour de nombreux jardiniers soucieux<br \/>\nd&rsquo;harmonie naturelle dans <a href=\"https:\/\/monjardinmamaison.maison-travaux.fr\/mon-jardin-ma-maison\/ces-legumes-oublies-transforment-votre-potager-dhiver-recolte-abondante-et-nutrition-garantie-au-printemps-515800.html\" target=\"_blank\" rel=\"noopener\"><br \/>\nle potager<\/a>.<\/p>\n","protected":false},"excerpt":{"rendered":"En ce premier mois de l\u2019ann\u00e9e, une \u00e9trange co\u00efncidence temporelle s&rsquo;appr\u00eate \u00e0 bouleverser vos habitudes. Entre les caprices&hellip;\n","protected":false},"author":2,"featured_media":653467,"comment_status":"","ping_status":"","sticky":false,"template":"","format":"standard","meta":{"footnotes":""},"categories":[7],"tags":[1011,27,61777,43,40,41,39,42,44,729],"class_list":{"0":"post-653466","1":"post","2":"type-post","3":"status-publish","4":"format-standard","5":"has-post-thumbnail","7":"category-sciences-et-technologies","8":"tag-fr","9":"tag-france","10":"tag-has_video","11":"tag-science","12":"tag-science-and-technology","13":"tag-sciences","14":"tag-sciences-et-technologies","15":"tag-technologies","16":"tag-technology","17":"tag-yout_video"},"share_on_mastodon":{"url":"https:\/\/pubeurope.com\/@fr\/115869627503421792","error":""},"_links":{"self":[{"href":"https:\/\/www.europesays.com\/fr\/wp-json\/wp\/v2\/posts\/653466","targetHints":{"allow":["GET"]}}],"collection":[{"href":"https:\/\/www.europesays.com\/fr\/wp-json\/wp\/v2\/posts"}],"about":[{"href":"https:\/\/www.europesays.com\/fr\/wp-json\/wp\/v2\/types\/post"}],"author":[{"embeddable":true,"href":"https:\/\/www.europesays.com\/fr\/wp-json\/wp\/v2\/users\/2"}],"replies":[{"embeddable":true,"href":"https:\/\/www.europesays.com\/fr\/wp-json\/wp\/v2\/comments?post=653466"}],"version-history":[{"count":0,"href":"https:\/\/www.europesays.com\/fr\/wp-json\/wp\/v2\/posts\/653466\/revisions"}],"wp:featuredmedia":[{"embeddable":true,"href":"https:\/\/www.europesays.com\/fr\/wp-json\/wp\/v2\/media\/653467"}],"wp:attachment":[{"href":"https:\/\/www.europesays.com\/fr\/wp-json\/wp\/v2\/media?parent=653466"}],"wp:term":[{"taxonomy":"category","embeddable":true,"href":"https:\/\/www.europesays.com\/fr\/wp-json\/wp\/v2\/categories?post=653466"},{"taxonomy":"post_tag","embeddable":true,"href":"https:\/\/www.europesays.com\/fr\/wp-json\/wp\/v2\/tags?post=653466"}],"curies":[{"name":"wp","href":"https:\/\/api.w.org\/{rel}","templated":true}]}}