{"id":653468,"date":"2026-01-10T07:29:13","date_gmt":"2026-01-10T07:29:13","guid":{"rendered":"https:\/\/www.europesays.com\/fr\/653468\/"},"modified":"2026-01-10T07:29:13","modified_gmt":"2026-01-10T07:29:13","slug":"nestle-rallonge-la-liste-des-pays-touches-par-le-rappel-de-laits-infantiles","status":"publish","type":"post","link":"https:\/\/www.europesays.com\/fr\/653468\/","title":{"rendered":"Nestl\u00e9 rallonge la liste des pays touch\u00e9s par le rappel de laits infantiles"},"content":{"rendered":"\n<p class=\"c-chapo \">\n  Vendredi, cette liste comptait plus d&rsquo;une cinquantaine de pays, dont la Chine et le Br\u00e9sil, en plus de l&rsquo;Allemagne, l&rsquo;Italie et la Su\u00e8de.\n<\/p>\n<p>      lire plus tard<\/p>\n<p id=\"dialog__title\" class=\"dialog__title\">Pour sauvegarder cet article, connectez-vous ou cr\u00e9ez un compte franceinfo<\/p>\n<p class=\"dialog__description\">Sans paiement. Sans abonnement.<\/p>\n<p>        Fermer la fen\u00eatre d\u2019activation des notifications France Info<\/p>\n<p>      cr\u00e9er votre compte<\/p>\n<p>      se connecter<\/p>\n<p>      :<\/p>\n<p>        Fermer la fen\u00eatre de pr\u00e9sentation<\/p>\n<p>    <img loading=\"lazy\" decoding=\"async\" class=\"signature__image lazyload\" width=\"100\" height=\"100\" data- alt=\"\" src=\"https:\/\/www.europesays.com\/fr\/wp-content\/uploads\/2025\/05\/64a68815cd1a7_placeholder-36b69ec8.png\"\/><\/p>\n<p>    Publi\u00e9 le 09\/01\/2026 23:14<\/p>\n<p>        Temps de lecture : 1min<\/p>\n<p>    <img decoding=\"async\"  alt=\"Le logo du g\u00e9ant de l\u2019agroalimentaire Nestl\u00e9 sur la fa\u00e7ade de son si\u00e8ge social, \u00e0 Vevey, en Suisse, le 14\u00a0octobre\u00a02025. (FABRICE COFFRINI \/ AFP)\" width=\"432\" height=\"243\" src=\"https:\/\/www.europesays.com\/fr\/wp-content\/uploads\/2026\/01\/000-78ux7g3-69617bf06f523636625390.jpg\" fetchpriority=\"high\"\/><\/p>\n<p>      Le logo du g\u00e9ant de l\u2019agroalimentaire Nestl\u00e9 sur la fa\u00e7ade de son si\u00e8ge social, \u00e0 Vevey, en Suisse, le 14\u00a0octobre\u00a02025. (FABRICE COFFRINI \/ AFP)<\/p>\n<p>La liste des pays <a href=\"https:\/\/www.franceinfo.fr\/sante\/alimentation\/nestle-procede-a-un-rappel-volontaire-de-laits-pour-bebes-dans-plusieurs-pays-europeens_7722463.html\" target=\"_blank\" rel=\"noopener\">touch\u00e9s par le rappel de lots de laits pour b\u00e9b\u00e9 de Nestl\u00e9<\/a> s&rsquo;est allong\u00e9e au fil de la semaine, atteignant la cinquantaine et suscitant des craintes pour la r\u00e9putation du groupe suisse, vendredi 9 janvier. Lundi, plusieurs de ses filiales en Europe, notamment en Allemagne, en Italie et en Su\u00e8de, ont annonc\u00e9 proc\u00e9der \u00e0 un rappel volontaire de produits en raison de la pr\u00e9sence potentielle d&rsquo;une substance d&rsquo;origine bact\u00e9rienne susceptible de provoquer des troubles digestifs, comme des diarrh\u00e9es et vomissements.<\/p>\n<p>\u00ab\u00a0Aucun cas de maladie en lien avec les produits concern\u00e9s n&rsquo;a \u00e9t\u00e9 confirm\u00e9 jusqu&rsquo;\u00e0 pr\u00e9sent\u00a0\u00bb, a affirm\u00e9 tout au long de la semaine le g\u00e9ant suisse de l&rsquo;alimentation sur son site Internet, expliquant qu&rsquo;il s&rsquo;agit d&rsquo;une mesure de pr\u00e9caution. Mais le nombre de pays touch\u00e9s n&rsquo;a cess\u00e9 de se multiplier, le groupe la mettant \u00e0 jour au fur et \u00e0 mesure des discussions avec les autorit\u00e9s locales afin de respecter les proc\u00e9dures de rappel propres \u00e0 chaque pays.<\/p>\n<p>Vendredi, cette liste comptait plus d&rsquo;une cinquantaine de pays, dont la Chine et le Br\u00e9sil, march\u00e9s importants. Sur le site de chaque pays touch\u00e9, Nestl\u00e9 a publi\u00e9 les d\u00e9tails des num\u00e9ros de lots et fourni un num\u00e9ro de t\u00e9l\u00e9phone pour r\u00e9pondre aux questions des consommateurs. Ces laits infantiles sont commercialis\u00e9s sous des noms diff\u00e9rents selon les pays.<\/p>\n","protected":false},"excerpt":{"rendered":"Vendredi, cette liste comptait plus d&rsquo;une cinquantaine de pays, dont la Chine et le Br\u00e9sil, en plus de&hellip;\n","protected":false},"author":2,"featured_media":653469,"comment_status":"","ping_status":"","sticky":false,"template":"","format":"standard","meta":{"footnotes":""},"categories":[6],"tags":[35,33,34,1011,27],"class_list":{"0":"post-653468","1":"post","2":"type-post","3":"status-publish","4":"format-standard","5":"has-post-thumbnail","7":"category-economie","8":"tag-business","9":"tag-economie","10":"tag-economy","11":"tag-fr","12":"tag-france"},"share_on_mastodon":{"url":"https:\/\/pubeurope.com\/@fr\/115869631479142682","error":""},"_links":{"self":[{"href":"https:\/\/www.europesays.com\/fr\/wp-json\/wp\/v2\/posts\/653468","targetHints":{"allow":["GET"]}}],"collection":[{"href":"https:\/\/www.europesays.com\/fr\/wp-json\/wp\/v2\/posts"}],"about":[{"href":"https:\/\/www.europesays.com\/fr\/wp-json\/wp\/v2\/types\/post"}],"author":[{"embeddable":true,"href":"https:\/\/www.europesays.com\/fr\/wp-json\/wp\/v2\/users\/2"}],"replies":[{"embeddable":true,"href":"https:\/\/www.europesays.com\/fr\/wp-json\/wp\/v2\/comments?post=653468"}],"version-history":[{"count":0,"href":"https:\/\/www.europesays.com\/fr\/wp-json\/wp\/v2\/posts\/653468\/revisions"}],"wp:featuredmedia":[{"embeddable":true,"href":"https:\/\/www.europesays.com\/fr\/wp-json\/wp\/v2\/media\/653469"}],"wp:attachment":[{"href":"https:\/\/www.europesays.com\/fr\/wp-json\/wp\/v2\/media?parent=653468"}],"wp:term":[{"taxonomy":"category","embeddable":true,"href":"https:\/\/www.europesays.com\/fr\/wp-json\/wp\/v2\/categories?post=653468"},{"taxonomy":"post_tag","embeddable":true,"href":"https:\/\/www.europesays.com\/fr\/wp-json\/wp\/v2\/tags?post=653468"}],"curies":[{"name":"wp","href":"https:\/\/api.w.org\/{rel}","templated":true}]}}