{"id":653476,"date":"2026-01-10T07:33:08","date_gmt":"2026-01-10T07:33:08","guid":{"rendered":"https:\/\/www.europesays.com\/fr\/653476\/"},"modified":"2026-01-10T07:33:08","modified_gmt":"2026-01-10T07:33:08","slug":"cette-commune-nen-veut-pas","status":"publish","type":"post","link":"https:\/\/www.europesays.com\/fr\/653476\/","title":{"rendered":"cette commune n&rsquo;en veut pas"},"content":{"rendered":"<p>                    Par<br \/>\n        <strong><br \/>\n            <a href=\"https:\/\/actu.fr\/auteur\/mathias-souteyrat\" title=\"Consulter tous les articles de Mathias Souteyrat\" target=\"_blank\" rel=\"noopener\">Mathias Souteyrat<\/a><br \/>\n                    <\/strong><\/p>\n<p>        Publi\u00e9 le<\/p>\n<p>            10 janv. 2026 \u00e0 6h36        <\/p>\n<p>C\u2019\u00e9tait le sujet br\u00fblant du conseil de<a href=\"https:\/\/actu.fr\/tag\/saint-etienne-metropole\" target=\"_blank\" rel=\"noopener\"> Saint-Etienne m\u00e9tropole<\/a> du jeudi 8\u00a0janvier 2026\u2009: le projet de nouvel incin\u00e9rateur. Fran\u00e7ois Driol, maire d\u2019<a href=\"https:\/\/actu.fr\/auvergne-rhone-alpes\/andrezieux-boutheon_42005\" target=\"_blank\" rel=\"noopener\">Andr\u00e9zieux-Bouth\u00e9on<\/a>, vice-pr\u00e9sident \u00e0 la M\u00e9tropole, a longuement \u00e9voqu\u00e9 ce sujet. Si les d\u00e9chets d\u2019ordures m\u00e9nag\u00e8res sont actuellement incin\u00e9r\u00e9s au centre de stockage des d\u00e9chets ultimes de Roche-la-Moli\u00e8re, pr\u00e8s de <a href=\"https:\/\/actu.fr\/saint-etienne\/\" target=\"_blank\" rel=\"noopener\">Saint-Etienne<\/a>, le projet de cr\u00e9ation d\u2019une Unit\u00e9 de traitement et de valorisation \u00e9nerg\u00e9tique (UTVE) est bien sur la table.<\/p>\n<p>Quatre potentiels terrains\/communes<\/p>\n<p class=\" wall-content\">O\u00f9 ce site <strong>de deux hectares de foncier<\/strong> (3 terrains de football), estim\u00e9 \u00e0 environ 200\u00a0millions d\u2019euros, va-t-il voir le jour\u2009? Fran\u00e7ois Driol \u00e9voque quatre potentiels terrains\/communes, sur le territoire de Saint-\u00c9tienne m\u00e9tropole. Sans toutefois donner les identit\u00e9s des pr\u00e9s\u00e9lectionn\u00e9s.<\/p>\n<p class=\" wall-content\">Eric Berlivet, maire de <a href=\"https:\/\/actu.fr\/auvergne-rhone-alpes\/roche-la-moliere_42189\" target=\"_blank\" rel=\"noopener\">Roche-la-Moli\u00e8re<\/a>, souhaite \u00ab\u2009apporter des \u00e9l\u00e9ments de contexte clairs sur le dossier du traitement des d\u00e9chets\u2009\u00bb dans un communiqu\u00e9 de presse sur ses r\u00e9seaux sociaux.<\/p>\n<p>\u00ab\u00a0La solidarit\u00e9 territoriale ne peut pas toujours reposer sur les m\u00eames communes\u00a0\u00bb<\/p>\n<p class=\" wall-content\">\u00ab\u2009Saint-\u00c9tienne M\u00e9tropole travaille depuis quelque temps sur un projet de nouvelle unit\u00e9 de traitement et de valorisation \u00e9nerg\u00e9tique des d\u00e9chets m\u00e9nagers, un \u00e9quipement industriel majeur, pr\u00e9vu pour fonctionner pendant plusieurs d\u00e9cennies, avec un co\u00fbt estim\u00e9 \u00e0 plusieurs centaines de millions d\u2019euros. Ce projet vise notamment \u00e0 remplacer progressivement l\u2019enfouissement de Roche-la-Moli\u00e8re (2056) ce qui est judicieux.\u2009\u00bb<\/p>\n<blockquote class=\"ac-article-quote wall-content\">\n<p>Il est hors de question qu\u2019un nouvel \u00e9quipement de traitement des d\u00e9chets soit implant\u00e9 \u00e0 Roche-la-Moli\u00e8re. Notre commune a d\u00e9j\u00e0 accueilli, pendant des ann\u00e9es, (depuis 1972) des infrastructures lourdes pour le compte de l\u2019ensemble du territoire. Nous avons largement contribu\u00e9 \u00e0 l\u2019effort collectif. La solidarit\u00e9 territoriale ne peut pas toujours reposer sur les m\u00eames communes.<\/p>\n<p>    <strong>Eric Berlivet<\/strong><br \/>\n        Maire de Roche-la-Moli\u00e8re    <\/p><\/blockquote>\n<p>Firminy et Roche-la-Moli\u00e8re\u2009dans la short list\u2009?<\/p>\n<p class=\" wall-content\">Selon <a href=\"https:\/\/c.leprogres.fr\/economie\/2026\/01\/07\/un-incinerateur-a-200-m-pour-les-dechets-de-la-loire-quel-est-ce-projet-fou\" target=\"_blank\" rel=\"noopener\">Le Progr\u00e8s<\/a>, Julien Luya, maire de Firminy, ne cache pas que sa commune fait aussi partie de la liste\u2009: \u00ab\u2009Est-ce une bonne ou une mauvaise chose\u2009? Je ne sais pas. C\u2019est s\u00fbr que personne ne veut avoir un incin\u00e9rateur de d\u00e9chets pr\u00e8s de chez soi. Apr\u00e8s, je ne vous cache pas que \u00e7a permettrait de faire s\u00e9rieusement baisser la facture de chauffage de la Ville (N.D.L.R.\u2009: la chaleur issue de la combustion des d\u00e9chets serait inject\u00e9e dans le r\u00e9seau) et que \u00e7a permettrait de cr\u00e9er des emplois.\u2009\u00bb<\/p>\n<p>\u00ab\u2009Moralement, financi\u00e8rement, \u00e9cologiquement\u2026 Cet \u00e9quipement est n\u00e9cessaire \u00e0 notre collectivit\u00e9 \u00bb<\/p>\n<p class=\" wall-content\">Le maire d\u2019Andr\u00e9zieux et vice-pr\u00e9sident de Saint-Etienne m\u00e9tropole souhaite une infrastructure similaire \u00e0 l\u2019Unit\u00e9 de valorisation \u00e9nerg\u00e9tique des ordures m\u00e9nag\u00e8res de Bourgoin-Jallieu (Is\u00e8re).<\/p>\n<p>Votre r\u00e9gion, votre actu !<\/p>\n<p>Recevez chaque jour les infos qui comptent pour vous.<\/p>\n<p>\t<a href=\"https:\/\/actu.fr\/newsletter\" class=\"ac-btn ac-btn--corner ac-btn--medium ac-btn--blue800\" target=\"_blank\" rel=\"noopener\">S&rsquo;incrire<\/a><\/p>\n<blockquote class=\"ac-article-quote wall-content\">\n<p>Contrairement \u00e0 ce qu&rsquo;a titr\u00e9 Le Progr\u00e8s, ce qui est fou ce n&rsquo;est pas de cr\u00e9er un incin\u00e9rateur mais de continuer d&rsquo;imaginer d&rsquo;enfouir les d\u00e9chets \u00e0 Roche-la-Moli\u00e8re. Il faut se bouger. C&rsquo;est aberrant de mettre les d\u00e9chets sous le tapis. [&#8230;]\u00a0Moralement, financi\u00e8rement, \u00e9cologiquement&#8230; Cet \u00e9quipement est n\u00e9cessaire \u00e0 notre collectivit\u00e9. Ce site industriel sera parfaitement int\u00e9gr\u00e9, respectueux du voisinage. Cet incin\u00e9rateur ne sera pas XXL. Il sera dimensionn\u00e9 pour nos besoins pr\u00e9visibles.<\/p>\n<p>    <strong>Fran\u00e7ois Driol<\/strong><br \/>\n        Maire d&rsquo;Andr\u00e9zieux, vice-pr\u00e9sident de Saint-Etienne m\u00e9tropole    <\/p><\/blockquote>\n<p class=\" wall-content\">Argumentant que sans ce nouvel outil, la Taxe g\u00e9n\u00e9rale sur les activit\u00e9s polluantes (<strong>TGAP<\/strong>) continuerait d\u2019augmenter.<\/p>\n<p>La solution lyonnaise ou de plus petites unit\u00e9s<\/p>\n<p class=\" wall-content\">\u00c9voqu\u00e9e par des \u00e9lus, la solution d\u2019une incin\u00e9ration dans la m\u00e9tropole lyonnaise a \u00e9t\u00e9 \u00e9cart\u00e9e par l\u2019actuelle majorit\u00e9 m\u00e9tropolitaine, qui souhaite r\u00e9duire le nombre de d\u00e9chets d\u00e9truits (objectifs 100\u2009000\u00a0tonnes).<\/p>\n<blockquote class=\"ac-article-quote wall-content\">\n<p>Contrairement \u00e0 ce qu&rsquo;\u00e0 titr\u00e9 Le Progres ce matin, ce qui est fou ce n&rsquo;est pas de cr\u00e9er un incin\u00e9rateur mais de continuer d&rsquo;imaginer d&rsquo;enfuir les d\u00e9chets \u00e0 Roche-la-Moli\u00e8re. Il faut se bouger. C&rsquo;est aberrant de mettre les d\u00e9chets sous le tapis. [&#8230;]\u00a0Moralement, financi\u00e8rement, \u00e9cologiquement&#8230; Cet \u00e9quipement est n\u00e9cessaire \u00e0 notre collectivit\u00e9. Ce site industriel sera parfaitement intergr\u00e9, respectueuse du voisinage. Cet incin\u00e9rateur ne sera pas XXL. Il sera dimensionn\u00e9 pour nos besoins pr\u00e9visibles.<\/p>\n<p>    <strong>Fran\u00e7ois Driol<\/strong><br \/>\n        Maire d&rsquo;Andr\u00e9zieux, vice-pr\u00e9sident de Saint-Etienne m\u00e9tropole    <\/p><\/blockquote>\n<p class=\" wall-content\">Les \u00e9lus n\u2019ont pas manqu\u00e9 de r\u00e9agir, certains pr\u00e9f\u00e9rant la cr\u00e9ation de plus petites unit\u00e9s r\u00e9parties sur plusieurs communes de la m\u00e9tropole, avec \u00ab\u2009des installations de proximit\u00e9 \u00e0 taille humaine\u2009\u00bb.<\/p>\n<p>Attendre les prochaines \u00e9lections<\/p>\n<p class=\" wall-content\">Les \u00e9lus ont toutefois trouv\u00e9 un consensus\u2009: le coeur du projet devra attendre les prochaines \u00e9lections municipales\/m\u00e9tropolitaines.<\/p>\n<p class=\" wall-content\">Fran\u00e7ois Driol a voulu calmer le jeu sur le calendrier du projet. \u00ab\u2009On a commenc\u00e9 \u00e0 discuter avec certains maires. \u00c7a ne se fera pas avant le mois de mars.\u2009\u00bb<\/p>\n<p class=\" wall-content\">Une d\u00e9cision approuv\u00e9e par Eric Berlivet\u2009: \u00ab\u2009Un tel projet engage le territoire <strong>pour 30 ou 40\u00a0ans<\/strong>. Le faire voter aujourd\u2019hui, sans attendre le renouvellement d\u00e9mocratique des ex\u00e9cutifs locaux, serait pr\u00e9cipit\u00e9, inappropri\u00e9 et profond\u00e9ment contestable sur le plan d\u00e9mocratique.\u2009\u00bb<\/p>\n<p class=\" wall-content\">Personnalisez votre actualit\u00e9 en ajoutant vos villes et m\u00e9dias en favori avec <a href=\"https:\/\/moncompte.actu.fr\" title=\"D\u00e9couvez Mon Actu\" rel=\"nofollow noopener\" data-trk=\"{&quot;cta&quot;:{&quot;action&quot;:&quot;https:\\\/\\\/moncompte.actu.fr&quot;,&quot;category&quot;:&quot;mon compte&quot;,&quot;from&quot;:&quot;article footer&quot;,&quot;name&quot;:&quot;Mon actu&quot;,&quot;type&quot;:&quot;cta&quot;}}\" target=\"_blank\">Mon Actu<\/a>.<\/p>\n","protected":false},"excerpt":{"rendered":"Par Mathias Souteyrat Publi\u00e9 le 10 janv. 2026 \u00e0 6h36 C\u2019\u00e9tait le sujet br\u00fblant du conseil de Saint-Etienne&hellip;\n","protected":false},"author":2,"featured_media":653477,"comment_status":"","ping_status":"","sticky":false,"template":"","format":"standard","meta":{"footnotes":""},"categories":[9653],"tags":[1111,11,2430,3008,1777,674,1011,27,12,52,3887,25,4001,10060],"class_list":{"0":"post-653476","1":"post","2":"type-post","3":"status-publish","4":"format-standard","5":"has-post-thumbnail","7":"category-saint-etienne","8":"tag-actu","9":"tag-actualites","10":"tag-auvergne-rhone-alpes","11":"tag-dechets","12":"tag-eu","13":"tag-europe","14":"tag-fr","15":"tag-france","16":"tag-news","17":"tag-planete","18":"tag-recyclage","19":"tag-republique-francaise","20":"tag-saint-etienne","21":"tag-saint-etienne-metropole"},"share_on_mastodon":{"url":"https:\/\/pubeurope.com\/@fr\/115869647164203828","error":""},"_links":{"self":[{"href":"https:\/\/www.europesays.com\/fr\/wp-json\/wp\/v2\/posts\/653476","targetHints":{"allow":["GET"]}}],"collection":[{"href":"https:\/\/www.europesays.com\/fr\/wp-json\/wp\/v2\/posts"}],"about":[{"href":"https:\/\/www.europesays.com\/fr\/wp-json\/wp\/v2\/types\/post"}],"author":[{"embeddable":true,"href":"https:\/\/www.europesays.com\/fr\/wp-json\/wp\/v2\/users\/2"}],"replies":[{"embeddable":true,"href":"https:\/\/www.europesays.com\/fr\/wp-json\/wp\/v2\/comments?post=653476"}],"version-history":[{"count":0,"href":"https:\/\/www.europesays.com\/fr\/wp-json\/wp\/v2\/posts\/653476\/revisions"}],"wp:featuredmedia":[{"embeddable":true,"href":"https:\/\/www.europesays.com\/fr\/wp-json\/wp\/v2\/media\/653477"}],"wp:attachment":[{"href":"https:\/\/www.europesays.com\/fr\/wp-json\/wp\/v2\/media?parent=653476"}],"wp:term":[{"taxonomy":"category","embeddable":true,"href":"https:\/\/www.europesays.com\/fr\/wp-json\/wp\/v2\/categories?post=653476"},{"taxonomy":"post_tag","embeddable":true,"href":"https:\/\/www.europesays.com\/fr\/wp-json\/wp\/v2\/tags?post=653476"}],"curies":[{"name":"wp","href":"https:\/\/api.w.org\/{rel}","templated":true}]}}