{"id":653480,"date":"2026-01-10T07:35:17","date_gmt":"2026-01-10T07:35:17","guid":{"rendered":"https:\/\/www.europesays.com\/fr\/653480\/"},"modified":"2026-01-10T07:35:17","modified_gmt":"2026-01-10T07:35:17","slug":"cette-etudiante-nanceienne-lance-une-appli","status":"publish","type":"post","link":"https:\/\/www.europesays.com\/fr\/653480\/","title":{"rendered":"cette \u00e9tudiante nanc\u00e9ienne lance une appli"},"content":{"rendered":"<p>Une appli de plus dans l\u2019univers de la s\u00e9curit\u00e9 personnelle et de la g\u00e9olocalisation\u00a0? Pas tout \u00e0 fait. Du moins pour Charline Petit, \u00e9tudiante en derni\u00e8re ann\u00e9e d\u2019\u00e9tude de d\u00e9veloppement informatique \u00e0 Epitech Nancy, son projet, sur lequel elle travaille depuis un an et demi, doit faire avancer la cause.<\/p>\n<p>Salu\u00e9e avec le prix coup de Coeur 2025 lors du challenge national des 15 \u00e9coles Epitech, son application \u201c <a href=\"https:\/\/play.google.com\/store\/apps\/details?id=com.safehelp.app&amp;hl=fr\" target=\"_blank\" rel=\"noopener\">Safehelp<\/a> \u201d s\u2019adresse \u00e0 tous les publics et pas uniquement f\u00e9minin. \u00ab\u00a0On peut tr\u00e8s bien imaginer qu\u2019un enfant adopte l\u2019application pour ces trajets quotidiens afin de rassurer ses parents. Bien s\u00fbr les femmes sont beaucoup plus expos\u00e9es \u00e0 cette ins\u00e9curit\u00e9, mais cela reste aussi l\u2019affaire de tous. Je ne compte pas le nombre de fois, moi ou des amis, nous rentrons chez nous\u00a0en conversation \u201cfacetime\u201d pour nous assurer que tout va bien sur le trajet. On n\u2019a pas tous un ami pour nous raccompagner. Donc je me suis appuy\u00e9e sur cette r\u00e9alit\u00e9 pour mon objet d\u2019\u00e9tude\u00a0\u00bb.<\/p>\n<p>A ce d\u00e9tail pr\u00e8s qu\u2019au prix d\u2019heures et nuits de codages, mais aussi de recherche de solutions informatiques, Charline et ses deux collaborateurs d\u2019Epitech Lille et Strasbourg, ont pouss\u00e9 le bouchon au-del\u00e0 des attentes de l\u2019\u00e9cole avec la mise en service de l\u2019application\u00a0: \u00ab\u00a0On a re\u00e7u la derni\u00e8re validation de notre application, pour iOS qui \u00e9tait plus compliqu\u00e9 \u00e0 mettre en \u0153uvre, le 24\u00a0d\u00e9cembre. C\u2019est un peu notre cadeau de No\u00ebl\u00a0\u00bb. Autrement dit, l\u2019application est \u00e0 pr\u00e9sent accessible gratuitement sur tous les smartphones.<\/p>\n<p>  Comment \u00e7a marche\u00a0?<\/p>\n<p>Dans l\u2019esprit de Charline Petit, il fallait un outil facile d\u2019utilisation, param\u00e9trable \u00e0 souhait. Ainsi est n\u00e9e une premi\u00e8re version. \u00ab\u00a0On mentionne son trajet sur l\u2019application, reli\u00e9 \u00e0 googlemap, ainsi que nos contacts avec qui on veut la partager. Si l\u2019on change de trajet, que l\u2019on reste immobile sur le trajet sans que l\u2019utilisateur ne l\u2019ai mentionn\u00e9, les contacts sont alors notifi\u00e9s et inform\u00e9s. Si l\u2019utilisateur actionne le SOS, le t\u00e9l\u00e9phone prend instantan\u00e9ment et automatiquement des photos et informe les contacts. Cela peut permettre une identification plut\u00f4t qu\u2019une plainte contre X\u00a0\u00bb rappelle l\u2019\u00e9tudiante.<\/p>\n<p>\u00c0 pr\u00e9sent, Charline aimerait d\u00e9velopper de nouvelles options, comme une alerte en cas du choc ou chute du t\u00e9l\u00e9phone, mais surtout faire conna\u00eetre ce nouvel outil qui pourrait aussi satisfaire des parents soucieux des d\u00e9placements de leurs enfants. Des incubateurs suivent de pr\u00e8s le projet amen\u00e9 \u00e0 se d\u00e9velopper en start-up. Pour l\u2019heure, Charline Petit aimerait faire conna\u00eetre son application\u00a0: \u00ab\u00a0Je pense \u00e0 la <a href=\"https:\/\/www.estrepublicain.fr\/societe\/2025\/11\/04\/ouverture-officielle-de-la-maison-des-femmes-a-nancy\" target=\"_blank\" rel=\"noopener\">Maison des Femmes<\/a> ou <a href=\"https:\/\/www.estrepublicain.fr\/sport\/2025\/11\/06\/c-est-un-vrai-phenomene-comment-le-blablarun-club-fait-courir-500-nanceiens-chaque-mardi\" target=\"_blank\" rel=\"noopener\">BlablaRun<\/a> \u00a0\u00bb. L\u2019appel est lanc\u00e9.<\/p>\n","protected":false},"excerpt":{"rendered":"Une appli de plus dans l\u2019univers de la s\u00e9curit\u00e9 personnelle et de la g\u00e9olocalisation\u00a0? Pas tout \u00e0 fait.&hellip;\n","protected":false},"author":2,"featured_media":653481,"comment_status":"","ping_status":"","sticky":false,"template":"","format":"standard","meta":{"footnotes":""},"categories":[9635],"tags":[1111,11,33,1707,1704,1706,1705,1057,4854,1777,674,1011,27,775,5015,1702,1703,12,25],"class_list":{"0":"post-653480","1":"post","2":"type-post","3":"status-publish","4":"format-standard","5":"has-post-thumbnail","7":"category-nancy","8":"tag-actu","9":"tag-actualites","10":"tag-economie","11":"tag-edition-luneville","12":"tag-edition-nancy-et-agglomeration","13":"tag-edition-pont-a-mousson","14":"tag-edition-toul","15":"tag-education","16":"tag-enseignement-superieur","17":"tag-eu","18":"tag-europe","19":"tag-fr","20":"tag-france","21":"tag-grand-est","22":"tag-innovation-et-start-up","23":"tag-nancy","24":"tag-nancy-ville-54b","25":"tag-news","26":"tag-republique-francaise"},"share_on_mastodon":{"url":"https:\/\/pubeurope.com\/@fr\/115869654891377227","error":""},"_links":{"self":[{"href":"https:\/\/www.europesays.com\/fr\/wp-json\/wp\/v2\/posts\/653480","targetHints":{"allow":["GET"]}}],"collection":[{"href":"https:\/\/www.europesays.com\/fr\/wp-json\/wp\/v2\/posts"}],"about":[{"href":"https:\/\/www.europesays.com\/fr\/wp-json\/wp\/v2\/types\/post"}],"author":[{"embeddable":true,"href":"https:\/\/www.europesays.com\/fr\/wp-json\/wp\/v2\/users\/2"}],"replies":[{"embeddable":true,"href":"https:\/\/www.europesays.com\/fr\/wp-json\/wp\/v2\/comments?post=653480"}],"version-history":[{"count":0,"href":"https:\/\/www.europesays.com\/fr\/wp-json\/wp\/v2\/posts\/653480\/revisions"}],"wp:featuredmedia":[{"embeddable":true,"href":"https:\/\/www.europesays.com\/fr\/wp-json\/wp\/v2\/media\/653481"}],"wp:attachment":[{"href":"https:\/\/www.europesays.com\/fr\/wp-json\/wp\/v2\/media?parent=653480"}],"wp:term":[{"taxonomy":"category","embeddable":true,"href":"https:\/\/www.europesays.com\/fr\/wp-json\/wp\/v2\/categories?post=653480"},{"taxonomy":"post_tag","embeddable":true,"href":"https:\/\/www.europesays.com\/fr\/wp-json\/wp\/v2\/tags?post=653480"}],"curies":[{"name":"wp","href":"https:\/\/api.w.org\/{rel}","templated":true}]}}