{"id":653490,"date":"2026-01-10T07:41:19","date_gmt":"2026-01-10T07:41:19","guid":{"rendered":"https:\/\/www.europesays.com\/fr\/653490\/"},"modified":"2026-01-10T07:41:19","modified_gmt":"2026-01-10T07:41:19","slug":"une-expo-a-montpellier-devoile-des-chefs-doeuvre-chinois-du-musee-guimet","status":"publish","type":"post","link":"https:\/\/www.europesays.com\/fr\/653490\/","title":{"rendered":"Une expo \u00e0 Montpellier d\u00e9voile des chefs-d\u2019\u0153uvre chinois du mus\u00e9e Guimet"},"content":{"rendered":"<p class=\"editor-content__paragraph\">Depuis le 13\u00a0d\u00e9cembre dernier, les<strong> arts de la Chine imp\u00e9riale<\/strong> sont \u00e0 l\u2019honneur \u00e0 l\u2019<strong>h\u00f4tel de Cabri\u00e8res-Sabatier d\u2019Espeyran<\/strong>, qui abrite le d\u00e9partement des arts d\u00e9coratifs du mus\u00e9e Fabre, situ\u00e9 \u00e0 deux pas. C\u2019est dans ce charmant \u00e9difice trop peu connu \u00e0 <strong>Montpellier<\/strong>, tout pr\u00e8s de la place de la Com\u00e9die, que s\u2019inscrit <strong>l\u2019une des \u00e9tapes de \u00ab\u00a0Guimet + \u00bb<\/strong>, dispositif visant \u00e0 faire d\u00e9couvrir les <strong>collections du mus\u00e9e national des arts asiatiques <\/strong>\u00e0 des visiteurs hors de la capitale.<\/p>\n<p class=\"editor-content__paragraph\">D\u00e9ploy\u00e9 sur quatre ans \u00e0 \u00e9chelle nationale, le projet a d\u2019abord \u00e9t\u00e9 exp\u00e9riment\u00e9 \u00e0 Clermont-Ferrand (mus\u00e9e d\u2019art Roger-Quilliot) et \u00e0 Digne-les-Bains (maison Alexandra David-N\u00e9el), proposant chaque ann\u00e9e un <strong>focus sur une aire culturelle diff\u00e9rente<\/strong>\u00a0: Chine donc, mais aussi Japon, monde himalayen et monde indien.<\/p>\n<p>    <img loading=\"lazy\" decoding=\"async\" class=\"image__img\" src=\"https:\/\/www.europesays.com\/fr\/wp-content\/uploads\/2026\/01\/web1140669-964x895.jpg\" alt=\"Vue de l\u2019exposition \u00ab\u00a0Guimet + Chine\u00a0\u00bb \u00e0 l\u2019h\u00f4tel de Cabri\u00e8res-Sabatier d\u2019Espeyran, Montpellier\" width=\"964\" height=\"895\"\/><\/p>\n<p>Vue de l\u2019exposition \u00ab\u00a0Guimet + Chine\u00a0\u00bb \u00e0 l\u2019h\u00f4tel de Cabri\u00e8res-Sabatier d\u2019Espeyran, Montpellier, 2025<\/p>\n<p>    i<\/p>\n<p class=\"legende__cartel\">\u00a9 Ce\u0301cile Marson \/ Montpellier3m<\/p>\n<p class=\"editor-content__paragraph\">Jusqu\u2019au 1er novembre 2026, les <strong>espaces opulents<\/strong>\u00a0de cet<strong> h\u00f4tel particulier<\/strong> fr\u00e9quent\u00e9 par la haute soci\u00e9t\u00e9 montpelli\u00e9raine du XIXe si\u00e8cle, richement d\u00e9cor\u00e9, contrastent avec le voyage asiatique qui nous est promis plus haut. Car au deuxi\u00e8me \u00e9tage r\u00e9am\u00e9nag\u00e9 pour l\u2019exposition, la sc\u00e9nographie se fait bien <strong>plus \u00e9pur\u00e9e<\/strong>, presque silencieuse. Le parcours s\u2019ouvre sur une <strong>vid\u00e9o introductive<\/strong> qui donne le ton\u00a0: soie, dragon, calligraphie ou encore acupuncture sont pr\u00e9sent\u00e9s non comme des clich\u00e9s sur la Chine, mais plut\u00f4t <strong>des rep\u00e8res familiers<\/strong> pour <strong>attiser la curiosit\u00e9<\/strong> du grand public.<\/p>\n<p>Une exploration de la culture chinoise<\/p>\n<p>    <img loading=\"lazy\" decoding=\"async\" class=\"image__img\" src=\"https:\/\/www.europesays.com\/fr\/wp-content\/uploads\/2026\/01\/ajg4354v-2-964x1330.jpg\" alt=\"Grand vase imp\u00e9rial avec d\u00e9cor de ph\u00e9nix et de dragon\" width=\"964\" height=\"1330\"\/><\/p>\n<p>Grand vase imp\u00e9rial avec d\u00e9cor de ph\u00e9nix et de dragon, P\u00e9riode du r\u00e8gne de Qianlong (1736\u20131795)<\/p>\n<p>    i<\/p>\n<p class=\"legende__cartel\">Porcelaine \u2022 \u00a9 MNAAG, Paris, GrandPalaisRmn \/ Photo Martine Beck-Coppola \/ Presse<\/p>\n<p class=\"editor-content__paragraph\">L\u2019exposition se divise en <strong>cinq grandes th\u00e9matiques<\/strong> (le sacr\u00e9, le prestige, le raffinement, la beaut\u00e9 et la transgression) et rassemble <strong>une trentaine d\u2019\u0153uvres<\/strong>. Dans la partie consacr\u00e9e au sacr\u00e9, <strong>un bodhisattva<\/strong> datant de la dynastie des Wei de l\u2019Est (534\u00a0\u2013 550), au model\u00e9 fin et pr\u00e9sentant des traces de polychromie, se d\u00e9voile pour la premi\u00e8re fois dans sa version restaur\u00e9e. \u00c0 ses c\u00f4t\u00e9s, des<strong> figurines de Lao Tseu<\/strong> t\u00e9moignent des dialogues et influences <strong>entre tao\u00efsme, bouddhisme et confucianisme<\/strong>, trois piliers de la pens\u00e9e sacr\u00e9e chinoise, tandis que des casques invitent \u00e0 entendre des <strong>po\u00e8mes chinois<\/strong>.<\/p>\n<p class=\"editor-content__paragraph\">Dans le \u00ab\u00a0studio du lettr\u00e9 \u00bb, on plonge d\u2019ailleurs dans<strong> l\u2019intimit\u00e9 studieuse d\u2019un po\u00e8te<\/strong> de l\u2019empire du Milieu, du lever au coucher du soleil, entre musique et calligraphie. Parmi les objets expos\u00e9s, des <strong>chaussures miniatures<\/strong>, vestiges de la pratique des pieds band\u00e9s, et un <strong>porte-miroir<\/strong> en forme de Xiniu de la dynastie Han (206\u00a0av. J.-C.-220\u00a0ap. J.-C.) \u00e9voquent raffinement et beaut\u00e9. Un majestueux <strong>rideau de sc\u00e8ne<\/strong> couvre un pan de mur entier\u00a0: fils de soie et fils dor\u00e9s sont brod\u00e9s avec finesse pour figurer des <strong>personnages embl\u00e9matiques de l\u2019op\u00e9ra chinois<\/strong> entour\u00e9s de dragons, de ph\u00e9nix et de fleurs. Symboles qu\u2019on retrouve, non loin, sur les <strong>vases en porcelaine<\/strong> des manufactures imp\u00e9riales de la dynastie Qing (1644\u20131912).<\/p>\n<p>    <img loading=\"lazy\" decoding=\"async\" class=\"image__img\" src=\"https:\/\/www.europesays.com\/fr\/wp-content\/uploads\/2026\/01\/une1140705-964x723.jpg\" alt=\"Immersion en Asie de l\u2019est \u00e0 l\u2019exposition \u00ab\u00a0Guimet + Chine\u00a0\u00bb \u00e0 l\u2019h\u00f4tel de Cabri\u00e8res-Sabatier d\u2019Espeyran, Montpellier\" width=\"964\" height=\"723\"\/><\/p>\n<p>Immersion en Asie de l\u2019est \u00e0 l\u2019exposition \u00ab\u00a0Guimet + Chine\u00a0\u00bb \u00e0 l\u2019h\u00f4tel de Cabri\u00e8res-Sabatier d\u2019Espeyran, Montpellier, 2025<\/p>\n<p>    i<\/p>\n<p class=\"legende__cartel\">\u00a9 Ce\u0301cile Marson \/ Montpellier3m<\/p>\n<p class=\"editor-content__paragraph\">Voyage olfactif avec des <strong>parfums \u00e0 sentir<\/strong> ou exploration d\u2019une \u0153uvre sur \u00e9cran, ces dispositifs interactifs invitent le spectateur \u00e0<strong> s\u2019immerger pleinement<\/strong> dans la culture chinoise.<\/p>\n<p>Faire d\u00e9couvrir \u00e0 tous les arts asiatiques<\/p>\n<p class=\"editor-content__paragraph\">Cette exposition pens\u00e9e par la commissaire Florence Hudowicz se revendique comme \u00e9minemment exp\u00e9rientielle afin de <strong>toucher tous les publics<\/strong>. Le voyage se prolonge donc agr\u00e9ablement par des <strong>ateliers pour enfants<\/strong>, des <strong>conf\u00e9rences<\/strong> ou encore des s\u00e9ances de qi gong.<\/p>\n<p class=\"editor-content__paragraph\">De quoi d\u00e9montrer, s\u2019il le fallait encore, le <strong>dynamisme du mus\u00e9e Guimet<\/strong> port\u00e9 par la politique volontariste de sa directrice Yannick Lintz, dont le mandat vient d\u2019\u00eatre renouvel\u00e9 le 11\u00a0d\u00e9cembre dernier, <a href=\"https:\/\/www.beauxarts.com\/grand-format\/la-disparition-du-mot-tibet-des-salles-de-deux-musees-parisiens-fait-polemique\/\" target=\"_blank\" rel=\"noopener\"><strong>en d\u00e9pit d\u2019accusations d\u2019invisibilisation du Tibet<\/strong><\/a> dans les collections du mus\u00e9e. En trois ans, l\u2019institution parisienne a, il faut le dire, <strong>doubl\u00e9 sa fr\u00e9quentation<\/strong> gr\u00e2ce \u00e0 son audacieuse programmation visant \u00e0 davantage <strong>d\u00e9mocratiser les arts asiatiques.<\/strong> Le projet \u00ab\u00a0Guimet + \u00bb n\u2019a pas fini son tour de France.<\/p>\n<p>Du 13 d\u00e9cembre 2025 au 1 novembre 2026<\/p>\n<p class=\"url-expo\"><a href=\"https:\/\/www.museefabre.fr\/guimet2025\" target=\"_blank\" rel=\"noopener\">www.museefabre.fr<\/a><\/p>\n<p class=\"annexe-content__infos\">Mus\u00e9e des Arts d\u00e9coratifs Sabatier d\u2019Espeyran \u2022 6 Rue Montpelli\u00e9ret \u2022 34000 Montpellier<br \/><a href=\"https:\/\/www.montpellier3m.fr\/equipement\/musee-des-arts-decoratifs-sabatier-despeyran\" target=\"_blank\" rel=\"noopener\">www.montpellier3m.fr<\/a><\/p>\n<p>        \u00c0 lire aussi :<br \/>\n        <a class=\"renvoi-explicite__link\" href=\"https:\/\/www.beauxarts.com\/expos\/lart-du-manga-triomphe-au-coeur-dune-grande-expo-au-musee-guimet-en-dialogue-avec-des-chefs-doeuvre-du-japon-ancien\/\" target=\"_blank\" rel=\"noopener\">L\u2019art du manga triomphe au c\u0153ur d\u2019une grande expo au mus\u00e9e Guimet, en dialogue avec des chefs-d\u2019\u0153uvre du Japon ancien<\/a><\/p>\n","protected":false},"excerpt":{"rendered":"Depuis le 13\u00a0d\u00e9cembre dernier, les arts de la Chine imp\u00e9riale sont \u00e0 l\u2019honneur \u00e0 l\u2019h\u00f4tel de Cabri\u00e8res-Sabatier d\u2019Espeyran,&hellip;\n","protected":false},"author":2,"featured_media":653491,"comment_status":"","ping_status":"","sticky":false,"template":"","format":"standard","meta":{"footnotes":""},"categories":[9599],"tags":[1111,11,14535,309,1777,674,1011,27,2208,75663,12,2680,25],"class_list":{"0":"post-653490","1":"post","2":"type-post","3":"status-publish","4":"format-standard","5":"has-post-thumbnail","7":"category-montpellier","8":"tag-actu","9":"tag-actualites","10":"tag-art-ancien","11":"tag-chine","12":"tag-eu","13":"tag-europe","14":"tag-fr","15":"tag-france","16":"tag-montpellier","17":"tag-musee-des-arts-decoratifs-sabatier-despeyran","18":"tag-news","19":"tag-occitanie","20":"tag-republique-francaise"},"share_on_mastodon":{"url":"https:\/\/pubeurope.com\/@fr\/115869678724909629","error":""},"_links":{"self":[{"href":"https:\/\/www.europesays.com\/fr\/wp-json\/wp\/v2\/posts\/653490","targetHints":{"allow":["GET"]}}],"collection":[{"href":"https:\/\/www.europesays.com\/fr\/wp-json\/wp\/v2\/posts"}],"about":[{"href":"https:\/\/www.europesays.com\/fr\/wp-json\/wp\/v2\/types\/post"}],"author":[{"embeddable":true,"href":"https:\/\/www.europesays.com\/fr\/wp-json\/wp\/v2\/users\/2"}],"replies":[{"embeddable":true,"href":"https:\/\/www.europesays.com\/fr\/wp-json\/wp\/v2\/comments?post=653490"}],"version-history":[{"count":0,"href":"https:\/\/www.europesays.com\/fr\/wp-json\/wp\/v2\/posts\/653490\/revisions"}],"wp:featuredmedia":[{"embeddable":true,"href":"https:\/\/www.europesays.com\/fr\/wp-json\/wp\/v2\/media\/653491"}],"wp:attachment":[{"href":"https:\/\/www.europesays.com\/fr\/wp-json\/wp\/v2\/media?parent=653490"}],"wp:term":[{"taxonomy":"category","embeddable":true,"href":"https:\/\/www.europesays.com\/fr\/wp-json\/wp\/v2\/categories?post=653490"},{"taxonomy":"post_tag","embeddable":true,"href":"https:\/\/www.europesays.com\/fr\/wp-json\/wp\/v2\/tags?post=653490"}],"curies":[{"name":"wp","href":"https:\/\/api.w.org\/{rel}","templated":true}]}}