{"id":653507,"date":"2026-01-10T07:53:09","date_gmt":"2026-01-10T07:53:09","guid":{"rendered":"https:\/\/www.europesays.com\/fr\/653507\/"},"modified":"2026-01-10T07:53:09","modified_gmt":"2026-01-10T07:53:09","slug":"nice-ces-deux-lieux-emblematiques-prennent-le-nom-de-brigitte-bardot-et-ce-nest-pas-un-hasard","status":"publish","type":"post","link":"https:\/\/www.europesays.com\/fr\/653507\/","title":{"rendered":"Nice. Ces deux lieux embl\u00e9matiques prennent le nom de Brigitte Bardot et ce n&rsquo;est pas un hasard"},"content":{"rendered":"<p>                    Par<br \/>\n        <strong><br \/>\n            <a href=\"https:\/\/actu.fr\/auteur\/arthur-frand\" title=\"Consulter tous les articles de Arthur Frand\" target=\"_blank\" rel=\"noopener\">Arthur Frand<\/a><br \/>\n                    <\/strong><\/p>\n<p>        Publi\u00e9 le<\/p>\n<p>            10 janv. 2026 \u00e0 7h36        <\/p>\n<p>La <strong>m\u00e9moire<\/strong> de Brigitte Bardot perp\u00e9tu\u00e9e \u00e0 <a href=\"https:\/\/actu.fr\/nice\/\" target=\"_blank\" rel=\"noopener\">Nice<\/a> dans les <a href=\"https:\/\/actu.fr\/provence-alpes-cote-d-azur\/alpes-maritimes_06\" target=\"_blank\" rel=\"noopener\">Alpes-Maritimes<\/a>. L\u2019actrice est d\u00e9c\u00e9d\u00e9e <a href=\"https:\/\/actu.fr\/loisirs-culture\/le-cancer-l-a-emportee-le-mari-de-brigitte-bardot-revele-les-causes-de-la-mort-de-l-actrice_63661725.html\" target=\"_blank\" rel=\"noopener\">le 28\u00a0d\u00e9cembre 2025<\/a>, \u00e0 l\u2019\u00e2ge de 91\u00a0ans. Elle a \u00e9t\u00e9 enterr\u00e9e ce mercredi 7\u00a0janvier 2026 dans le cimeti\u00e8re marin du village de p\u00eacheurs \u00e0 Saint-Tropez o\u00f9 elle s\u2019est install\u00e9e il y a plus de cinquante ans.<\/p>\n<p>    <a href=\"https:\/\/www.google.com\/maps\/embed?pb=!1m18!1m12!1m3!1d2884.9627945625334!2d7.241555296895528!3d43.690536875504456!2m3!1f0!2f0!3f0!3m2!1i1024!2i768!4f13.1!3m3!1m2!1s0x12cdd10020d6de75%3A0xee15d89d336a3ca9!2sPlage%20de%20Lenval%20H%C3%B4pital!5e0!3m2!1sfr!2sfr!4v1767976515137!5m2!1sfr!2sfr\" title=\"Ouvrie le lien\" target=\"_blank\" rel=\"noopener\">Cliquez ici pour visualiser le contenu<\/a><\/p>\n<p class=\" wall-content\">Apr\u00e8s le temps des au revoir, certaines villes ont d\u00e9cid\u00e9 de <strong>rendre hommage<\/strong> \u00e0 Brigitte Bardot \u00e0 leur fa\u00e7on. \u00c0 Nice, la ville a d\u00e9cid\u00e9 de <strong>rebaptiser<\/strong> un lieu \u00e0 son nom, la plage de Lenval. Mais pas que.<\/p>\n<p>\u00ab\u2009Un hommage \u00e0 son engagement historique\u2009\u00bb pour la cause animale<\/p>\n<p class=\" wall-content\">Ce vendredi 9\u00a0janvier, le maire de Nice, Christian Estrosi a annonc\u00e9 que deux \u00ab\u2009lieux\u2009\u00bb de la ville porteraient d\u00e9sormais le nom de Brigitte Bardot. Un <strong>choix logique<\/strong> selon l\u2019\u00e9dile.<\/p>\n<p class=\" wall-content\">\u00ab\u2009La Ville de Nice a d\u00e9cid\u00e9 de baptiser la plage de Lenval H\u00f4pital, ouverte aux animaux de compagnie, du nom de Brigitte Bardot, en hommage \u00e0 son engagement historique pour la cause animale\u2009\u00bb, a \u00e9crit Christian Estrosi sur X, en l\u00e9gende d\u2019une photo de BB devant les studios de la Victorine, \u00e0 l\u2019ouest de la ville. Et ce n\u2019est pas un hasard.<\/p>\n<p class=\" wall-content\">\n<p>Un plateau des Studios de la Victorine \u00e0 son nom<\/p>\n<p class=\" wall-content\">L\u2019<strong>un des plateaux<\/strong> portera aussi le nom de cette ic\u00f4ne du cin\u00e9ma fran\u00e7ais. Il s\u2019agit de celui \u00ab\u2009o\u00f9 fut notamment tourn\u00e9 Et Dieu\u2026 cr\u00e9a la femme\u2009\u00bb, l\u2019un des films cultes de Brigitte Bardot, a pr\u00e9cis\u00e9 l\u2019\u00e9dile. L\u2019occasion de faire le \u00ab\u2009lien entre patrimoine, culture et protection animale\u2009\u00bb, a-t-il justifi\u00e9.<\/p>\n<p class=\" wall-content\">Ces d\u00e9cisions ont \u00e9t\u00e9 approuv\u00e9es et vot\u00e9es vendredi 9\u00a0janvier 2026 en conseil municipal.<\/p>\n<p class=\" wall-content\">Personnalisez votre actualit\u00e9 en ajoutant vos villes et m\u00e9dias en favori avec <a href=\"https:\/\/moncompte.actu.fr\" title=\"D\u00e9couvez Mon Actu\" rel=\"nofollow noopener\" data-trk=\"{&quot;cta&quot;:{&quot;action&quot;:&quot;https:\\\/\\\/moncompte.actu.fr&quot;,&quot;category&quot;:&quot;mon compte&quot;,&quot;from&quot;:&quot;article footer&quot;,&quot;name&quot;:&quot;Mon actu&quot;,&quot;type&quot;:&quot;cta&quot;}}\" target=\"_blank\">Mon Actu<\/a>.<\/p>\n","protected":false},"excerpt":{"rendered":"Par Arthur Frand Publi\u00e9 le 10 janv. 2026 \u00e0 7h36 La m\u00e9moire de Brigitte Bardot perp\u00e9tu\u00e9e \u00e0 Nice&hellip;\n","protected":false},"author":2,"featured_media":653508,"comment_status":"","ping_status":"","sticky":false,"template":"","format":"standard","meta":{"footnotes":""},"categories":[2819],"tags":[1111,11,650,1777,674,1011,27,1391,12,2401,882,25,104],"class_list":{"0":"post-653507","1":"post","2":"type-post","3":"status-publish","4":"format-standard","5":"has-post-thumbnail","7":"category-nice","8":"tag-actu","9":"tag-actualites","10":"tag-cinema","11":"tag-eu","12":"tag-europe","13":"tag-fr","14":"tag-france","15":"tag-necrologie","16":"tag-news","17":"tag-nice","18":"tag-provence-alpes-cote-dazur","19":"tag-republique-francaise","20":"tag-societe"},"share_on_mastodon":{"url":"https:\/\/pubeurope.com\/@fr\/115869725683905476","error":""},"_links":{"self":[{"href":"https:\/\/www.europesays.com\/fr\/wp-json\/wp\/v2\/posts\/653507","targetHints":{"allow":["GET"]}}],"collection":[{"href":"https:\/\/www.europesays.com\/fr\/wp-json\/wp\/v2\/posts"}],"about":[{"href":"https:\/\/www.europesays.com\/fr\/wp-json\/wp\/v2\/types\/post"}],"author":[{"embeddable":true,"href":"https:\/\/www.europesays.com\/fr\/wp-json\/wp\/v2\/users\/2"}],"replies":[{"embeddable":true,"href":"https:\/\/www.europesays.com\/fr\/wp-json\/wp\/v2\/comments?post=653507"}],"version-history":[{"count":0,"href":"https:\/\/www.europesays.com\/fr\/wp-json\/wp\/v2\/posts\/653507\/revisions"}],"wp:featuredmedia":[{"embeddable":true,"href":"https:\/\/www.europesays.com\/fr\/wp-json\/wp\/v2\/media\/653508"}],"wp:attachment":[{"href":"https:\/\/www.europesays.com\/fr\/wp-json\/wp\/v2\/media?parent=653507"}],"wp:term":[{"taxonomy":"category","embeddable":true,"href":"https:\/\/www.europesays.com\/fr\/wp-json\/wp\/v2\/categories?post=653507"},{"taxonomy":"post_tag","embeddable":true,"href":"https:\/\/www.europesays.com\/fr\/wp-json\/wp\/v2\/tags?post=653507"}],"curies":[{"name":"wp","href":"https:\/\/api.w.org\/{rel}","templated":true}]}}