{"id":653521,"date":"2026-01-10T08:01:25","date_gmt":"2026-01-10T08:01:25","guid":{"rendered":"https:\/\/www.europesays.com\/fr\/653521\/"},"modified":"2026-01-10T08:01:25","modified_gmt":"2026-01-10T08:01:25","slug":"jean-castex-annonce-quil-va-etudier-un-possible-retour-de-la-ligne","status":"publish","type":"post","link":"https:\/\/www.europesays.com\/fr\/653521\/","title":{"rendered":"Jean Castex annonce qu\u2019il va \u00e9tudier un possible retour de la ligne"},"content":{"rendered":"<p>                    Par<br \/>\n        <strong><br \/>\n            <a href=\"https:\/\/actu.fr\/auteur\/william-lacaille\" title=\"Consulter tous les articles de William Lacaille\" target=\"_blank\" rel=\"noopener\">William Lacaille<\/a><br \/>\n                    <\/strong><\/p>\n<p>        Publi\u00e9 le<\/p>\n<p>            9 janv. 2026 \u00e0 16h54        <\/p>\n<p><strong>Cinq ans apr\u00e8s son arr\u00eat<\/strong>, la liaison <strong>TGV<\/strong> entre <a href=\"https:\/\/actu.fr\/grand-est\/mulhouse_68224\" target=\"_blank\" rel=\"noopener\">Mulhouse<\/a> et <a href=\"https:\/\/actu.fr\/lille\/\" target=\"_blank\" rel=\"noopener\">Lille<\/a> revient dans le d\u00e9bat. D\u2019apr\u00e8s <a href=\"https:\/\/www.lalsace.fr\/transport\/2026\/01\/08\/ligne-tgv-vers-lille-le-pdg-de-la-sncf-va-etudier-le-retour-avec-beaucoup-d-attention\" target=\"_blank\" rel=\"noopener\">L\u2019Alsace<\/a>, la ligne, suspendue en 2020 faute de rentabilit\u00e9, pourrait faire <strong>l\u2019objet d\u2019un nouvel examen<\/strong> au plus haut niveau de la <strong>SNCF.<\/strong> Voici ce que l\u2019on sait sur le <strong>potentiel projet du retour<\/strong> de la ligne.<\/p>\n<p>Une ligne interrompue, une hypoth\u00e8se relanc\u00e9e<\/p>\n<p class=\" wall-content\">En <strong>d\u00e9placement \u00e0<\/strong> <a href=\"https:\/\/actu.fr\/dijon\/\" target=\"_blank\" rel=\"noopener\">Dijon<\/a> ce jeudi 8\u00a0janvier 2026, Jean Castex, <strong>nouveau PDG du groupe<\/strong>, a indiqu\u00e9 qu\u2019il allait <strong>se pencher sur la question<\/strong>, selon les propos rapport\u00e9s par nos confr\u00e8res, qui s\u2019appuie sur une d\u00e9claration faite <strong>\u00e0 nos confr\u00e8res du <\/strong>Bien Public.<\/p>\n<p class=\" wall-content\">Lors de cette visite \u00e0 Dijon, <a href=\"https:\/\/actu.fr\/tag\/jean-castex\" target=\"_blank\" rel=\"noopener\">Jean Castex<\/a> a fait savoir, toujours selon L\u2019Alsace, qu\u2019il allait <strong>\u00e9tudier le potentiel r\u00e9tablissement<\/strong> de la liaison \u00ab\u2009avec <strong>beaucoup d\u2019attention<\/strong>\u2009\u00bb. Une prise de parole qui <strong>ne vaut pas annonce de retour<\/strong> imm\u00e9diat, mais qui marque, \u00e0 ce stade, <strong>une ouverture \u00e0 l\u2019id\u00e9e<\/strong>.<\/p>\n<p class=\" wall-content\">D\u2019apr\u00e8s L\u2019Alsace, le dirigeant a ainsi expliqu\u00e9\u2009: \u00ab\u2009Sur le principe, l\u2019id\u00e9e [de r\u00e9tablir cette ligne], je la comprends. Apr\u00e8s, <strong>il faut voir comment on peut la mettre en \u0153uvre<\/strong>.\u2009\u00bb La formulation, rapport\u00e9e par le journal, souligne qu\u2019une \u00e9ventuelle remise en service d\u00e9pendrait des <strong>conditions concr\u00e8tes<\/strong> de mise en place.<\/p>\n<p>Des arr\u00eats strat\u00e9giques sur l\u2019axe<\/p>\n<p class=\" wall-content\">Selon L\u2019Alsace, la <strong>liaison Mulhouse-Lille<\/strong> ne se limitait pas \u00e0 un simple trajet d\u2019un bout \u00e0 l\u2019autre de la France\u2009: elle desservait aussi <strong>Dijon<\/strong>, <strong>Marne-la-Vall\u00e9e \u2013 Disneyland<\/strong> et l\u2019a\u00e9roport <strong>Roissy-Charles-de-Gaulle<\/strong>. Autrement dit, un itin\u00e9raire combinant <strong>desserte r\u00e9gionale<\/strong> et acc\u00e8s \u00e0 des <strong>p\u00f4les majeurs<\/strong>, \u00e0 la fois <strong>touristiques<\/strong> et <strong>a\u00e9roportuaires<\/strong>.<\/p>\n<p class=\" wall-content\">Toujours d\u2019apr\u00e8s le journal alsacien, Jean Castex a \u00e9galement <strong>reli\u00e9 ce dossier<\/strong> \u00e0 la question de la <strong>concurrence ferroviaire<\/strong>. Il a notamment d\u00e9clar\u00e9\u2009: \u00ab\u2009Si les concurrents de la SNCF ne vont que sur les <strong>lignes rentables<\/strong> [\u2026], ce n\u2019est <strong>pas \u00e9quitable<\/strong>.\u2009\u00bb<\/p>\n<p>Votre r\u00e9gion, votre actu !<\/p>\n<p>Recevez chaque jour les infos qui comptent pour vous.<\/p>\n<p>\t<a href=\"https:\/\/actu.fr\/newsletter\" class=\"ac-btn ac-btn--corner ac-btn--medium ac-btn--blue800\" target=\"_blank\" rel=\"noopener\">S&rsquo;incrire<\/a><\/p>\n<p class=\" wall-content\">Une remarque qui, telle que rapport\u00e9e par L\u2019Alsace, laisse entendre que <strong>l\u2019\u00e9quilibre \u00e9conomique<\/strong> des dessertes et la r\u00e9partition des lignes entre op\u00e9rateurs <strong>p\u00e8sent dans la r\u00e9flexion<\/strong> autour d\u2019une liaison jug\u00e9e <strong>insuffisamment rentable<\/strong> lors de sa suspension en 2020.<\/p>\n<p class=\" wall-content\">Personnalisez votre actualit\u00e9 en ajoutant vos villes et m\u00e9dias en favori avec <a href=\"https:\/\/moncompte.actu.fr\" title=\"D\u00e9couvez Mon Actu\" rel=\"nofollow noopener\" data-trk=\"{&quot;cta&quot;:{&quot;action&quot;:&quot;https:\\\/\\\/moncompte.actu.fr&quot;,&quot;category&quot;:&quot;mon compte&quot;,&quot;from&quot;:&quot;article footer&quot;,&quot;name&quot;:&quot;Mon actu&quot;,&quot;type&quot;:&quot;cta&quot;}}\" target=\"_blank\">Mon Actu<\/a>.<\/p>\n","protected":false},"excerpt":{"rendered":"Par William Lacaille Publi\u00e9 le 9 janv. 2026 \u00e0 16h54 Cinq ans apr\u00e8s son arr\u00eat, la liaison TGV&hellip;\n","protected":false},"author":2,"featured_media":653522,"comment_status":"","ping_status":"","sticky":false,"template":"","format":"standard","meta":{"footnotes":""},"categories":[2815],"tags":[1111,11,1777,674,1011,27,811,34214,1307,12,25,2215,104,2803],"class_list":{"0":"post-653521","1":"post","2":"type-post","3":"status-publish","4":"format-standard","5":"has-post-thumbnail","7":"category-lille","8":"tag-actu","9":"tag-actualites","10":"tag-eu","11":"tag-europe","12":"tag-fr","13":"tag-france","14":"tag-hauts-de-france","15":"tag-jean-castex","16":"tag-lille","17":"tag-news","18":"tag-republique-francaise","19":"tag-sncf","20":"tag-societe","21":"tag-transport"},"share_on_mastodon":{"url":"https:\/\/pubeurope.com\/@fr\/115869757205202309","error":""},"_links":{"self":[{"href":"https:\/\/www.europesays.com\/fr\/wp-json\/wp\/v2\/posts\/653521","targetHints":{"allow":["GET"]}}],"collection":[{"href":"https:\/\/www.europesays.com\/fr\/wp-json\/wp\/v2\/posts"}],"about":[{"href":"https:\/\/www.europesays.com\/fr\/wp-json\/wp\/v2\/types\/post"}],"author":[{"embeddable":true,"href":"https:\/\/www.europesays.com\/fr\/wp-json\/wp\/v2\/users\/2"}],"replies":[{"embeddable":true,"href":"https:\/\/www.europesays.com\/fr\/wp-json\/wp\/v2\/comments?post=653521"}],"version-history":[{"count":0,"href":"https:\/\/www.europesays.com\/fr\/wp-json\/wp\/v2\/posts\/653521\/revisions"}],"wp:featuredmedia":[{"embeddable":true,"href":"https:\/\/www.europesays.com\/fr\/wp-json\/wp\/v2\/media\/653522"}],"wp:attachment":[{"href":"https:\/\/www.europesays.com\/fr\/wp-json\/wp\/v2\/media?parent=653521"}],"wp:term":[{"taxonomy":"category","embeddable":true,"href":"https:\/\/www.europesays.com\/fr\/wp-json\/wp\/v2\/categories?post=653521"},{"taxonomy":"post_tag","embeddable":true,"href":"https:\/\/www.europesays.com\/fr\/wp-json\/wp\/v2\/tags?post=653521"}],"curies":[{"name":"wp","href":"https:\/\/api.w.org\/{rel}","templated":true}]}}