{"id":653523,"date":"2026-01-10T08:02:10","date_gmt":"2026-01-10T08:02:10","guid":{"rendered":"https:\/\/www.europesays.com\/fr\/653523\/"},"modified":"2026-01-10T08:02:10","modified_gmt":"2026-01-10T08:02:10","slug":"une-hausse-des-frequentations-en-2025","status":"publish","type":"post","link":"https:\/\/www.europesays.com\/fr\/653523\/","title":{"rendered":"une hausse des fr\u00e9quentations en 2025"},"content":{"rendered":"<p>Une bonne nouvelle pour les mus\u00e9es de la Ville en ce d\u00e9but d\u2019ann\u00e9e, synonyme de bilans chiffr\u00e9s. Leur fr\u00e9quentation en\u00a02025 a augment\u00e9 de 30%\u00a0: 884\u00a0000 visiteurs contre 670\u00a0026 en\u00a02024. Un record (l\u2019ancien datait de\u00a02023 avec 684\u00a0641 visiteurs). Le mois d\u2019ao\u00fbt a notamment \u00e9t\u00e9 in\u00e9dit\u00a0: pour la premi\u00e8re fois, le seuil des 100\u00a0000 visiteurs a \u00e9t\u00e9 franchi en un mois (101\u00a0306). Des chiffres qui peuvent r\u00e9jouir mais qui restent en dessous de ce que l\u2019on pourrait attendre de la deuxi\u00e8me ville de France. Ne serait-ce qu\u2019au regard de la ville d\u2019Aix, dont le mus\u00e9e Granet a comptabilis\u00e9 \u00e0 lui seul 350\u00a0000 visiteurs pour<a href=\"https:\/\/www.laprovence.com\/article\/region\/5494768253141514\/pari-reussi-pour-le-musee-granet-l-exposition-cezanne-2025-a-aix-en-provence-passe-le-cap-des-300-000-billets-vendus\" target=\"_blank\" rel=\"noopener\"> son exposition Cezanne au Jas de Bouffan.<\/a><\/p>\n<p>Pour plusieurs mus\u00e9es municipaux, le cru 2025 est cependant historique. Le Centre de la Vieille Charit\u00e9 d\u00e9passe les 270\u00a0000 visiteurs battant son record de\u00a02018 (249\u00a0447). Le Mus\u00e9e d\u2019Histoire franchit pour la premi\u00e8re fois la barre des 110\u00a0000. Le Pr\u00e9au des Accoules, le mus\u00e9e des enfants, affiche plus de 37\u00a0000 visiteurs, tandis que le M\u00e9morial des d\u00e9portations d\u00e9passe les 28\u00a0000 entr\u00e9es, battant son record de\u00a02024. De leur c\u00f4t\u00e9, le Mus\u00e9e des Beaux-Arts (99\u00a0000), le Mus\u00e9e des Arts d\u00e9coratifs, de la Fa\u00efence et de la Mode du Ch\u00e2teau Bor\u00e9ly (44\u00a0000) et le Mus\u00e9e Cantini (plus de 68\u00a0000) atteignent leur plus haut niveau de fr\u00e9quentation depuis plusieurs ann\u00e9es.<\/p>\n<p>Pour rappel, l\u2019acc\u00e8s aux collections permanentes des mus\u00e9es de la Ville est gratuit depuis\u00a02021, les expos temporaires sont gratuites leur premier jour et le premier dimanche de chaque mois. Beaucoup d\u2019entre elles sont enti\u00e8rement gratuites.<\/p>\n","protected":false},"excerpt":{"rendered":"Une bonne nouvelle pour les mus\u00e9es de la Ville en ce d\u00e9but d\u2019ann\u00e9e, synonyme de bilans chiffr\u00e9s. Leur&hellip;\n","protected":false},"author":2,"featured_media":653524,"comment_status":"","ping_status":"","sticky":false,"template":"","format":"standard","meta":{"footnotes":""},"categories":[2814],"tags":[5734,1111,11,251,1777,674,1011,27,151,884,7107,12,2537,75664,882,25,96,7919],"class_list":{"0":"post-653523","1":"post","2":"type-post","3":"status-publish","4":"format-standard","5":"has-post-thumbnail","7":"category-marseille","8":"tag-5734","9":"tag-actu","10":"tag-actualites","11":"tag-culture","12":"tag-eu","13":"tag-europe","14":"tag-fr","15":"tag-france","16":"tag-les","17":"tag-marseille","18":"tag-musees","19":"tag-news","20":"tag-ont","21":"tag-poupe","22":"tag-provence-alpes-cote-dazur","23":"tag-republique-francaise","24":"tag-une","25":"tag-vent"},"share_on_mastodon":{"url":"https:\/\/pubeurope.com\/@fr\/115869761071593170","error":""},"_links":{"self":[{"href":"https:\/\/www.europesays.com\/fr\/wp-json\/wp\/v2\/posts\/653523","targetHints":{"allow":["GET"]}}],"collection":[{"href":"https:\/\/www.europesays.com\/fr\/wp-json\/wp\/v2\/posts"}],"about":[{"href":"https:\/\/www.europesays.com\/fr\/wp-json\/wp\/v2\/types\/post"}],"author":[{"embeddable":true,"href":"https:\/\/www.europesays.com\/fr\/wp-json\/wp\/v2\/users\/2"}],"replies":[{"embeddable":true,"href":"https:\/\/www.europesays.com\/fr\/wp-json\/wp\/v2\/comments?post=653523"}],"version-history":[{"count":0,"href":"https:\/\/www.europesays.com\/fr\/wp-json\/wp\/v2\/posts\/653523\/revisions"}],"wp:featuredmedia":[{"embeddable":true,"href":"https:\/\/www.europesays.com\/fr\/wp-json\/wp\/v2\/media\/653524"}],"wp:attachment":[{"href":"https:\/\/www.europesays.com\/fr\/wp-json\/wp\/v2\/media?parent=653523"}],"wp:term":[{"taxonomy":"category","embeddable":true,"href":"https:\/\/www.europesays.com\/fr\/wp-json\/wp\/v2\/categories?post=653523"},{"taxonomy":"post_tag","embeddable":true,"href":"https:\/\/www.europesays.com\/fr\/wp-json\/wp\/v2\/tags?post=653523"}],"curies":[{"name":"wp","href":"https:\/\/api.w.org\/{rel}","templated":true}]}}