{"id":653529,"date":"2026-01-10T08:05:10","date_gmt":"2026-01-10T08:05:10","guid":{"rendered":"https:\/\/www.europesays.com\/fr\/653529\/"},"modified":"2026-01-10T08:05:10","modified_gmt":"2026-01-10T08:05:10","slug":"disneyland-paris-recrute-a-lyon-avec-500-emplois-a-pourvoir-voici-comment-candidater","status":"publish","type":"post","link":"https:\/\/www.europesays.com\/fr\/653529\/","title":{"rendered":"Disneyland Paris recrute \u00e0 Lyon avec 500 emplois \u00e0 pourvoir, voici comment candidater"},"content":{"rendered":"<p>                    Par<br \/>\n        <strong><br \/>\n            <a href=\"https:\/\/actu.fr\/auteur\/ludivine-caporal\" title=\"Consulter tous les articles de Ludivine Caporal\" target=\"_blank\" rel=\"noopener\">Ludivine Caporal<\/a><br \/>\n                    <\/strong><\/p>\n<p>        Publi\u00e9 le<\/p>\n<p>            10 janv. 2026 \u00e0 7h14        <\/p>\n<p>Vous r\u00eavez de travailler au sein du parc <a href=\"https:\/\/actu.fr\/tag\/disneyland-paris\" target=\"_blank\" rel=\"noopener\">Disneyland Paris<\/a> ? C\u2019est le moment de tenter votre chance.<\/p>\n<p class=\" wall-content\">La premi\u00e8re destination touristique d\u2019Europe est en pleine campagne de recrutement et fait son dernier arr\u00eat \u00e0 <a href=\"https:\/\/actu.fr\/auvergne-rhone-alpes\/lyon_69123\" target=\"_blank\" rel=\"noopener\">Lyon<\/a>, le <strong>jeudi 15 janvier 2026<\/strong>. Des recruteurs seront pr\u00e9sents toute la journ\u00e9e pour rencontrer les candidats int\u00e9ress\u00e9s au sein de <strong>l\u2019h\u00f4tel Mercure Lyon Centre de Villeurbanne.<\/strong><\/p>\n<p>Surtout de la restauration<\/p>\n<p class=\" wall-content\">Plus de 500 postes seront donc \u00e0 pourvoir avec \u00ab\u00a0un fort accent sur les m\u00e9tiers de la restauration.\u00a0\u00bb<\/p>\n<p class=\" wall-content\">\u00ab\u00a0Des <strong>CDI et CDD<\/strong> sont notamment propos\u00e9s en service et en cuisine (commis, chef de partie, demi-chef de partie), pour une dur\u00e9e minimale de 4 mois, incluant la p\u00e9riode estivale\u00a0\u00bb, au sein de la cinquantaine de points de restauration existants.<\/p>\n<p class=\" wall-content\">\u00ab\u00a0Au-del\u00e0 de la restauration, Disneyland Paris recherche \u00e9galement des profils dans les services techniques, l\u2019horticulture et les technologies du spectacle pour contribuer \u00e0 donner vie aux nouveaux lands et garantir une exp\u00e9rience magique et immersive aux visiteurs.\u00a0\u00bb<\/p>\n<p>CV et carte d\u2019identit\u00e9 obligatoires<\/p>\n<p class=\" wall-content\">Pour postuler et vous inscrire \u00e0 cette journ\u00e9e, il vous suffit de r\u00e9server votre cr\u00e9neau d\u2019entretien <a href=\"http:\/\/careers.disneylandparis.com\/\" target=\"_blank\" rel=\"noopener\">sur ce lien<\/a> ou de tenter de venir directement sur place pour rencontrer les recruteurs, avec un CV et une carte d\u2019identit\u00e9 en cours de validit\u00e9.<\/p>\n<p class=\" wall-content\">Les entretiens se d\u00e9rouleront en fran\u00e7ais, avec des comp\u00e9tences en anglais parfois requises selon les postes. Rejoindre le parc d\u00e8s la saison de No\u00ebl 2025 est par ailleurs une possibilit\u00e9.<\/p>\n<p class=\" wall-content\">Personnalisez votre actualit\u00e9 en ajoutant vos villes et m\u00e9dias en favori avec <a href=\"https:\/\/moncompte.actu.fr\" title=\"D\u00e9couvez Mon Actu\" rel=\"nofollow noopener\" data-trk=\"{&quot;cta&quot;:{&quot;action&quot;:&quot;https:\\\/\\\/moncompte.actu.fr&quot;,&quot;category&quot;:&quot;mon compte&quot;,&quot;from&quot;:&quot;article footer&quot;,&quot;name&quot;:&quot;Mon actu&quot;,&quot;type&quot;:&quot;cta&quot;}}\" target=\"_blank\">Mon Actu<\/a>.<\/p>\n","protected":false},"excerpt":{"rendered":"Par Ludivine Caporal Publi\u00e9 le 10 janv. 2026 \u00e0 7h14 Vous r\u00eavez de travailler au sein du parc&hellip;\n","protected":false},"author":2,"featured_media":653530,"comment_status":"","ping_status":"","sticky":false,"template":"","format":"standard","meta":{"footnotes":""},"categories":[1889],"tags":[1111,11,2430,4906,341,1777,674,1011,27,2428,12,25,104],"class_list":{"0":"post-653529","1":"post","2":"type-post","3":"status-publish","4":"format-standard","5":"has-post-thumbnail","7":"category-lyon","8":"tag-actu","9":"tag-actualites","10":"tag-auvergne-rhone-alpes","11":"tag-disneyland-paris","12":"tag-emploi","13":"tag-eu","14":"tag-europe","15":"tag-fr","16":"tag-france","17":"tag-lyon","18":"tag-news","19":"tag-republique-francaise","20":"tag-societe"},"share_on_mastodon":{"url":"https:\/\/pubeurope.com\/@fr\/115869772818829596","error":""},"_links":{"self":[{"href":"https:\/\/www.europesays.com\/fr\/wp-json\/wp\/v2\/posts\/653529","targetHints":{"allow":["GET"]}}],"collection":[{"href":"https:\/\/www.europesays.com\/fr\/wp-json\/wp\/v2\/posts"}],"about":[{"href":"https:\/\/www.europesays.com\/fr\/wp-json\/wp\/v2\/types\/post"}],"author":[{"embeddable":true,"href":"https:\/\/www.europesays.com\/fr\/wp-json\/wp\/v2\/users\/2"}],"replies":[{"embeddable":true,"href":"https:\/\/www.europesays.com\/fr\/wp-json\/wp\/v2\/comments?post=653529"}],"version-history":[{"count":0,"href":"https:\/\/www.europesays.com\/fr\/wp-json\/wp\/v2\/posts\/653529\/revisions"}],"wp:featuredmedia":[{"embeddable":true,"href":"https:\/\/www.europesays.com\/fr\/wp-json\/wp\/v2\/media\/653530"}],"wp:attachment":[{"href":"https:\/\/www.europesays.com\/fr\/wp-json\/wp\/v2\/media?parent=653529"}],"wp:term":[{"taxonomy":"category","embeddable":true,"href":"https:\/\/www.europesays.com\/fr\/wp-json\/wp\/v2\/categories?post=653529"},{"taxonomy":"post_tag","embeddable":true,"href":"https:\/\/www.europesays.com\/fr\/wp-json\/wp\/v2\/tags?post=653529"}],"curies":[{"name":"wp","href":"https:\/\/api.w.org\/{rel}","templated":true}]}}