{"id":653550,"date":"2026-01-10T08:17:23","date_gmt":"2026-01-10T08:17:23","guid":{"rendered":"https:\/\/www.europesays.com\/fr\/653550\/"},"modified":"2026-01-10T08:17:23","modified_gmt":"2026-01-10T08:17:23","slug":"a-bourg-antony-labanca-a-change-de-dimension","status":"publish","type":"post","link":"https:\/\/www.europesays.com\/fr\/653550\/","title":{"rendered":"\u00e0 Bourg, Antony Labanca a chang\u00e9 de dimension"},"content":{"rendered":"<p>Il aura attendu d\u2019avoir 31 ans pour \u00eatre retenu au concours \u00e0 trois points du All-Star Game. Antony Labanca a pleinement savour\u00e9 sa pr\u00e9sence au traditionnel raout du basket hexagonal, une joie amplifi\u00e9e par <a href=\"https:\/\/www.dna.fr\/sport\/2025\/12\/28\/j-ai-pris-la-mesure-du-rythme-antony-labanca-raconte-son-concours-gagnant-au-all-star-game\" target=\"_blank\" rel=\"noopener\">une victoire dans un exercice dont il a fait sa sp\u00e9cialit\u00e9<\/a>. Avec lucidit\u00e9, l\u2019arri\u00e8re alsacien (1,92\u200am) y a vu le signe d\u2019un changement de dimension, intervenu depuis son arriv\u00e9e \u00e0 Bourg-en-Bresse.<\/p>\n<p>Apr\u00e8s cinq ans pass\u00e9s \u00e0 Nancy o\u00f9 il avait r\u00e9alis\u00e9 plusieurs bonnes saisons et install\u00e9 sa petite famille, le Strasbourgeois a accept\u00e9 le challenge propos\u00e9 par la JL Bourg.<\/p>\n<p>\u00ab\u200aC\u2019est Fran\u00e7ois Lamy, le directeur sportif, qui m\u2019a contact\u00e9. Il m\u2019a expos\u00e9&#8230;<\/p>\n","protected":false},"excerpt":{"rendered":"Il aura attendu d\u2019avoir 31 ans pour \u00eatre retenu au concours \u00e0 trois points du All-Star Game. Antony&hellip;\n","protected":false},"author":2,"featured_media":653551,"comment_status":"","ping_status":"","sticky":false,"template":"","format":"standard","meta":{"footnotes":""},"categories":[1586],"tags":[11,2389,2649,1791,2880,1777,674,107,1011,27,12,25,4604,3543,517,640],"class_list":{"0":"post-653550","1":"post","2":"type-post","3":"status-publish","4":"format-standard","5":"has-post-thumbnail","7":"category-europe","8":"tag-actualites","9":"tag-alsace","10":"tag-bas-rhin","11":"tag-basket-ball","12":"tag-edition-strasbourg","13":"tag-eu","14":"tag-europe","15":"tag-fil-info","16":"tag-fr","17":"tag-france","18":"tag-news","19":"tag-republique-francaise","20":"tag-selection-abonne","21":"tag-sig-strasbourg","22":"tag-sport","23":"tag-strasbourg"},"share_on_mastodon":{"url":"https:\/\/pubeurope.com\/@fr\/115869820072591278","error":""},"_links":{"self":[{"href":"https:\/\/www.europesays.com\/fr\/wp-json\/wp\/v2\/posts\/653550","targetHints":{"allow":["GET"]}}],"collection":[{"href":"https:\/\/www.europesays.com\/fr\/wp-json\/wp\/v2\/posts"}],"about":[{"href":"https:\/\/www.europesays.com\/fr\/wp-json\/wp\/v2\/types\/post"}],"author":[{"embeddable":true,"href":"https:\/\/www.europesays.com\/fr\/wp-json\/wp\/v2\/users\/2"}],"replies":[{"embeddable":true,"href":"https:\/\/www.europesays.com\/fr\/wp-json\/wp\/v2\/comments?post=653550"}],"version-history":[{"count":0,"href":"https:\/\/www.europesays.com\/fr\/wp-json\/wp\/v2\/posts\/653550\/revisions"}],"wp:featuredmedia":[{"embeddable":true,"href":"https:\/\/www.europesays.com\/fr\/wp-json\/wp\/v2\/media\/653551"}],"wp:attachment":[{"href":"https:\/\/www.europesays.com\/fr\/wp-json\/wp\/v2\/media?parent=653550"}],"wp:term":[{"taxonomy":"category","embeddable":true,"href":"https:\/\/www.europesays.com\/fr\/wp-json\/wp\/v2\/categories?post=653550"},{"taxonomy":"post_tag","embeddable":true,"href":"https:\/\/www.europesays.com\/fr\/wp-json\/wp\/v2\/tags?post=653550"}],"curies":[{"name":"wp","href":"https:\/\/api.w.org\/{rel}","templated":true}]}}