{"id":653570,"date":"2026-01-10T08:32:13","date_gmt":"2026-01-10T08:32:13","guid":{"rendered":"https:\/\/www.europesays.com\/fr\/653570\/"},"modified":"2026-01-10T08:32:13","modified_gmt":"2026-01-10T08:32:13","slug":"tarn-et-garonnaise-de-lannee-2025-emilie-prouchet-dalla-costa-le-metal-a-fleur-de-peau","status":"publish","type":"post","link":"https:\/\/www.europesays.com\/fr\/653570\/","title":{"rendered":"Tarn-et-Garonnaise de l\u2019ann\u00e9e 2025\u00a0: \u00c9milie Prouchet-Dalla Costa, le m\u00e9tal \u00e0 fleur de peau"},"content":{"rendered":"<p>\n                                                                    l&rsquo;essentiel<br \/>\n                                                                Impossible de passer \u00e0 c\u00f4t\u00e9 de l\u2019empreinte qu\u2019elle est en train de laisser dans ce d\u00e9partement qu\u2019elle aime tant. \u00c0 N\u00e8grepelisse, l\u2019artiste tarn-et-garonnaise \u00c9milie Prouchet-Dalla Costa encha\u00eene les projets de sculptures monumentales. Apr\u00e8s \u00ab\u00a0Voyage au c\u0153ur du sein\u00a0\u00bb, elle s\u2019appr\u00eate \u00e0, de nouveau, investir la ville de Montauban dans des proportions ahurissantes.\n                            <\/p>\n<p>Elle a achet\u00e9 ses premiers chalumeaux alors qu\u2019elle n\u2019\u00e9tait qu\u2019une ado. Depuis, cette flamboyante artiste n\u2019a eu de cesse de dompter l\u2019impensable. \u00c0 N\u00e8grepelisse, \u00c9milie Prouchet-Dalla Costa, 41ans, s\u2019impose comme une sculptrice monumentale. On lui doit notamment Le Puits, install\u00e9e dans sa commune ch\u00e9rie, Les Fl\u00e8ches d\u2019H\u00e9rakl\u00e8s archer, \u00e0 Montauban, ou encore \u00ab\u00a0Voyage au c\u0153ur du sein\u00a0\u00bb, cette visite immersive et surdimensionn\u00e9e pr\u00f4nant le d\u00e9pistage du cancer, qui a d\u00e9j\u00e0 \u00e9cum\u00e9 pas moins de 50 villes en France.<\/p>\n<p>\u00ab\u00a0Ce qui me fait le plus plaisir, c\u2019est de voir les gens s\u2019approprier mes \u0153uvres. Je sais que de plus en plus d\u2019amoureux se donnent rendez-vous devant Les Fl\u00e8ches, peut-\u00eatre en pensant qu\u2019il s\u2019agit d\u2019une allusion \u00e0 Cupidon, mais qu\u2019importe. Je remarque aussi que pendant le march\u00e9 du samedi, certains commer\u00e7ants accrochent leurs v\u00eatements dessus, \u00e7a me fait plaisir car c\u2019est \u00e0 cela que l\u2019on voit qu\u2019une \u0153uvre est r\u00e9ussie\u00a0: les gens se l\u2019approprient.\u00a0\u00bb<\/p>\n<p>        <img decoding=\"async\" class=\"std-img__img responsive-img\" src=\"https:\/\/www.europesays.com\/fr\/wp-content\/uploads\/2026\/01\/1768033931_756_image.jpg\" alt=\"On lui doit notamment Le Puits, install\u00e9e dans sa commune ch\u00e9rie, Les Fl\u00e8ches d\u2019H\u00e9rakl\u00e8s archer, \u00e0 Montauban, ou encore \u00ab\u00a0Voyage au c\u0153ur du sein\u00a0\u00bb, cette visite immersive et surdimensionn\u00e9e pr\u00f4nant le d\u00e9pistage du cancer, qui a d\u00e9j\u00e0 \u00e9cum\u00e9 pas moins de 50 villes en France.\"\/><\/p>\n<p>                On lui doit notamment Le Puits, install\u00e9e dans sa commune ch\u00e9rie, Les Fl\u00e8ches d\u2019H\u00e9rakl\u00e8s archer, \u00e0 Montauban, ou encore \u00ab\u00a0Voyage au c\u0153ur du sein\u00a0\u00bb, cette visite immersive et surdimensionn\u00e9e pr\u00f4nant le d\u00e9pistage du cancer, qui a d\u00e9j\u00e0 \u00e9cum\u00e9 pas moins de 50 villes en France.<br \/>\n                                    DDM &#8211; MANUEL MASSIP<\/p>\n<p>En l\u2019observant \u00e9voluer dans son gigantesque atelier o\u00f9 la forge, les cisailles, plieuses et autres rouleuses \u00e0 galets sont ici chez elles, on pourrait croire qu\u2019il est ais\u00e9 d\u2019apprivoiser des tonnes de m\u00e9tal. En m\u00eame temps, elle n\u2019a besoin que de son carnet crayonn\u00e9 qu\u2019elle seule est en capacit\u00e9 de d\u00e9crypter.<\/p>\n<p>\u00ab\u00a0Je pense que c\u2019est ce choc qui m\u2019a conduit \u00e0 vouloir ma\u00eetriser le feu\u00a0\u00bb<\/p>\n<p>\u00ab\u00a0Je suis tr\u00e8s longue \u00e0 la r\u00e9flexion et j\u2019en sors des m\u2026 ds (rires)\u00a0! Parfois, \u00e7a m\u2019emp\u00eache de dormir car c\u2019est aussi un saut dans le vide, m\u00eame si cette angoisse est motrice\u2026 Alors je vais marcher avec mes chiens, surtout sans t\u00e9l\u00e9phone. Je cherche mes sculptures comme d\u2019autres cherchent les champignons. Car si on commence \u00e0 fouiller sur Internet, in\u00e9vitablement, on copie, m\u00eame sans le vouloir. Et une fois que j\u2019ai l\u2019\u0153uvre dans ma t\u00eate, je dessine juste les proportions. Si on se rate l\u00e0-dessus pour une sculpture monumentale, c\u2019est dramatique. Plus l\u2019\u0153uvre est simple, plus l\u2019harmonie est complexe \u00e0 trouver\u00a0\u00bb, l\u00e2che celle qui entretient un rapport quasiment charnel \u00e0 l\u2019\u00e9tincelle. \u00ab\u00a0Le m\u00e9tal, j\u2019y suis arriv\u00e9e par la flamme. Pour moi, le feu a surtout \u00e9t\u00e9 un moyen de tomber amoureuse du m\u00e9tal. J\u2019aime profond\u00e9ment l\u2019acier, son odeur et m\u00eame, les traces incrust\u00e9es qu\u2019il laisse sur mes mains. Rudy Ricciotti dit que l\u2019architecture est un sport de combat, pour moi, c\u2019est pareil\u00a0: je me bats avec la mati\u00e8re.\u00a0\u00bb<\/p>\n<p>    Bient\u00f4t une statue XXL en hommage \u00e0 Nanou Poujol<\/p>\n<p>Elle n\u2019est pas vraiment branch\u00e9e dates. On va donc se concentrer sur l\u2019avenir puisqu\u2019\u00c9milie Prouchet-Dalla Costa aborde 2026 avec un d\u00e9fi in\u00e9dit\u00a0: r\u00e9aliser une statue de 8 m\u00e8tres de haut pour 12,80\u00a0m de large qui tr\u00f4nera d\u2019ici quelques mois \u00e0 Montauban. Le mandataire de ce projet hors-norme n\u2019est autre que le promoteur immobilier G\u00e9rard Poujol qui a souhait\u00e9 rendre hommage \u00e0 sa d\u00e9funte \u00e9pouse, Danielle surnomm\u00e9e \u00ab\u00a0Nanou\u00a0\u00bb.<\/p>\n<p>Il a ainsi sollicit\u00e9 l\u2019artiste de N\u00e8grepelisse pour redonner vie \u00e0 l\u2019armature de l\u2019ancienne halle des parapluies Ligou, install\u00e9e jusqu\u2019en 2004 sur la place Prax-Paris, \u00e0 Montauban. Vingt ans que ces tubes d\u2019acier sommeillaient sous un tas de ronces de la zone nord. Ils sont d\u00e9sormais entre de bonnes mains, d\u00e9j\u00e0 fa\u00e7onn\u00e9s en formes de c\u0153ur, tel un clin d\u2019\u0153il \u00e0 cette union qui a aussi contribu\u00e9 \u00e0 esquisser le Montauban d\u2019aujourd\u2019hui. \u00ab\u00a0C\u2019est bien connu\u00a0: derri\u00e8re chaque grand homme se cache une grande dame\u00a0\u00bb, sourit \u00c9milie Prouchet-Dalla Costa en r\u00e9f\u00e9rence \u00e0 Nanou Poujol.<\/p>\n<p>\u00ab\u00a0Dans le contexte actuel d\u2019un monde qui se d\u00e9chire, amener de l\u2019amour et de l\u2019esp\u00e9rance, \u00e7a ne fera pas de mal. Alors oui, c\u2019est une lecture un peu mi\u00e8vre mais en m\u00eame temps, pourquoi toujours proposer des concepts chiants\u00a0? Les c\u0153urs, \u00e7a parle \u00e0 tout le monde\u00a0\u00bb, poursuit celle qui est en train de dompter entre 12 et 15 tonnes d\u2019acier. D\u2019ici peu, cette gigantesque sculpture intitul\u00e9e \u00ab\u00a0Les C\u0153urs de Geda\u00a0\u00bb tr\u00f4nera sur l\u2019un des ronds-points de Montauban puisque G\u00e9rard Poujol s\u2019est engag\u00e9 \u00e0 l\u2019offrir \u00e0 la Ville.<\/p>\n<p>Faut-il y d\u00e9celer un lien avec cet incendie qui a ravag\u00e9 la propri\u00e9t\u00e9 familiale alors qu\u2019\u00c9milie Prouchet-Dalla Costa n\u2019\u00e9tait \u00e2g\u00e9e que de 10 ans\u00a0? \u00ab\u00a0Il y avait des flammes de 30 m\u00e8tres de haut, c\u2019\u00e9tait vraiment impressionnant. Je pense que c\u2019est ce choc qui m\u2019a conduit \u00e0 vouloir ma\u00eetriser le feu.\u00a0\u00bb Alors s\u00fbrement de mani\u00e8re totalement inconsciente, la fille d\u2019agriculteurs s\u2019est prise de passion pour tous ces fers \u00e0 souder et ces meuleuses qu\u2019elle d\u00e9nichait sur la ferme de ses parents. \u00ab\u00a0Ils auraient bien aim\u00e9 que je r\u00e9vise un peu plus mon bac\u2026\u00a0\u00bb<\/p>\n<p>\u00ab\u00a0N\u00e8grepelisse, c\u2019est le centre du monde\u00a0\u00bb<\/p>\n<p>C\u2019est ce qu\u2019elle a fait mais entre deux de ses premi\u00e8res sculptures\u00a0: un P\u00e9ruvien d\u20191 m\u00e8tre de haut et une Lili Marl\u00e8ne d\u20191,50 m\u00e8tre. \u00ab\u00a0J\u2019avais tordu des tuyaux en cuivre pour sa chevelure, rigole-t-elle. Mais on sent d\u00e9j\u00e0 une certaine patte sur la mani\u00e8re d\u2019aborder les formes. Il y a toujours eu ce c\u00f4t\u00e9 hach\u00e9, saillant, voire tranchant.\u00a0\u00bb L\u00e0 encore, ne serait-ce pas une analogie avec cette g\u00e9n\u00e9rosit\u00e9 doubl\u00e9e d\u2019une certaine intransigeance\u00a0? \u00ab\u00a0Je ne suis pas quelqu\u2019un de facile, j\u2019ai un gros caract\u00e8re\u00a0\u00bb, conc\u00e8de \u00c9milie Prouchet-Dalla Costa.<\/p>\n<p>        <img decoding=\"async\" class=\"std-img__img responsive-img\" src=\"https:\/\/www.europesays.com\/fr\/wp-content\/uploads\/2026\/01\/1768033932_821_image.jpg\" alt=\"Ici, elle sculpte l\u2019armature de l\u2019ancienne halle des parapluies Ligou, \u00e0 Montauban.\"\/><\/p>\n<p>                Ici, elle sculpte l\u2019armature de l\u2019ancienne halle des parapluies Ligou, \u00e0 Montauban.<br \/>\n                                    DDM &#8211; MANUEL MASSIP<\/p>\n<p>        <img decoding=\"async\" class=\"std-img__img responsive-img\" src=\"https:\/\/www.europesays.com\/fr\/wp-content\/uploads\/2026\/01\/1768033933_447_image.jpg\" alt=\"Cette \u0153uvre, la plus grande jamais r\u00e9alis\u00e9e, est une commande du promoteur G\u00e9rard Poujol.\"\/><\/p>\n<p>                Cette \u0153uvre, la plus grande jamais r\u00e9alis\u00e9e, est une commande du promoteur G\u00e9rard Poujol.<br \/>\n                                    DDM &#8211; MANUEL MASSIP<\/p>\n<p>C\u2019est peut-\u00eatre aussi ce temp\u00e9rament de feu qui l\u2019a pouss\u00e9e \u00e0 plaquer l\u2019universit\u00e9 de Toulouse-Mirail o\u00f9 elle officiait comme professeure d\u2019arts plastiques entre\u00a02015 et\u00a02022. Elle est comme \u00e7a, \u00c9milie Prouchet-Dalla Costa. Tellement enti\u00e8re qu\u2019elle a cru \u2013 na\u00efvement\u00a0? \u2013 qu\u2019elle pourrait changer la donne en s\u2019engageant en politique comme conseill\u00e8re municipale aupr\u00e8s de son copain d\u2019enfance, le maire Morgan Tellier. Mais face \u00e0 la tectonique des plaques de l\u2019administration fran\u00e7aise, la jeune \u00e9lue en charge des questions agricoles a du mal \u00e0 cacher une certaine forme de d\u00e9sillusion. \u00ab\u00a0Je suis un peu d\u00e9\u00e7ue mais je ne l\u00e2che pas l\u2019affaire\u00a0!\u00a0\u00bb \u00c9tonnant, la connaissant. D\u2019autant plus qu\u2019au regard du contexte actuel de la dermatose nodulaire, la fille et s\u0153ur d\u2019\u00e9leveurs se dit \u00ab\u00a0tr\u00e8s, tr\u00e8s remont\u00e9e\u00a0\u00bb, notamment contre le Mercosur. \u00ab\u00a0\u00c7a va buter tout le monde agricole\u00a0!\u00a0\u00bb, bouillonne-t-elle.<\/p>\n<p>Pour la faire redescendre, une seule solution\u00a0: lui servir un th\u00e9 \u00e0 savourer face \u00ab\u00a0\u00e0 cette vilaine plaine orient\u00e9e vers les collines de Montricoux\u00a0\u00bb. \u00ab\u00a0C\u2019est comme Dali avec la gare de Perpignan\u00a0: je suis n\u00e9e ici, c\u2019est comme \u00e7a. N\u00e8grepelisse, c\u2019est le centre du monde.\u00a0\u00bb<\/p>\n","protected":false},"excerpt":{"rendered":"l&rsquo;essentiel Impossible de passer \u00e0 c\u00f4t\u00e9 de l\u2019empreinte qu\u2019elle est en train de laisser dans ce d\u00e9partement qu\u2019elle&hellip;\n","protected":false},"author":2,"featured_media":653571,"comment_status":"","ping_status":"","sticky":false,"template":"","format":"standard","meta":{"footnotes":""},"categories":[1358],"tags":[1348,1384,1385,872,1386,58,59,1011,27,19054,36586],"class_list":{"0":"post-653570","1":"post","2":"type-post","3":"status-publish","4":"format-standard","5":"has-post-thumbnail","7":"category-arts-et-design","8":"tag-arts","9":"tag-arts-and-design","10":"tag-arts-et-design","11":"tag-culture-et-loisirs","12":"tag-design","13":"tag-divertissement","14":"tag-entertainment","15":"tag-fr","16":"tag-france","17":"tag-montauban","18":"tag-tarn-et-garonne"},"share_on_mastodon":{"url":"https:\/\/pubeurope.com\/@fr\/115869879144469868","error":""},"_links":{"self":[{"href":"https:\/\/www.europesays.com\/fr\/wp-json\/wp\/v2\/posts\/653570","targetHints":{"allow":["GET"]}}],"collection":[{"href":"https:\/\/www.europesays.com\/fr\/wp-json\/wp\/v2\/posts"}],"about":[{"href":"https:\/\/www.europesays.com\/fr\/wp-json\/wp\/v2\/types\/post"}],"author":[{"embeddable":true,"href":"https:\/\/www.europesays.com\/fr\/wp-json\/wp\/v2\/users\/2"}],"replies":[{"embeddable":true,"href":"https:\/\/www.europesays.com\/fr\/wp-json\/wp\/v2\/comments?post=653570"}],"version-history":[{"count":0,"href":"https:\/\/www.europesays.com\/fr\/wp-json\/wp\/v2\/posts\/653570\/revisions"}],"wp:featuredmedia":[{"embeddable":true,"href":"https:\/\/www.europesays.com\/fr\/wp-json\/wp\/v2\/media\/653571"}],"wp:attachment":[{"href":"https:\/\/www.europesays.com\/fr\/wp-json\/wp\/v2\/media?parent=653570"}],"wp:term":[{"taxonomy":"category","embeddable":true,"href":"https:\/\/www.europesays.com\/fr\/wp-json\/wp\/v2\/categories?post=653570"},{"taxonomy":"post_tag","embeddable":true,"href":"https:\/\/www.europesays.com\/fr\/wp-json\/wp\/v2\/tags?post=653570"}],"curies":[{"name":"wp","href":"https:\/\/api.w.org\/{rel}","templated":true}]}}