{"id":653593,"date":"2026-01-10T08:45:20","date_gmt":"2026-01-10T08:45:20","guid":{"rendered":"https:\/\/www.europesays.com\/fr\/653593\/"},"modified":"2026-01-10T08:45:20","modified_gmt":"2026-01-10T08:45:20","slug":"le-chambon-feugerolles-la-commune-recoit-un-legs-pour-des-actions-en-faveur-des-enfants","status":"publish","type":"post","link":"https:\/\/www.europesays.com\/fr\/653593\/","title":{"rendered":"Le Chambon-Feugerolles. La commune re\u00e7oit un legs pour des actions en faveur des enfants"},"content":{"rendered":"<p>Lors du dernier conseil municipal, les \u00e9lus ont abord\u00e9 \u00ab\u00a0une chose assez inhabituelle\u00a0\u00bb pour reprendre les propos du maire, David Fara. D\u00e9c\u00e9d\u00e9 le 20\u00a0avril\u00a02025, le Chambonnaire Fran\u00e7ois Malek a l\u00e9gu\u00e9 la totalit\u00e9 de ses biens composant sa succession \u00e0 la commune du Chambon-Feugerolles. Cet homme, disparu \u00e0 84 ans, souhaitait que la somme soit destin\u00e9e \u00e0 \u00ab\u00a0soutenir exclusivement les actions et projets en faveur des enfants\u00a0\u00bb. <\/p>\n","protected":false},"excerpt":{"rendered":"Lors du dernier conseil municipal, les \u00e9lus ont abord\u00e9 \u00ab\u00a0une chose assez inhabituelle\u00a0\u00bb pour reprendre les propos du&hellip;\n","protected":false},"author":2,"featured_media":653594,"comment_status":"","ping_status":"","sticky":false,"template":"","format":"standard","meta":{"footnotes":""},"categories":[9653],"tags":[1111,11,2430,12162,1984,7539,1777,674,1011,27,12161,12,316,25,4001,104],"class_list":{"0":"post-653593","1":"post","2":"type-post","3":"status-publish","4":"format-standard","5":"has-post-thumbnail","7":"category-saint-etienne","8":"tag-actu","9":"tag-actualites","10":"tag-auvergne-rhone-alpes","11":"tag-chambon-feugerolles-ville","12":"tag-conseil-municipal","13":"tag-edition-loire-sud","14":"tag-eu","15":"tag-europe","16":"tag-fr","17":"tag-france","18":"tag-le-chambon-feugerolles","19":"tag-news","20":"tag-politique","21":"tag-republique-francaise","22":"tag-saint-etienne","23":"tag-societe"},"share_on_mastodon":{"url":"https:\/\/pubeurope.com\/@fr\/115869930245106302","error":""},"_links":{"self":[{"href":"https:\/\/www.europesays.com\/fr\/wp-json\/wp\/v2\/posts\/653593","targetHints":{"allow":["GET"]}}],"collection":[{"href":"https:\/\/www.europesays.com\/fr\/wp-json\/wp\/v2\/posts"}],"about":[{"href":"https:\/\/www.europesays.com\/fr\/wp-json\/wp\/v2\/types\/post"}],"author":[{"embeddable":true,"href":"https:\/\/www.europesays.com\/fr\/wp-json\/wp\/v2\/users\/2"}],"replies":[{"embeddable":true,"href":"https:\/\/www.europesays.com\/fr\/wp-json\/wp\/v2\/comments?post=653593"}],"version-history":[{"count":0,"href":"https:\/\/www.europesays.com\/fr\/wp-json\/wp\/v2\/posts\/653593\/revisions"}],"wp:featuredmedia":[{"embeddable":true,"href":"https:\/\/www.europesays.com\/fr\/wp-json\/wp\/v2\/media\/653594"}],"wp:attachment":[{"href":"https:\/\/www.europesays.com\/fr\/wp-json\/wp\/v2\/media?parent=653593"}],"wp:term":[{"taxonomy":"category","embeddable":true,"href":"https:\/\/www.europesays.com\/fr\/wp-json\/wp\/v2\/categories?post=653593"},{"taxonomy":"post_tag","embeddable":true,"href":"https:\/\/www.europesays.com\/fr\/wp-json\/wp\/v2\/tags?post=653593"}],"curies":[{"name":"wp","href":"https:\/\/api.w.org\/{rel}","templated":true}]}}