{"id":653596,"date":"2026-01-10T08:47:23","date_gmt":"2026-01-10T08:47:23","guid":{"rendered":"https:\/\/www.europesays.com\/fr\/653596\/"},"modified":"2026-01-10T08:47:23","modified_gmt":"2026-01-10T08:47:23","slug":"les-gerants-du-bar-conservent-le-decor","status":"publish","type":"post","link":"https:\/\/www.europesays.com\/fr\/653596\/","title":{"rendered":"les g\u00e9rants du bar conservent le d\u00e9cor"},"content":{"rendered":"<p>Les trois associ\u00e9s du bar Au Cal\u00e9di de Frouard \u2013 Catherine Corceron, L\u00e9o Demissy et Mehdi Tazi \u2013 ont r\u00e9cup\u00e9r\u00e9 les cl\u00e9s l\u2019\u00e9t\u00e9 dernier\u2026 et six mois plus tard, leur \u00e9tablissement se retrouve sous les projecteurs de France 2.<\/p>\n<p>Avec ses deux salles et ses 220\u00a0m2\u00a0 , le lieu a imm\u00e9diatement s\u00e9duit la production de la s\u00e9rie Il \u00e9tait deux fois. D\u00e8s le 13\u00a0f\u00e9vrier, la brasserie a \u00e9t\u00e9 m\u00e9tamorphos\u00e9e pendant six jours pour les besoins du tournage. <\/p>\n<p>Un d\u00e9cor signature<\/p>\n<p>\u00ab\u00a0Nous avons trouv\u00e9 ici un bar avec un&#8230;<\/p>\n","protected":false},"excerpt":{"rendered":"Les trois associ\u00e9s du bar Au Cal\u00e9di de Frouard \u2013 Catherine Corceron, L\u00e9o Demissy et Mehdi Tazi \u2013&hellip;\n","protected":false},"author":2,"featured_media":653597,"comment_status":"","ping_status":"","sticky":false,"template":"","format":"standard","meta":{"footnotes":""},"categories":[9635],"tags":[1111,11,1777,674,1011,27,775,1757,3457,1702,12,25,104,2205],"class_list":{"0":"post-653596","1":"post","2":"type-post","3":"status-publish","4":"format-standard","5":"has-post-thumbnail","7":"category-nancy","8":"tag-actu","9":"tag-actualites","10":"tag-eu","11":"tag-europe","12":"tag-fr","13":"tag-france","14":"tag-grand-est","15":"tag-insolite","16":"tag-meurthe-et-moselle","17":"tag-nancy","18":"tag-news","19":"tag-republique-francaise","20":"tag-societe","21":"tag-television-medias"},"share_on_mastodon":{"url":"https:\/\/pubeurope.com\/@fr\/115869938057044223","error":""},"_links":{"self":[{"href":"https:\/\/www.europesays.com\/fr\/wp-json\/wp\/v2\/posts\/653596","targetHints":{"allow":["GET"]}}],"collection":[{"href":"https:\/\/www.europesays.com\/fr\/wp-json\/wp\/v2\/posts"}],"about":[{"href":"https:\/\/www.europesays.com\/fr\/wp-json\/wp\/v2\/types\/post"}],"author":[{"embeddable":true,"href":"https:\/\/www.europesays.com\/fr\/wp-json\/wp\/v2\/users\/2"}],"replies":[{"embeddable":true,"href":"https:\/\/www.europesays.com\/fr\/wp-json\/wp\/v2\/comments?post=653596"}],"version-history":[{"count":0,"href":"https:\/\/www.europesays.com\/fr\/wp-json\/wp\/v2\/posts\/653596\/revisions"}],"wp:featuredmedia":[{"embeddable":true,"href":"https:\/\/www.europesays.com\/fr\/wp-json\/wp\/v2\/media\/653597"}],"wp:attachment":[{"href":"https:\/\/www.europesays.com\/fr\/wp-json\/wp\/v2\/media?parent=653596"}],"wp:term":[{"taxonomy":"category","embeddable":true,"href":"https:\/\/www.europesays.com\/fr\/wp-json\/wp\/v2\/categories?post=653596"},{"taxonomy":"post_tag","embeddable":true,"href":"https:\/\/www.europesays.com\/fr\/wp-json\/wp\/v2\/tags?post=653596"}],"curies":[{"name":"wp","href":"https:\/\/api.w.org\/{rel}","templated":true}]}}