{"id":653600,"date":"2026-01-10T08:50:12","date_gmt":"2026-01-10T08:50:12","guid":{"rendered":"https:\/\/www.europesays.com\/fr\/653600\/"},"modified":"2026-01-10T08:50:12","modified_gmt":"2026-01-10T08:50:12","slug":"la-premiere-de-2010-la-demie-de-2014-retour-sur-5-chocs-memorables-entre-le-rct-et-le-munster","status":"publish","type":"post","link":"https:\/\/www.europesays.com\/fr\/653600\/","title":{"rendered":"La premi\u00e8re de 2010, la demie de 2014&#8230; Retour sur 5\u00a0chocs m\u00e9morables entre le RCT et le Munster"},"content":{"rendered":"<p class=\"fs-5 \">Jouer le Munster, ce n\u2019est jamais anodin. Avant de s\u2019affronter dimanche apr\u00e8s-midi \u00e0 Mayol, Toulon et la Red Army se sont d\u00e9fi\u00e9s cinq fois dans leur histoire. Et le bilan n\u2019est pas favorable aux Varois. Battus trois fois par les Irlandais, dont la derni\u00e8re fois il y a deux ans \u00e0 Mayol, ils ne sont parvenus \u00e0 les vaincre que deux fois (en 2011 et 2014). Retour sur ces cinq chocs qui ont tous eu une saveur particuli\u00e8re.<\/p>\n<p>                                                                                Le tout premier en Irlande<\/p>\n<p class=\"fs-5 \">Le tirage faisait saliver ! D\u00e9fier un double champion d\u2019Europe sur ses terres quand on d\u00e9couvre une nouvelle comp\u00e9tition, \u00e7a a de la gueule. Malgr\u00e9 un essai du talonneur Jean-Philippe Genevois d\u00e8s la premi\u00e8re minute et un autre de son taulier Joe van Niekerk (75e), Toulon subissait, ce 16 octobre 2010, les foudres du Munster \u00e0 Thomond Park. Une lourde d\u00e9faite 45-18, mais une sacr\u00e9e exp\u00e9rience pour les prot\u00e9g\u00e9s de Mourad Boudjellal qui se vengeront quelques mois plus tard \u00e0 Mayol.<\/p>\n<p>                                                                                Le plus symbolique<\/p>\n<p class=\"fs-5 \">\u00ab Historique \u00bb, avions-nous titr\u00e9 \u00e0 la Une au lendemain de cette incroyable victoire toulonnaise face \u00e0 l\u2019ogre irlandais. Tous les supporters pr\u00e9sents \u00e0 Mayol ce 16 janvier 2011 s\u2019en souviennent encore. Ce moment o\u00f9, en croquant le Munster 32 \u00e0 16, le RCT s\u2019offrait une place parmi les huit meilleures \u00e9quipes du continent. Et avouez, qu\u2019au fond, vous n\u2019avez rien oubli\u00e9 de l\u2019essai de Paul Sackey, en bout de ligne, d\u00e9crochant d\u00e9j\u00e0 quasi d\u00e9finitivement les joueurs de Limerick au score juste avant la pause (26-9). Un succ\u00e8s de prestige pour un Toulon qui d\u00e9couvrait l\u2019Europe. Le tout dans un Mayol d\u2019\u00e9poque, en feu\u2026 Que de souvenirs !<\/p>\n<p>                                                                                \u00c9pique demie\u2026 cruelle d\u00e9sillusion en quart<\/p>\n<p class=\"fs-5 \">Aur\u00e9ol\u00e9 de son premier titre de champion d\u2019Europe la saison pr\u00e9c\u00e9dente, Toulon a chang\u00e9 de dimension lorsqu\u2019il re\u00e7oit le Munster ce 27 avril 2014, en demi-finale au V\u00e9lodrome. En patron (et sans le moindre essai), la bande \u00e0 Laporte bat les Irlandais, 24-16. Les sept p\u00e9tards de Jonny Wilkinson (dont un drop) et le coup de fusil de 55 m\u00e8tres de Delon Armitage suffisent \u00e0 faire exploser le stade, rouge de plaisir !<\/p>\n<p class=\"fs-5 \">Tout l\u2019inverse du quart de 2018. Deuxi\u00e8me de sa poule derri\u00e8re les Scarlets (oui, oui), Toulon doit se farcir un d\u00e9placement \u00e0 Thomond Park. Devant au score jusqu\u2019\u00e0 cinq minutes du terme, les co\u00e9quipiers de Mathieu Bastareaud sont finalement crucifi\u00e9s par un essai de l\u2019ailier Andrew Conway (75e) sur une perc\u00e9e de 50 m\u00e8tres et la transformation, en suivant, de l\u2019ouvreur Ian Keatley. Un coup dur pour le RCT de Fabien Galthi\u00e9, battu 20-19 et \u00e9limin\u00e9 de la comp\u00e9tition.<\/p>\n<p>                                                                                Le douloureux dernier<\/p>\n<p class=\"fs-5 \">Il y a presque deux ans jour pour jour, le 13 janvier 2024, Toulon plongeait ind\u00e9niablement dans la crise. Vainqueurs de la Challenge Cup la saison pr\u00e9c\u00e9dente, les hommes de Pierre Mignoni c\u00e9daient (d\u00e9j\u00e0) pour la deuxi\u00e8me fois \u00e0 domicile en Champions Cup. Apr\u00e8s Exeter, c\u2019\u00e9tait au tour du Munster de venir s\u2019imposer facilement \u00e0 Mayol, 29-18. Pourtant devant au score gr\u00e2ce \u00e0 une p\u00e9nalit\u00e9 de Melvyn Jaminet (16e) et un essai de Jiuta Wainiqolo (23e, 10-0), Toulon s\u2019\u00e9tait ensuite effondr\u00e9. \u00ab Pas au niveau \u00bb, dixit l\u2019entra\u00eeneur toulonnais. Surclass\u00e9 sur le terrain, Toulon avait aussi ce samedi-l\u00e0, perdu la bataille des tribunes. Noy\u00e9s par les \u00ab Munster, Munster \u00bb descendant des gradins de Mayol, tout comme par la reprise de Zombie des 3 500 Irlandais, les supporters avaient v\u00e9cu un apr\u00e8s-midi cauchemardesque. Dans tous les sens du terme.<\/p>\n<p class=\"fs-5 \">Deux ans plus tard, il est temps de prouver que cette \u00e9quipe a grandi\u2026 et que ce stade a retrouv\u00e9 son c\u0153ur.<\/p>\n<p>                                                                                Les compositions de l\u2019acte VI<\/p>\n<p class=\"fs-5 \"><strong>Toulon :<\/strong> Domon ; Dr\u00e9an, Brex, Sinzelle, Fert\u00e9 ; (o) Albornoz, (m) White ; Abadie, Mercer, Ludlam ; Ribbans, Ollivon (cap.) ; Sinckler, Baubigny, Gros. Rempla\u00e7ants : Toevalu, Ametlla, Priso Mouangu\u00e9, Alainu\u2019uese, M\u00e9zou, Coulon, Garbisi, Tuicuvu.<\/p>\n<p class=\"fs-5 \"><strong>Munster :<\/strong> Daly ; Nash, Farrell, Nankivell, O\u2019Connor ; (o) Crowley, (m) Casey ; O\u2019Donoghue, Coombes, Beirne (cap.) ; Wycherley, Edogbo ; Ala\u2019alatoa, Barron, Loughman. Rempla\u00e7ants : Scannell, Milne, Ryan, Ahern, Gleeson, Patterson, Hanrahan, Kelly.<\/p>\n<p>        <img src=\"https:\/\/www.europesays.com\/fr\/wp-content\/uploads\/2026\/01\/264ee2d_ftp-1-opqekh17vdf2-svatouxxq100-fe-tomas-albornoz-rct-perpignan-28122025.jpg\"   loading=\"lazy\" decoding=\"async\" alt=\"L\u2019Argentin Tom\u00e1s Albornoz va f\u00eater sa premi\u00e8re titularisation en rouge et noir. \" class=\"img-fluid position-absolute w-100 object-fit-cover rounded-2\" width=\"600\" height=\"400\"\/><\/p>\n","protected":false},"excerpt":{"rendered":"Jouer le Munster, ce n\u2019est jamais anodin. Avant de s\u2019affronter dimanche apr\u00e8s-midi \u00e0 Mayol, Toulon et la Red&hellip;\n","protected":false},"author":2,"featured_media":653601,"comment_status":"","ping_status":"","sticky":false,"template":"","format":"standard","meta":{"footnotes":""},"categories":[9619],"tags":[1111,11,1777,674,1011,27,12,882,3461,25,2310],"class_list":{"0":"post-653600","1":"post","2":"type-post","3":"status-publish","4":"format-standard","5":"has-post-thumbnail","7":"category-toulon","8":"tag-actu","9":"tag-actualites","10":"tag-eu","11":"tag-europe","12":"tag-fr","13":"tag-france","14":"tag-news","15":"tag-provence-alpes-cote-dazur","16":"tag-rct","17":"tag-republique-francaise","18":"tag-toulon"},"share_on_mastodon":{"url":"https:\/\/pubeurope.com\/@fr\/115869950388777649","error":""},"_links":{"self":[{"href":"https:\/\/www.europesays.com\/fr\/wp-json\/wp\/v2\/posts\/653600","targetHints":{"allow":["GET"]}}],"collection":[{"href":"https:\/\/www.europesays.com\/fr\/wp-json\/wp\/v2\/posts"}],"about":[{"href":"https:\/\/www.europesays.com\/fr\/wp-json\/wp\/v2\/types\/post"}],"author":[{"embeddable":true,"href":"https:\/\/www.europesays.com\/fr\/wp-json\/wp\/v2\/users\/2"}],"replies":[{"embeddable":true,"href":"https:\/\/www.europesays.com\/fr\/wp-json\/wp\/v2\/comments?post=653600"}],"version-history":[{"count":0,"href":"https:\/\/www.europesays.com\/fr\/wp-json\/wp\/v2\/posts\/653600\/revisions"}],"wp:featuredmedia":[{"embeddable":true,"href":"https:\/\/www.europesays.com\/fr\/wp-json\/wp\/v2\/media\/653601"}],"wp:attachment":[{"href":"https:\/\/www.europesays.com\/fr\/wp-json\/wp\/v2\/media?parent=653600"}],"wp:term":[{"taxonomy":"category","embeddable":true,"href":"https:\/\/www.europesays.com\/fr\/wp-json\/wp\/v2\/categories?post=653600"},{"taxonomy":"post_tag","embeddable":true,"href":"https:\/\/www.europesays.com\/fr\/wp-json\/wp\/v2\/tags?post=653600"}],"curies":[{"name":"wp","href":"https:\/\/api.w.org\/{rel}","templated":true}]}}