{"id":653604,"date":"2026-01-10T08:52:13","date_gmt":"2026-01-10T08:52:13","guid":{"rendered":"https:\/\/www.europesays.com\/fr\/653604\/"},"modified":"2026-01-10T08:52:13","modified_gmt":"2026-01-10T08:52:13","slug":"deux-nouvelles-destinations-ensoleillees-pour-cet-ete","status":"publish","type":"post","link":"https:\/\/www.europesays.com\/fr\/653604\/","title":{"rendered":"deux nouvelles destinations ensoleill\u00e9es pour cet \u00e9t\u00e9"},"content":{"rendered":"<p><img decoding=\"async\" class=\"\" style=\"width:100%\" src=\"https:\/\/www.europesays.com\/fr\/wp-content\/uploads\/2026\/01\/street_8673455_12801767887697426.jpg\" alt=\"Malaga\"\/><\/p>\n<p>Malaga et l&rsquo;Andalousie bient\u00f4t mieux connect\u00e9s \u00e0 Montpellier.<\/p>\n<p>Cr\u00e9dit : Pixabay &#8211; Photo d&rsquo;illustration<\/p>\n<p> <strong>Deux nouvelles lignes qui sentent bon les vacances<\/strong><\/p>\n<p style=\"text-align: justify;\">\u00a0<\/p>\n<p style=\"text-align: justify;\">D\u00e9j\u00e0 implant\u00e9e \u00e0 Montpellier avec une base estivale depuis 2020, la compagnie low-cost du groupe Air France-KLM renforce son r\u00e9seau pour l\u2019\u00e9t\u00e9 2026. <strong>Avec Malaga et Tanger, Transavia portera \u00e0 17 le nombre de destinations desservies depuis Montpellier.<\/strong><\/p>\n<p style=\"text-align: justify;\">\u00a0<\/p>\n<p><strong>Malaga : l\u2019Andalousie en vol direct<\/strong><\/p>\n<p style=\"text-align: justify;\">\u00a0<\/p>\n<p style=\"text-align: justify;\">Envie de soleil, de tapas et de plages ? Malaga sera reli\u00e9e \u00e0 Montpellier<strong> tous les dimanches, du 19 juillet au 7 septembre 2026.<\/strong><\/p>\n<ul style=\"text-align: justify;\">\n<li><strong>Dur\u00e9e du vol :<\/strong> 2h05<\/li>\n<li><strong>D\u00e9part Montpellier : <\/strong>12h00<\/li>\n<li><strong>Arriv\u00e9e Malaga : <\/strong>14h05<\/li>\n<li><strong>Retour :<\/strong> 14h55 \u2013 17h00<\/li>\n<li><strong>Jour de vol :<\/strong> dimanche<\/li>\n<li><strong>Avion : <\/strong>Boeing 737-800 (189 si\u00e8ges)<\/li>\n<\/ul>\n<p style=\"text-align: justify;\">Parfait pour une semaine de vacances ou un city break prolong\u00e9 sur la Costa del Sol.<\/p>\n<p style=\"text-align: justify;\">\u00a0<\/p>\n<p><strong>Tanger : portes ouvertes sur le Maroc<\/strong><\/p>\n<p style=\"text-align: justify;\">\u00a0<\/p>\n<p style=\"text-align: justify;\">Autre nouveaut\u00e9 estivale : <strong>Tanger, quatri\u00e8me ville marocaine desservie par Transavia depuis Montpellier<\/strong>, apr\u00e8s Marrakech, Agadir et Rabat.<\/p>\n<ul style=\"text-align: justify;\">\n<li><strong>Dur\u00e9e du vol : <\/strong>2h20<\/li>\n<li>Du 15 juillet au 2 septembre 2026<\/li>\n<li><strong>D\u00e9part Montpellier :<\/strong> 11h25<\/li>\n<li><strong>Arriv\u00e9e Tanger : <\/strong>12h45<\/li>\n<li><strong>Retour :<\/strong> 13h30 \u2013 16h40<\/li>\n<li><strong>Jour de vol :<\/strong> mercredi<\/li>\n<\/ul>\n<p style=\"text-align: justify;\">Une destination id\u00e9ale pour les vacances en famille, les retrouvailles ou la d\u00e9couverte de la c\u00e9l\u00e8bre \u201cVille Blanche\u201d, entre M\u00e9diterran\u00e9e et Atlantique.<\/p>\n<p style=\"text-align: justify;\">\u00a0<\/p>\n<p><strong>Rabat renforc\u00e9e d\u00e8s le printemps<\/strong><\/p>\n<p style=\"text-align: justify;\">\u00a0<\/p>\n<p style=\"text-align: justify;\">Transavia en profite \u00e9galement pour renforcer <strong>la desserte de Rabat, qui sera propos\u00e9e d\u00e8s le 22 avril 2026 et jusqu\u2019\u00e0 la fin octobre.<\/strong> Une option suppl\u00e9mentaire pour voyager au Maroc sur une p\u00e9riode plus large.<\/p>\n<p style=\"text-align: justify;\">L&rsquo;ensemble des vols est d\u00e9sormais \u00e0 la vente. Renseignements et r\u00e9servations sur <a href=\"http:\/\/www.transavia.com\" rel=\"noopener\" target=\"_blank\">www.transavia.com<\/a> ou <a href=\"http:\/\/www.montpellier.aeroport.fr\" rel=\"noopener\" target=\"_blank\">www.montpellier.aeroport.fr<\/a><\/p>\n","protected":false},"excerpt":{"rendered":"Malaga et l&rsquo;Andalousie bient\u00f4t mieux connect\u00e9s \u00e0 Montpellier. Cr\u00e9dit : Pixabay &#8211; Photo d&rsquo;illustration Deux nouvelles lignes qui&hellip;\n","protected":false},"author":2,"featured_media":653605,"comment_status":"","ping_status":"","sticky":false,"template":"","format":"standard","meta":{"footnotes":""},"categories":[9599],"tags":[1111,11,16893,16236,75672,75674,75671,75669,44020,75675,123,1777,674,1011,27,54071,2223,2208,12,7112,2680,25,75673,75676,42463,756,75668,75670,16895,75677],"class_list":{"0":"post-653604","1":"post","2":"type-post","3":"status-publish","4":"format-standard","5":"has-post-thumbnail","7":"category-montpellier","8":"tag-actu","9":"tag-actualites","10":"tag-aeroport-montpellier","11":"tag-air-france-klm","12":"tag-base-estivale","13":"tag-boeing-737-800","14":"tag-compagnie-low-cost","15":"tag-costa-del-sol","16":"tag-decouverte-culturelle","17":"tag-escapades-ensoleillees","18":"tag-espagne","19":"tag-eu","20":"tag-europe","21":"tag-fr","22":"tag-france","23":"tag-malaga","24":"tag-maroc","25":"tag-montpellier","26":"tag-news","27":"tag-nouvelles-destinations","28":"tag-occitanie","29":"tag-republique-francaise","30":"tag-reseau-renforce","31":"tag-reservations-en-ligne","32":"tag-tanger","33":"tag-transavia","34":"tag-vacances-estivales","35":"tag-ville-blanche","36":"tag-vols-directs","37":"tag-voyageurs-du-sud"},"share_on_mastodon":{"url":"https:\/\/pubeurope.com\/@fr\/115869957822435725","error":""},"_links":{"self":[{"href":"https:\/\/www.europesays.com\/fr\/wp-json\/wp\/v2\/posts\/653604","targetHints":{"allow":["GET"]}}],"collection":[{"href":"https:\/\/www.europesays.com\/fr\/wp-json\/wp\/v2\/posts"}],"about":[{"href":"https:\/\/www.europesays.com\/fr\/wp-json\/wp\/v2\/types\/post"}],"author":[{"embeddable":true,"href":"https:\/\/www.europesays.com\/fr\/wp-json\/wp\/v2\/users\/2"}],"replies":[{"embeddable":true,"href":"https:\/\/www.europesays.com\/fr\/wp-json\/wp\/v2\/comments?post=653604"}],"version-history":[{"count":0,"href":"https:\/\/www.europesays.com\/fr\/wp-json\/wp\/v2\/posts\/653604\/revisions"}],"wp:featuredmedia":[{"embeddable":true,"href":"https:\/\/www.europesays.com\/fr\/wp-json\/wp\/v2\/media\/653605"}],"wp:attachment":[{"href":"https:\/\/www.europesays.com\/fr\/wp-json\/wp\/v2\/media?parent=653604"}],"wp:term":[{"taxonomy":"category","embeddable":true,"href":"https:\/\/www.europesays.com\/fr\/wp-json\/wp\/v2\/categories?post=653604"},{"taxonomy":"post_tag","embeddable":true,"href":"https:\/\/www.europesays.com\/fr\/wp-json\/wp\/v2\/tags?post=653604"}],"curies":[{"name":"wp","href":"https:\/\/api.w.org\/{rel}","templated":true}]}}