{"id":653606,"date":"2026-01-10T08:53:09","date_gmt":"2026-01-10T08:53:09","guid":{"rendered":"https:\/\/www.europesays.com\/fr\/653606\/"},"modified":"2026-01-10T08:53:09","modified_gmt":"2026-01-10T08:53:09","slug":"video-on-vous-partage-les-nombreux-bonshommes-de-neige-realises-ces-derniers-jours-en-seine-maritime","status":"publish","type":"post","link":"https:\/\/www.europesays.com\/fr\/653606\/","title":{"rendered":"VIDEO. On vous partage les nombreux bonshommes de neige r\u00e9alis\u00e9s ces derniers jours en Seine-Maritime"},"content":{"rendered":"<p>                    Par<br \/>\n        <strong><br \/>\n            <a href=\"https:\/\/actu.fr\/auteur\/sebastien-aliome\" title=\"Consulter tous les articles de S\u00e9bastien Aliome\" target=\"_blank\" rel=\"noopener\">S\u00e9bastien Aliome<\/a><br \/>\n                    <\/strong><\/p>\n<p>        Publi\u00e9 le<\/p>\n<p>            10 janv. 2026 \u00e0 7h42        <\/p>\n<p>La <a href=\"https:\/\/actu.fr\/tag\/neige\" target=\"_blank\" rel=\"noopener\">neige<\/a> de ces derniers jours aura largement perturb\u00e9 la circulation et l\u2019habitude de nombreux foyers du <a href=\"https:\/\/actu.fr\/tag\/pays-de-bray\" target=\"_blank\" rel=\"noopener\">Pays de Bray<\/a> et de la <b>vall\u00e9e de la Bresle<\/b>.<\/p>\n<p class=\" wall-content\">Pour autant il a apport\u00e9 ses joies, \u00e0 l\u2019image de ceux qui ont ressorti leurs skis ou encore des familles qui ont pu r\u00e9aliser un beau bonhomme de neige.<\/p>\n<p>La neige pour cr\u00e9er en famille<\/p>\n<p class=\" wall-content\">Suite \u00e0 notre sollicitation sur notre <a href=\"https:\/\/www.facebook.com\/ReveilNeufchatel\" target=\"_blank\" rel=\"noopener\">page Facebook<\/a>, vous avez tr\u00e8s nombreux \u00e0 nous envoyer des <a href=\"https:\/\/actu.fr\/tag\/photographie\" target=\"_blank\" rel=\"noopener\">photographies <\/a>de vos plus belles cr\u00e9ations.<\/p>\n<p class=\" wall-content\">Nous en avons <b>r\u00e9alis\u00e9 une vid\u00e9o<\/b> que nous vous invitons \u00e0 d\u00e9couvrir ci-dessous.<\/p>\n<p class=\" wall-content\">\n<p class=\" wall-content\">Encore un grand merci et peut-\u00eatre manque-t-il quelques <b>bonshommes de neige<\/b> fabriqu\u00e9s par vos soins. On a fait au mieux\u2009!<\/p>\n<p class=\" wall-content\">Personnalisez votre actualit\u00e9 en ajoutant vos villes et m\u00e9dias en favori avec <a href=\"https:\/\/moncompte.actu.fr\" title=\"D\u00e9couvez Mon Actu\" rel=\"nofollow noopener\" data-trk=\"{&quot;cta&quot;:{&quot;action&quot;:&quot;https:\\\/\\\/moncompte.actu.fr&quot;,&quot;category&quot;:&quot;mon compte&quot;,&quot;from&quot;:&quot;article footer&quot;,&quot;name&quot;:&quot;Mon actu&quot;,&quot;type&quot;:&quot;cta&quot;}}\" target=\"_blank\">Mon Actu<\/a>.<\/p>\n","protected":false},"excerpt":{"rendered":"Par S\u00e9bastien Aliome Publi\u00e9 le 10 janv. 2026 \u00e0 7h42 La neige de ces derniers jours aura largement&hellip;\n","protected":false},"author":2,"featured_media":653607,"comment_status":"","ping_status":"","sticky":false,"template":"","format":"standard","meta":{"footnotes":""},"categories":[9587],"tags":[1111,11,1777,674,1011,27,10584,12,5161,10175,1756,25,9590,104],"class_list":{"0":"post-653606","1":"post","2":"type-post","3":"status-publish","4":"format-standard","5":"has-post-thumbnail","7":"category-rouen","8":"tag-actu","9":"tag-actualites","10":"tag-eu","11":"tag-europe","12":"tag-fr","13":"tag-france","14":"tag-neige","15":"tag-news","16":"tag-normandie","17":"tag-pays-de-bray","18":"tag-photographie","19":"tag-republique-francaise","20":"tag-rouen","21":"tag-societe"},"share_on_mastodon":{"url":"https:\/\/pubeurope.com\/@fr\/115869961831935495","error":""},"_links":{"self":[{"href":"https:\/\/www.europesays.com\/fr\/wp-json\/wp\/v2\/posts\/653606","targetHints":{"allow":["GET"]}}],"collection":[{"href":"https:\/\/www.europesays.com\/fr\/wp-json\/wp\/v2\/posts"}],"about":[{"href":"https:\/\/www.europesays.com\/fr\/wp-json\/wp\/v2\/types\/post"}],"author":[{"embeddable":true,"href":"https:\/\/www.europesays.com\/fr\/wp-json\/wp\/v2\/users\/2"}],"replies":[{"embeddable":true,"href":"https:\/\/www.europesays.com\/fr\/wp-json\/wp\/v2\/comments?post=653606"}],"version-history":[{"count":0,"href":"https:\/\/www.europesays.com\/fr\/wp-json\/wp\/v2\/posts\/653606\/revisions"}],"wp:featuredmedia":[{"embeddable":true,"href":"https:\/\/www.europesays.com\/fr\/wp-json\/wp\/v2\/media\/653607"}],"wp:attachment":[{"href":"https:\/\/www.europesays.com\/fr\/wp-json\/wp\/v2\/media?parent=653606"}],"wp:term":[{"taxonomy":"category","embeddable":true,"href":"https:\/\/www.europesays.com\/fr\/wp-json\/wp\/v2\/categories?post=653606"},{"taxonomy":"post_tag","embeddable":true,"href":"https:\/\/www.europesays.com\/fr\/wp-json\/wp\/v2\/tags?post=653606"}],"curies":[{"name":"wp","href":"https:\/\/api.w.org\/{rel}","templated":true}]}}