{"id":653609,"date":"2026-01-10T08:57:10","date_gmt":"2026-01-10T08:57:10","guid":{"rendered":"https:\/\/www.europesays.com\/fr\/653609\/"},"modified":"2026-01-10T08:57:10","modified_gmt":"2026-01-10T08:57:10","slug":"grenoble-veut-continuer-laventure-en-coupe-de-france","status":"publish","type":"post","link":"https:\/\/www.europesays.com\/fr\/653609\/","title":{"rendered":"Grenoble veut continuer l&rsquo;aventure en coupe de France"},"content":{"rendered":"<p>La tr\u00eave hivernale est termin\u00e9e, place \u00e0 la coupe de France pour la reprise pour les joueuses du GF38 qui vont d\u00e9fier Albi Marssac pour le compte des 16e de finale de la comp\u00e9tition. <\/p>\n<p>Le groupe\u00a0:\u00a0 Paljevic, Pilot, Renault, Cantwell, De Sousa, Duranty, Gras, Mazza, Lohourignon, Grandjean Beylot, Ben Hadj.M, Akpa, Sadiki, Charbonnier, Fourr\u00e9<\/p>\n<p>Dimanche\u00a0 11 janvier \u00e0 14h30 au stade Maurice Rigaud n\u00b01<\/p>\n","protected":false},"excerpt":{"rendered":"La tr\u00eave hivernale est termin\u00e9e, place \u00e0 la coupe de France pour la reprise pour les joueuses du&hellip;\n","protected":false},"author":2,"featured_media":504258,"comment_status":"","ping_status":"","sticky":false,"template":"","format":"standard","meta":{"footnotes":""},"categories":[9566],"tags":[1111,11,2430,1777,674,1011,27,2731,12,25],"class_list":{"0":"post-653609","1":"post","2":"type-post","3":"status-publish","4":"format-standard","5":"has-post-thumbnail","7":"category-grenoble","8":"tag-actu","9":"tag-actualites","10":"tag-auvergne-rhone-alpes","11":"tag-eu","12":"tag-europe","13":"tag-fr","14":"tag-france","15":"tag-grenoble","16":"tag-news","17":"tag-republique-francaise"},"share_on_mastodon":{"url":"https:\/\/pubeurope.com\/@fr\/115869977449505705","error":""},"_links":{"self":[{"href":"https:\/\/www.europesays.com\/fr\/wp-json\/wp\/v2\/posts\/653609","targetHints":{"allow":["GET"]}}],"collection":[{"href":"https:\/\/www.europesays.com\/fr\/wp-json\/wp\/v2\/posts"}],"about":[{"href":"https:\/\/www.europesays.com\/fr\/wp-json\/wp\/v2\/types\/post"}],"author":[{"embeddable":true,"href":"https:\/\/www.europesays.com\/fr\/wp-json\/wp\/v2\/users\/2"}],"replies":[{"embeddable":true,"href":"https:\/\/www.europesays.com\/fr\/wp-json\/wp\/v2\/comments?post=653609"}],"version-history":[{"count":0,"href":"https:\/\/www.europesays.com\/fr\/wp-json\/wp\/v2\/posts\/653609\/revisions"}],"wp:featuredmedia":[{"embeddable":true,"href":"https:\/\/www.europesays.com\/fr\/wp-json\/wp\/v2\/media\/504258"}],"wp:attachment":[{"href":"https:\/\/www.europesays.com\/fr\/wp-json\/wp\/v2\/media?parent=653609"}],"wp:term":[{"taxonomy":"category","embeddable":true,"href":"https:\/\/www.europesays.com\/fr\/wp-json\/wp\/v2\/categories?post=653609"},{"taxonomy":"post_tag","embeddable":true,"href":"https:\/\/www.europesays.com\/fr\/wp-json\/wp\/v2\/tags?post=653609"}],"curies":[{"name":"wp","href":"https:\/\/api.w.org\/{rel}","templated":true}]}}