{"id":653611,"date":"2026-01-10T09:00:25","date_gmt":"2026-01-10T09:00:25","guid":{"rendered":"https:\/\/www.europesays.com\/fr\/653611\/"},"modified":"2026-01-10T09:00:25","modified_gmt":"2026-01-10T09:00:25","slug":"les-yeux-du-magot-le-diapason-universite-de-rennes-rennes","status":"publish","type":"post","link":"https:\/\/www.europesays.com\/fr\/653611\/","title":{"rendered":"Les Yeux du Magot Le Diapason \u2013 Universit\u00e9 de Rennes Rennes"},"content":{"rendered":"<p>Les Yeux du Magot Le Diapason \u2013 Universit\u00e9 de Rennes Rennes Mercredi 28 janvier, 18h30 Ille-et-Vilaine<\/p>\n<p>Gratuit<\/p>\n<p>Conf\u00e9rence avec l\u2019artiste et les scientifiques du projet Les Yeux du Magot, suivie de l\u2019inauguration de l\u2019exposition.<\/p>\n<p>**Les Yeux du Magot**<br \/>\u2014\u2014\u2014\u2014\u2014\u2014\u2014<\/p>\n<p>### _**Cohabitation entre singes, humains et for\u00eats**_<\/p>\n<p>La photographe Alice Pallot a accompagn\u00e9 une \u00e9quipe scientifique dans la for\u00eat du parc naturel d\u2019Ifrane au Maroc. Cette \u00e9quipe de chercheurs constitu\u00e9e d\u2019\u00e9cologues, sociologues et hydrologues, suit durant des mois diff\u00e9rents groupes de singes et analyse leurs comportements.<\/p>\n<p>**Une exposition cr\u00e9\u00e9e dans le cadre d\u2019une r\u00e9sidence art &amp; science :**<br \/>Alice Pallot a \u00e9t\u00e9 choisie pour valoriser le projet _COHUMAG_, non pas sous la forme d\u2019un reportage photographique mais par la cr\u00e9ation d\u2019un projet artistique.<br \/>Ces photographies interrogent tout aussi bien notre rapport \u00e0 la biodiversit\u00e9 que le r\u00e9chauffement climatique ou le m\u00e9tier de scientifique.<br \/>Pour accompagner les photographies d\u2019Alice Pallot sont propos\u00e9s des t\u00e9moignages audio des scientifiques, des panneaux pr\u00e9sentant leur d\u00e9marche et les collaborations entre chercheurs de diff\u00e9rentes disciplines\u2026<\/p>\n<p>**Le projet scientifique**<br \/>COHUMAG est un projet interdisciplinaire ayant pour objectif de comprendre les relations entre les humains, leurs activit\u00e9s et les populations de magots afin d\u2019identifier les pistes possibles pour pr\u00e9server l\u2019espace et ses d\u00e9placements entre les milieux forestiers tout en \u00e9vitant ou att\u00e9nuant les conflits li\u00e9s \u00e0 ces d\u00e9placements. Ce projet implique une vingtaine de scientifiques de l\u2019Universit\u00e9 de Rennes et de l\u2019Institut Agro Rennes Angers.<br \/>**Le magot, t\u00e9moin de l\u2019\u00e9tat de la for\u00eat**<br \/>Le macaque de Barbarie, plus particuli\u00e8rement le magot, est une esp\u00e8ce indicatrice, lanceuse d\u2019alerte de l\u2019\u00e9tat de la for\u00eat. Les chercheurs portent leurs voix et produisent des donn\u00e9es dans l\u2019id\u00e9e de documenter et d\u2019informer sur l\u2019\u00e9tat des lieux de la biosph\u00e8re dans le monde.<br \/>**La for\u00eat d\u2019Ifrane :**<br \/>poumon vert du Maroc La for\u00eat du parc national d\u2019Ifrane, plus grande for\u00eat de c\u00e8dres au monde, \u00e9galement appel\u00e9e le poumon vert du Maroc, s\u2019\u00e9teint de jour en jour et l\u2019observation du comportement des magots nous aide \u00e0 comprendre pourquoi.<\/p>\n<p>**Conf\u00e9rence &amp; vernissage**<br \/>**\u25ba Mercredi 28 janvier \u00e0 18h30 au Diapason**<br \/>**&gt;** [**R\u00e9servation**](https:\/\/www.billetweb.fr\/les-yeux-du-magot)<br \/>**Lors de cette conf\u00e9rence vous d\u00e9couvrirez le travail des \u00e9quipes scientifiques sur le terrain au Maroc, et le t\u00e9moignage d\u2019Alice Pallot, artiste photographe, qui les a suivi\u00b7es durant trois semaines.**<br \/>&gt; Alice Pallot artiste photographe<br \/>&gt; Pascaline Le Gouar, \u00e9cologue<br \/>&gt; Catherine Darrot, sociologue<br \/>&gt; Anim\u00e9e par Arnaud Wassmer<br \/>\u00c0 l\u2019issue de la conf\u00e9rence retrouvons-nous autour d\u2019un verre !<\/p>\n<p>_Cette exposition a \u00e9t\u00e9 con\u00e7ue par le service culturel de l\u2019Universit\u00e9 de Rennes en partenariat avec l\u2019Agence Nationale de la Recherche, L\u2019institut Agro Campus Rennes Angers, Ecobio, l\u2019ANEF et le Parc National d\u2019Ifrane au Maroc._<\/p>\n<p>Dates et horaires de d\u00e9but et de fin (ann\u00e9e \u2013 mois \u2013 jour et heure) :<br \/>D\u00e9but : 2026-01-28T18:30:00.000+01:00<br \/>Fin : 2026-01-28T20:00:00.000+01:00<\/p>\n<p>  1<br \/>https:\/\/diapason.univ-rennes.fr\/     \u00a0https:\/\/www.billetweb.fr\/les-yeux-du-magot   <\/p>\n<p>Le Diapason \u2013 Universit\u00e9 de Rennes All\u00e9e Jules No\u00ebl 35042 Rennes Quartiers Nord-Est Rennes 35042 Ille-et-Vilaine<br \/>culture@univ-rennes1.fr 02 23 23 55 68<\/p>\n<p>G.julien<\/p>\n<p><a href=\"https:\/\/www.google.com\/maps?q=48.118176,-1.644044&amp;z=17&amp;pin=48.118176,-1.644044\" target=\"_blank\" rel=\"noreferrer noopener\"><br \/>Afficher la carte du lieu et trouvez le meilleur itin\u00e9raire<br \/><\/a><\/p>\n","protected":false},"excerpt":{"rendered":"Les Yeux du Magot Le Diapason \u2013 Universit\u00e9 de Rennes Rennes Mercredi 28 janvier, 18h30 Ille-et-Vilaine Gratuit Conf\u00e9rence&hellip;\n","protected":false},"author":2,"featured_media":653612,"comment_status":"","ping_status":"","sticky":false,"template":"","format":"standard","meta":{"footnotes":""},"categories":[2821],"tags":[1111,11,829,1777,674,1011,27,12,584,25],"class_list":{"0":"post-653611","1":"post","2":"type-post","3":"status-publish","4":"format-standard","5":"has-post-thumbnail","7":"category-rennes","8":"tag-actu","9":"tag-actualites","10":"tag-bretagne","11":"tag-eu","12":"tag-europe","13":"tag-fr","14":"tag-france","15":"tag-news","16":"tag-rennes","17":"tag-republique-francaise"},"share_on_mastodon":{"url":"https:\/\/pubeurope.com\/@fr\/115869989218369974","error":""},"_links":{"self":[{"href":"https:\/\/www.europesays.com\/fr\/wp-json\/wp\/v2\/posts\/653611","targetHints":{"allow":["GET"]}}],"collection":[{"href":"https:\/\/www.europesays.com\/fr\/wp-json\/wp\/v2\/posts"}],"about":[{"href":"https:\/\/www.europesays.com\/fr\/wp-json\/wp\/v2\/types\/post"}],"author":[{"embeddable":true,"href":"https:\/\/www.europesays.com\/fr\/wp-json\/wp\/v2\/users\/2"}],"replies":[{"embeddable":true,"href":"https:\/\/www.europesays.com\/fr\/wp-json\/wp\/v2\/comments?post=653611"}],"version-history":[{"count":0,"href":"https:\/\/www.europesays.com\/fr\/wp-json\/wp\/v2\/posts\/653611\/revisions"}],"wp:featuredmedia":[{"embeddable":true,"href":"https:\/\/www.europesays.com\/fr\/wp-json\/wp\/v2\/media\/653612"}],"wp:attachment":[{"href":"https:\/\/www.europesays.com\/fr\/wp-json\/wp\/v2\/media?parent=653611"}],"wp:term":[{"taxonomy":"category","embeddable":true,"href":"https:\/\/www.europesays.com\/fr\/wp-json\/wp\/v2\/categories?post=653611"},{"taxonomy":"post_tag","embeddable":true,"href":"https:\/\/www.europesays.com\/fr\/wp-json\/wp\/v2\/tags?post=653611"}],"curies":[{"name":"wp","href":"https:\/\/api.w.org\/{rel}","templated":true}]}}