{"id":653613,"date":"2026-01-10T09:01:29","date_gmt":"2026-01-10T09:01:29","guid":{"rendered":"https:\/\/www.europesays.com\/fr\/653613\/"},"modified":"2026-01-10T09:01:29","modified_gmt":"2026-01-10T09:01:29","slug":"le-theatre-leur-permet-de-depasser-leur-handicap","status":"publish","type":"post","link":"https:\/\/www.europesays.com\/fr\/653613\/","title":{"rendered":"le th\u00e9\u00e2tre leur permet de d\u00e9passer leur handicap"},"content":{"rendered":"<p>\u00ab Action ! \u00bb lance Michel Mathis \u00e0 l\u2019attention d\u2019Ani et Afram, deux jeunes qui s\u2019appr\u00eatent \u00e0 d\u00e9marrer une improvisation. Dans le r\u00e9fectoire des Cigales, au sein de l\u2019Association r\u00e9gionale d\u2019aide aux handicap\u00e9s moteurs (Arahm), le programme est charg\u00e9 ce jeudi 8 janvier au matin. En plus des activit\u00e9s habituelles, la vingtaine de participants va d\u00e9couvrir la r\u00e9partition des r\u00f4les du prochain spectacle : une adaptation sur mesure d\u2019 Ast\u00e9rix et Cl\u00e9op\u00e2tre. Ici, la potion magique devient un levier pour d\u00e9passer les diff\u00e9rences et permettre \u00e0 chacun de trouver sa place sur sc\u00e8ne.<\/p>\n<p>Un spectacle pens\u00e9 pour tous les handicaps<\/p>\n<p>Photographe de profession, Michel Mathis poss\u00e8de une solide exp\u00e9rience du th\u00e9\u00e2tre. Membre de la <a href=\"https:\/\/www.dna.fr\/edition-de-saverne\/2017\/06\/27\/soupirs-et-chuchotements\" target=\"_blank\" rel=\"noopener\">Compagnie de l\u2019Ourdi<\/a> \u00e0 Sarrebourg, il anime depuis 15 ans cet atelier hebdomadaire&#8230;<\/p>\n","protected":false},"excerpt":{"rendered":"\u00ab Action ! \u00bb lance Michel Mathis \u00e0 l\u2019attention d\u2019Ani et Afram, deux jeunes qui s\u2019appr\u00eatent \u00e0 d\u00e9marrer&hellip;\n","protected":false},"author":2,"featured_media":653614,"comment_status":"","ping_status":"","sticky":false,"template":"","format":"standard","meta":{"footnotes":""},"categories":[2820],"tags":[1111,11,1687,2880,1777,674,107,1011,27,775,1943,12,25,104,3140,640,2879],"class_list":{"0":"post-653613","1":"post","2":"type-post","3":"status-publish","4":"format-standard","5":"has-post-thumbnail","7":"category-strasbourg","8":"tag-actu","9":"tag-actualites","10":"tag-culture-loisirs","11":"tag-edition-strasbourg","12":"tag-eu","13":"tag-europe","14":"tag-fil-info","15":"tag-fr","16":"tag-france","17":"tag-grand-est","18":"tag-handicap","19":"tag-news","20":"tag-republique-francaise","21":"tag-societe","22":"tag-spectacle","23":"tag-strasbourg","24":"tag-strasbourg-ville"},"share_on_mastodon":{"url":"https:\/\/pubeurope.com\/@fr\/115869993178813291","error":""},"_links":{"self":[{"href":"https:\/\/www.europesays.com\/fr\/wp-json\/wp\/v2\/posts\/653613","targetHints":{"allow":["GET"]}}],"collection":[{"href":"https:\/\/www.europesays.com\/fr\/wp-json\/wp\/v2\/posts"}],"about":[{"href":"https:\/\/www.europesays.com\/fr\/wp-json\/wp\/v2\/types\/post"}],"author":[{"embeddable":true,"href":"https:\/\/www.europesays.com\/fr\/wp-json\/wp\/v2\/users\/2"}],"replies":[{"embeddable":true,"href":"https:\/\/www.europesays.com\/fr\/wp-json\/wp\/v2\/comments?post=653613"}],"version-history":[{"count":0,"href":"https:\/\/www.europesays.com\/fr\/wp-json\/wp\/v2\/posts\/653613\/revisions"}],"wp:featuredmedia":[{"embeddable":true,"href":"https:\/\/www.europesays.com\/fr\/wp-json\/wp\/v2\/media\/653614"}],"wp:attachment":[{"href":"https:\/\/www.europesays.com\/fr\/wp-json\/wp\/v2\/media?parent=653613"}],"wp:term":[{"taxonomy":"category","embeddable":true,"href":"https:\/\/www.europesays.com\/fr\/wp-json\/wp\/v2\/categories?post=653613"},{"taxonomy":"post_tag","embeddable":true,"href":"https:\/\/www.europesays.com\/fr\/wp-json\/wp\/v2\/tags?post=653613"}],"curies":[{"name":"wp","href":"https:\/\/api.w.org\/{rel}","templated":true}]}}