{"id":653615,"date":"2026-01-10T09:02:14","date_gmt":"2026-01-10T09:02:14","guid":{"rendered":"https:\/\/www.europesays.com\/fr\/653615\/"},"modified":"2026-01-10T09:02:14","modified_gmt":"2026-01-10T09:02:14","slug":"la-piste-cyclable-qui-fait-reagir-sur-les-reseaux-sociaux","status":"publish","type":"post","link":"https:\/\/www.europesays.com\/fr\/653615\/","title":{"rendered":"la piste cyclable qui fait r\u00e9agir sur les r\u00e9seaux sociaux"},"content":{"rendered":"<p>Plus de 200 commentaires sous son post Reddit en dix jours. Florian publiait le 28\u00a0d\u00e9cembre une photo montrant un \u201cavant\/apr\u00e8s\u201d de <a href=\"https:\/\/www.dna.fr\/environnement\/2025\/11\/25\/du-cauchemar-de-l-avenue-de-colmar-a-la-redemption-de-la-colmarienne\" target=\"_blank\" rel=\"noopener\">la \u201cColmarienne\u201d<\/a>. On y voit la piste cyclable doubler en largeur, passant de 136\u00a0cm \u00e0 341\u00a0cm. Le temps est venu pour celui qui se cache derri\u00e8re les comptes \u201cJtrace \u00e0 Stras\u201d des premiers bilans pour cette nouvelle piste, achev\u00e9e fin novembre.<\/p>\n<p>Sous son pseudonyme, Florian poste depuis 2021 des vid\u00e9os et autres contenus sur le v\u00e9lo dans la capitale europ\u00e9enne. Cette fois, il a d\u00e9cid\u00e9 de partager son opinion sur l\u2019avenue de Colmar\u00a0: \u00ab\u00a0\u00c0 l\u2019\u00e9poque j\u2019habitais \u00e0 Neudorf donc je la connaissais bien, et c\u2019\u00e9tait horrible de l\u2019emprunter. L\u2019am\u00e9nagement ant\u00e9rieur \u00e9tait accidentog\u00e8ne, beaucoup trop \u00e9troit et donc soumis aux emporti\u00e9rages et d\u00e9passements rasants\u2026\u00a0\u00bb<\/p>\n<p>\u201cLa Cauchemardienne\u201d<\/p>\n<p>Sur les&#8230;<\/p>\n","protected":false},"excerpt":{"rendered":"Plus de 200 commentaires sous son post Reddit en dix jours. Florian publiait le 28\u00a0d\u00e9cembre une photo montrant&hellip;\n","protected":false},"author":2,"featured_media":653616,"comment_status":"","ping_status":"","sticky":false,"template":"","format":"standard","meta":{"footnotes":""},"categories":[2820],"tags":[1111,11,2389,3542,2880,1777,674,107,1011,27,775,12,25,640,2879,2803],"class_list":{"0":"post-653615","1":"post","2":"type-post","3":"status-publish","4":"format-standard","5":"has-post-thumbnail","7":"category-strasbourg","8":"tag-actu","9":"tag-actualites","10":"tag-alsace","11":"tag-circulation","12":"tag-edition-strasbourg","13":"tag-eu","14":"tag-europe","15":"tag-fil-info","16":"tag-fr","17":"tag-france","18":"tag-grand-est","19":"tag-news","20":"tag-republique-francaise","21":"tag-strasbourg","22":"tag-strasbourg-ville","23":"tag-transport"},"share_on_mastodon":{"url":"https:\/\/pubeurope.com\/@fr\/115869997052845794","error":""},"_links":{"self":[{"href":"https:\/\/www.europesays.com\/fr\/wp-json\/wp\/v2\/posts\/653615","targetHints":{"allow":["GET"]}}],"collection":[{"href":"https:\/\/www.europesays.com\/fr\/wp-json\/wp\/v2\/posts"}],"about":[{"href":"https:\/\/www.europesays.com\/fr\/wp-json\/wp\/v2\/types\/post"}],"author":[{"embeddable":true,"href":"https:\/\/www.europesays.com\/fr\/wp-json\/wp\/v2\/users\/2"}],"replies":[{"embeddable":true,"href":"https:\/\/www.europesays.com\/fr\/wp-json\/wp\/v2\/comments?post=653615"}],"version-history":[{"count":0,"href":"https:\/\/www.europesays.com\/fr\/wp-json\/wp\/v2\/posts\/653615\/revisions"}],"wp:featuredmedia":[{"embeddable":true,"href":"https:\/\/www.europesays.com\/fr\/wp-json\/wp\/v2\/media\/653616"}],"wp:attachment":[{"href":"https:\/\/www.europesays.com\/fr\/wp-json\/wp\/v2\/media?parent=653615"}],"wp:term":[{"taxonomy":"category","embeddable":true,"href":"https:\/\/www.europesays.com\/fr\/wp-json\/wp\/v2\/categories?post=653615"},{"taxonomy":"post_tag","embeddable":true,"href":"https:\/\/www.europesays.com\/fr\/wp-json\/wp\/v2\/tags?post=653615"}],"curies":[{"name":"wp","href":"https:\/\/api.w.org\/{rel}","templated":true}]}}