{"id":653627,"date":"2026-01-10T09:10:09","date_gmt":"2026-01-10T09:10:09","guid":{"rendered":"https:\/\/www.europesays.com\/fr\/653627\/"},"modified":"2026-01-10T09:10:09","modified_gmt":"2026-01-10T09:10:09","slug":"municipales-2026-a-toulouse-pouvoir-dachat-les-chiffres-de-jean-luc-moudenc","status":"publish","type":"post","link":"https:\/\/www.europesays.com\/fr\/653627\/","title":{"rendered":"Municipales 2026 \u00e0 Toulouse. Pouvoir d\u2019achat\u00a0: les chiffres de Jean-Luc Moudenc"},"content":{"rendered":"<p>\n                                                                    l&rsquo;essentiel<br \/>\n                                                                Jean-Luc Moudenc se veut lui aussi le candidat du pouvoir d\u2019achat. Sur ce terrain revendiqu\u00e9 par tous les candidats, pour ne rien c\u00e9der \u00e0 la gauche, il s\u2019appuie sur les chiffres de son bilan.\n                            <\/p>\n<p>Avec l\u2019inflation, la crise de l\u2019immobilier et les coupes budg\u00e9taires de l\u2019\u00c9tat, le pouvoir d\u2019achat n\u2019est-il pas devenu la pr\u00e9occupation n\u00b0\u00a01 des Toulousains, comme de tous les Fran\u00e7ais\u00a0? C\u2019est par ce th\u00e8me que Jean-Luc Moudenc a choisi en ce d\u00e9but d\u2019ann\u00e9e de commencer \u00e0 d\u00e9voiler son programme des municipales 2026. Preuve de sa volont\u00e9 dans cette campagne de donner\u00a0la priorit\u00e9, dit-il, \u00ab\u00a0aux classes populaires et moyennes\u00a0\u00bb. Et\u00a0de\u00a0ne rien c\u00e9der, sur le terrain du social, \u00e0 la gauche quelle qu\u2019elle soit.<\/p>\n<p>Pour affirmer ses pr\u00e9rogatives sur ce sujet revendiqu\u00e9 par tous, le locataire du Capitole, avant les promesses, veut faire parler son bilan, qui fonde, avance-t-il, \u00ab\u00a0la cr\u00e9dibilit\u00e9\u00a0\u00bb de son programme. D\u2019o\u00f9 ce vendredi, lors d\u2019un point presse dans le nouveau local de campagne, une longue \u00e9num\u00e9ration de chiffres pour parler sous.<\/p>\n<p>3,40\u00a0\u20ac le repas seniors<\/p>\n<p>Les imp\u00f4ts\u00a0? Ils sont stables depuis dix ans, souligne celui qui les a augment\u00e9s en 2014. Et cette stabilit\u00e9, ajout\u00e9e \u00e0 la suppression de la taxe d\u2019habitation, voulue par l\u2019\u00c9tat, a g\u00e9n\u00e9r\u00e9 des \u00e9conomies pour les Toulousains\u00a0: 491\u00a0\u20ac d\u2019imp\u00f4ts locaux en moins chaque ann\u00e9e pour un couple locataire avec deux enfants, entre\u00a02014 et\u00a02025. Les tarifs municipaux, qui, eux aussi, avaient \u00e9t\u00e9 relev\u00e9s en 2014, sont inchang\u00e9s \u00e9galement depuis dix ans. C\u2019est le cas de la cantine et des CLAE. \u00ab\u00a0Les usagers ne supportent que 16\u00a0% du co\u00fbt\u00a0\u00bb, a soulign\u00e9 Jean-Luc Moudenc en rappelant que la gratuit\u00e9 existe toujours \u00ab\u00a0pour les familles pr\u00e9caires\u00a0\u00bb.<\/p>\n<p>Pour les a\u00een\u00e9s, les restos seniors, au nombre de vingt, proposent un repas \u00e0 3,40\u00a0\u20ac et cela \u00ab\u00a0depuis 12 ans\u00a0\u00bb. L\u2019instauration de la mutuelle communale a permis \u00e0 5\u00a0700 retrait\u00e9s de s\u2019inscrire dont 40\u00a0% n\u2019avaient pas de mutuelle. L\u2019entr\u00e9e \u00e0 la piscine est de 3,40\u00a0\u20ac \u00e9galement et le stationnement r\u00e9sident \u2013 autant de sujets d\u2019attaque de la part de l\u2019opposition \u2013 co\u00fbte 100\u00a0\u20ac l\u2019ann\u00e9e (avec abonnement Tiss\u00e9o). Le maire a \u00e9galement vant\u00e9 les dispositifs d\u2019aide au logement\u00a0: loyer dans le parc social, accession \u00e0 la propri\u00e9t\u00e9, pr\u00eat aux \u00e9tudiants\u2026<\/p>\n<p>L\u2019eau, \u00ab\u00a0la moins ch\u00e8re de France\u00a0\u00bb lors de la signature du contrat en 2018, est aujourd\u2019hui \u00ab\u00a0la deuxi\u00e8me moins ch\u00e8re\u00a0\u00bb. Et les tarifs des transports en commun, \u00ab\u00a0vot\u00e9s \u00e0 l\u2019unanimit\u00e9 des \u00e9lus de Tiss\u00e9o\u00a0\u00bb, dont les socialistes, sont \u00ab\u00a0parmi les moins chers de France\u00a0\u00bb.<\/p>\n<p>Le candidat a pr\u00e9sent\u00e9 ensuite ses engagements\u00a0: stabilit\u00e9 des imp\u00f4ts, mutuelle communale \u00e9tendue \u00e0 tous, cr\u00e9ation d\u2019une assurance habitation communale, instauration de groupements d\u2019achat (comme pour les pi\u00e8ges \u00e0 moustique) avec\u00a0une labellisation d\u2019installateurs de panneaux photovolta\u00efques.<\/p>\n<p>Jean-Luc Moudenc, \u00ab\u00a0candidat du pouvoir d\u2019achat\u00a0\u00bb\u00a0? Le slogan h\u00e9risse \u00e0 gauche o\u00f9, sans attendre la conf\u00e9rence de presse, socialistes et Insoumis ont d\u00e9clench\u00e9 un tir de barrage. Au conseil municipal, Vincent Gibert (PS) avait d\u00e9j\u00e0 rappel\u00e9 les hausses de 2014. \u00ab\u00a0Les nouveaux Toulousains nous disent que nous avons des tarifs extr\u00eamement bas\u00a0\u00bb, r\u00e9plique Marion Lalane-de-Laubad\u00e8re en charge des \u00e9coles \u00e0 la mairie.<\/p>\n","protected":false},"excerpt":{"rendered":"l&rsquo;essentiel Jean-Luc Moudenc se veut lui aussi le candidat du pouvoir d\u2019achat. Sur ce terrain revendiqu\u00e9 par tous&hellip;\n","protected":false},"author":2,"featured_media":653628,"comment_status":"","ping_status":"","sticky":false,"template":"","format":"standard","meta":{"footnotes":""},"categories":[2816],"tags":[1111,11,1777,674,1011,27,329,2722,3434,12,2680,316,25,2312,37919],"class_list":{"0":"post-653627","1":"post","2":"type-post","3":"status-publish","4":"format-standard","5":"has-post-thumbnail","7":"category-toulouse","8":"tag-actu","9":"tag-actualites","10":"tag-eu","11":"tag-europe","12":"tag-fr","13":"tag-france","14":"tag-france-monde","15":"tag-haute-garonne","16":"tag-municipales-2026","17":"tag-news","18":"tag-occitanie","19":"tag-politique","20":"tag-republique-francaise","21":"tag-toulouse","22":"tag-u00c9lections"},"share_on_mastodon":{"url":"https:\/\/pubeurope.com\/@fr\/115870028553150157","error":""},"_links":{"self":[{"href":"https:\/\/www.europesays.com\/fr\/wp-json\/wp\/v2\/posts\/653627","targetHints":{"allow":["GET"]}}],"collection":[{"href":"https:\/\/www.europesays.com\/fr\/wp-json\/wp\/v2\/posts"}],"about":[{"href":"https:\/\/www.europesays.com\/fr\/wp-json\/wp\/v2\/types\/post"}],"author":[{"embeddable":true,"href":"https:\/\/www.europesays.com\/fr\/wp-json\/wp\/v2\/users\/2"}],"replies":[{"embeddable":true,"href":"https:\/\/www.europesays.com\/fr\/wp-json\/wp\/v2\/comments?post=653627"}],"version-history":[{"count":0,"href":"https:\/\/www.europesays.com\/fr\/wp-json\/wp\/v2\/posts\/653627\/revisions"}],"wp:featuredmedia":[{"embeddable":true,"href":"https:\/\/www.europesays.com\/fr\/wp-json\/wp\/v2\/media\/653628"}],"wp:attachment":[{"href":"https:\/\/www.europesays.com\/fr\/wp-json\/wp\/v2\/media?parent=653627"}],"wp:term":[{"taxonomy":"category","embeddable":true,"href":"https:\/\/www.europesays.com\/fr\/wp-json\/wp\/v2\/categories?post=653627"},{"taxonomy":"post_tag","embeddable":true,"href":"https:\/\/www.europesays.com\/fr\/wp-json\/wp\/v2\/tags?post=653627"}],"curies":[{"name":"wp","href":"https:\/\/api.w.org\/{rel}","templated":true}]}}