{"id":653629,"date":"2026-01-10T09:11:16","date_gmt":"2026-01-10T09:11:16","guid":{"rendered":"https:\/\/www.europesays.com\/fr\/653629\/"},"modified":"2026-01-10T09:11:16","modified_gmt":"2026-01-10T09:11:16","slug":"incendie-criminel-pres-de-toulouse-iran-dz-mafia-pourquoi-un-juge-antiterroriste-examine-ce-dossier-a-la-loupe","status":"publish","type":"post","link":"https:\/\/www.europesays.com\/fr\/653629\/","title":{"rendered":"Incendie criminel pr\u00e8s de Toulouse, Iran, DZ Mafia\u00a0: pourquoi un juge antiterroriste examine ce dossier \u00e0 la loupe\u00a0?"},"content":{"rendered":"<p>\n                                                                    l&rsquo;essentiel<br \/>\n                                                                Si cinq individus ont \u00e9t\u00e9 condamn\u00e9s pour l\u2019incendie criminel \u00ab\u00a0et crapuleux\u00a0\u00bb de la soci\u00e9t\u00e9 Rivulis, pr\u00e8s de Toulouse, le dossier int\u00e9resse de pr\u00e8s un juge antiterroriste de Paris. Voici pourquoi.\n                            <\/p>\n<p>La R\u00e9publique islamique d\u2019Iran a-t-elle recrut\u00e9 des \u00ab\u00a0proxys\u00a0\u00bb (de proxy war, guerre par procuration, NDLR) pour frapper les int\u00e9r\u00eats isra\u00e9liens en France\u00a0? C\u2019est ce que suppute la DGSI, suite \u00e0 la r\u00e9cente guerre entre le Hamas et l\u2019\u00c9tat h\u00e9breu \u00e0 Gaza.<\/p>\n<p>Un juge antiterroriste saisi<\/p>\n<p>Vendredi 9\u00a0janvier, deux hommes et trois femmes ont \u00e9t\u00e9 <a href=\"https:\/\/www.ladepeche.fr\/2026\/01\/09\/incendie-criminel-pres-de-toulouse-8-ans-de-prison-pour-le-membre-de-la-dz-mafia-de-4-a-6-ans-pour-ses-complices-13153137.php\" target=\"_self\" rel=\"noopener\">condamn\u00e9s \u00e0 des peines allant jusqu\u2019\u00e0 8 ans de prison<\/a> pour deux incendies criminels commis en janvier\u00a02024 \u00e0 Lespinasse (Haute-Garonne), pr\u00e8s de Toulouse et pr\u00e8s de Grenoble. Dans les deux cas, ces soci\u00e9t\u00e9s avaient b\u00e9n\u00e9fici\u00e9 de capitaux isra\u00e9liens.<\/p>\n<p>Un juge antiterroriste de Paris a r\u00e9cemment mis en examen un individu de 35 ans pour \u00ab\u00a0association de malfaiteurs \u00e0 caract\u00e8re terroriste\u00a0\u00bb. Cet homme, actuellement en d\u00e9tention provisoire, est suppos\u00e9ment li\u00e9 aux deux incendies criminels dont \u00e9tait saisie la juridiction toulousaine.<\/p>\n<p>Des annonces sur messageries crypt\u00e9es<\/p>\n<p>Le suspect a notamment recherch\u00e9 l\u2019adresse de Rivulis, l\u2019entreprise de Lespinasse sp\u00e9cialis\u00e9e dans le mat\u00e9riel d\u2019irrigation, mais \u00e9galement l\u2019autre soci\u00e9t\u00e9 is\u00e9roise vis\u00e9e. Tout comme deux autres soci\u00e9t\u00e9s touch\u00e9es par des incendies criminels suppos\u00e9ment en lien avec des fonds d\u2019investissement isra\u00e9liens.<\/p>\n<p>        <img decoding=\"async\" class=\"std-img__img responsive-img\" src=\"https:\/\/www.europesays.com\/fr\/wp-content\/uploads\/2026\/01\/1768036276_420_image.jpg\" alt=\"La soci\u00e9t\u00e9 Rivulis avait \u00e9t\u00e9 la cible d\u2019un incendie criminel, pr\u00e8s de Toulouse.\"\/><\/p>\n<p>                La soci\u00e9t\u00e9 Rivulis avait \u00e9t\u00e9 la cible d\u2019un incendie criminel, pr\u00e8s de Toulouse.<br \/>\n                                    DDM &#8211; V.F.<\/p>\n<p>Le suspect aurait ensuite diffus\u00e9 ces adresses sur des r\u00e9seaux sociaux crypt\u00e9s afin de trouver des pyromanes pr\u00eats \u00e0 passer \u00e0 l\u2019acte, en les recrutant au sein des organisations criminelles versant notamment dans le narcotrafic.<\/p>\n<p>Pile le profil de Christophe K., logisticien autoproclam\u00e9 de la DZ Mafia, qui a \u00e9cop\u00e9 de la peine la plus lourde devant le tribunal correctionnel de Toulouse. L\u2019instruction en cours est suivie de pr\u00e8s par le Parquet national antiterroriste (PNAT).<\/p>\n","protected":false},"excerpt":{"rendered":"l&rsquo;essentiel Si cinq individus ont \u00e9t\u00e9 condamn\u00e9s pour l\u2019incendie criminel \u00ab\u00a0et crapuleux\u00a0\u00bb de la soci\u00e9t\u00e9 Rivulis, pr\u00e8s de&hellip;\n","protected":false},"author":2,"featured_media":653630,"comment_status":"","ping_status":"","sticky":false,"template":"","format":"standard","meta":{"footnotes":""},"categories":[2816],"tags":[1111,11,1777,674,1011,27,329,2722,303,12,2680,25,2312],"class_list":{"0":"post-653629","1":"post","2":"type-post","3":"status-publish","4":"format-standard","5":"has-post-thumbnail","7":"category-toulouse","8":"tag-actu","9":"tag-actualites","10":"tag-eu","11":"tag-europe","12":"tag-fr","13":"tag-france","14":"tag-france-monde","15":"tag-haute-garonne","16":"tag-justice","17":"tag-news","18":"tag-occitanie","19":"tag-republique-francaise","20":"tag-toulouse"},"share_on_mastodon":{"url":"https:\/\/pubeurope.com\/@fr\/115870032578646929","error":""},"_links":{"self":[{"href":"https:\/\/www.europesays.com\/fr\/wp-json\/wp\/v2\/posts\/653629","targetHints":{"allow":["GET"]}}],"collection":[{"href":"https:\/\/www.europesays.com\/fr\/wp-json\/wp\/v2\/posts"}],"about":[{"href":"https:\/\/www.europesays.com\/fr\/wp-json\/wp\/v2\/types\/post"}],"author":[{"embeddable":true,"href":"https:\/\/www.europesays.com\/fr\/wp-json\/wp\/v2\/users\/2"}],"replies":[{"embeddable":true,"href":"https:\/\/www.europesays.com\/fr\/wp-json\/wp\/v2\/comments?post=653629"}],"version-history":[{"count":0,"href":"https:\/\/www.europesays.com\/fr\/wp-json\/wp\/v2\/posts\/653629\/revisions"}],"wp:featuredmedia":[{"embeddable":true,"href":"https:\/\/www.europesays.com\/fr\/wp-json\/wp\/v2\/media\/653630"}],"wp:attachment":[{"href":"https:\/\/www.europesays.com\/fr\/wp-json\/wp\/v2\/media?parent=653629"}],"wp:term":[{"taxonomy":"category","embeddable":true,"href":"https:\/\/www.europesays.com\/fr\/wp-json\/wp\/v2\/categories?post=653629"},{"taxonomy":"post_tag","embeddable":true,"href":"https:\/\/www.europesays.com\/fr\/wp-json\/wp\/v2\/tags?post=653629"}],"curies":[{"name":"wp","href":"https:\/\/api.w.org\/{rel}","templated":true}]}}