{"id":65364,"date":"2025-04-30T21:43:08","date_gmt":"2025-04-30T21:43:08","guid":{"rendered":"https:\/\/www.europesays.com\/fr\/65364\/"},"modified":"2025-04-30T21:43:08","modified_gmt":"2025-04-30T21:43:08","slug":"apres-sa-condamnation-pour-agressions-sexuelles-nicolas-bedos-revele-avoir-lui-meme-subi-un-viol-liberation","status":"publish","type":"post","link":"https:\/\/www.europesays.com\/fr\/65364\/","title":{"rendered":"Apr\u00e8s sa condamnation pour agressions sexuelles, Nicolas Bedos r\u00e9v\u00e8le avoir lui-m\u00eame subi un viol \u2013 Lib\u00e9ration"},"content":{"rendered":"<p class=\"sc-ksZaOG ehjQrN text-element\">Le bouquin aurait pu s\u2019appeler Confessions d\u2019un \u00abconnard\u00bb de ce si\u00e8cle. Dans une tonalit\u00e9 <a href=\"https:\/\/www.liberation.fr\/portraits\/nicolas-bedos-il-se-realise-20221030_NWLJZRCIE5EKJEPWFJXBARKMQ4\/\" target=\"_blank\" rel=\"noopener\" title=\"https:\/\/www.liberation.fr\/portraits\/nicolas-bedos-il-se-realise-20221030_NWLJZRCIE5EKJEPWFJXBARKMQ4\/\">plus grave que celle qu\u2019on lui conna\u00eet<\/a>, c\u2019est plut\u00f4t la Soif de honte qui a \u00e9t\u00e9 choisi en titre par Nicolas Bedos. Une allusion \u00e0 l\u2019alcoolisme dont l\u2019auteur assure se soigner, dans un livre introspectif disponible en librairie \u00e0 partir du 7 mai, aux \u00e9ditions de l\u2019Observatoire, et qu\u2019il \u00e9voque dans une interview au Point parue ce mercredi 30 avril.<\/p>\n<p class=\"sc-ksZaOG ehjQrN text-element\">Un mea culpa de 300 pages, \u00e9crit sous la forme d\u2019un dialogue avec lui-m\u00eame, ou d\u2019autres personnages, dans lequel le sc\u00e9nariste c\u00e9saris\u00e9 en 2020 pour son film la Belle Epoque, d\u00e9crypte les raisons qui l\u2019ont men\u00e9, en octobre 2023, \u00e0 \u00eatre <a href=\"https:\/\/www.liberation.fr\/societe\/police-justice\/nicolas-bedos-condamne-a-un-an-de-prison-pour-agressions-et-harcelement-sexuels-20241022_4PPAVTMPAVETHGWZ7WF55H4YSY\/\" target=\"_blank\" rel=\"noopener\" title=\"https:\/\/www.liberation.fr\/societe\/police-justice\/nicolas-bedos-condamne-a-un-an-de-prison-pour-agressions-et-harcelement-sexuels-20241022_4PPAVTMPAVETHGWZ7WF55H4YSY\/\">condamn\u00e9 \u00e0 un an de prison dont six mois avec sursis pour agressions sexuelles<\/a>.<\/p>\n<p class=\"sc-ksZaOG ehjQrN text-element\">Une plaignante l\u2019accusait de s\u2019\u00eatre dirig\u00e9 vers elle avant de tendre la main droite au niveau de son sexe, par-dessus son jean, dans la nuit du 1er au 2 juin 2023. Une autre avait racont\u00e9 qu\u2019ivre, il l\u2019avait attrap\u00e9e par la taille et embrass\u00e9e dans le cou dans la nuit du 11 au 12 mai 2023. L\u2019acteur a, en revanche, \u00e9t\u00e9 relax\u00e9 \u00abau b\u00e9n\u00e9fice du doute\u00bb pour des faits de harc\u00e8lement sexuel en 2018.<\/p>\n<p class=\"sc-ksZaOG ehjQrN text-element\">Au cours de l\u2019audience, il s\u2019\u00e9tait d\u00e9fendu d\u2019\u00eatre \u00abun agresseur sexuel\u00bb et avait \u00e9voqu\u00e9 un \u00abblack-out\u00bb, en reconnaissant des probl\u00e8mes d\u2019alcool et \u00abune amabilit\u00e9 lourde\u00bb en cas d\u2019ivresse.<\/p>\n<p class=\"sc-ksZaOG ehjQrN text-element\">Mais plus largement, Nicolas Bedos tente aussi d\u2019explorer <a href=\"https:\/\/www.liberation.fr\/ecrans\/2014\/10\/09\/nicolas-bedos-merci-pour-ce-canular-pourri_1118500\/\" target=\"_blank\" rel=\"noopener\" title=\"https:\/\/www.liberation.fr\/ecrans\/2014\/10\/09\/nicolas-bedos-merci-pour-ce-canular-pourri_1118500\/\">comment sa conduite a pu, tout au long de sa vie<\/a>, blesser les femmes qu\u2019il rencontrait. \u00abJ\u2019ai longtemps fait preuve d\u2019\u00e9go\u00efsme et de l\u00e2chet\u00e9 [\u2026] Ce qui compte, c\u2019est que j\u2019ai fait du mal. Le plus souvent, sans le vouloir, mais je l\u2019ai fait. Pleins d\u2019hommes de ma g\u00e9n\u00e9ration ont commis des erreurs, mais je pense en avoir commis plus que d\u2019autres\u00bb, admet-il <a href=\"https:\/\/www.lepoint.fr\/societe\/c-est-l-histoire-d-un-connard-nicolas-bedos-se-met-a-nu-29-04-2025-2588545_23.php\" target=\"_blank\" rel=\"noopener\" title=\"https:\/\/www.lepoint.fr\/societe\/c-est-l-histoire-d-un-connard-nicolas-bedos-se-met-a-nu-29-04-2025-2588545_23.php\">dans une interview au Point<\/a> ce mercredi, titr\u00e9e en couverture de l\u2019hebdomadaire \u00abC\u2019est l\u2019histoire d\u2019un connard\u00bb, et r\u00e9alis\u00e9e par <a href=\"https:\/\/www.liberation.fr\/livres\/2020\/03\/17\/evoluee_1782095\/?redirected=1\" target=\"_blank\" rel=\"noopener\" title=\"https:\/\/www.liberation.fr\/livres\/2020\/03\/17\/evoluee_1782095\/?redirected=1\">la journaliste Peggy Sastre<\/a>, adepte des th\u00e8ses darwiniennes comme cl\u00e9 de lecture des questions de genre.<\/p>\n<p class=\"sc-ksZaOG ehjQrN text-element\">Des aveux qui permettent \u00e0 Nicolas Bedos de souligner d\u2019\u00e9ventuelles d\u00e9rives de #MeeToo, sans les d\u00e9noncer explicitement, et de se confier sur ses propres blessures. Notamment un viol, que le fils de l\u2019humoriste Guy Bedos affirme avoir subi de la part d\u2019une \u00abpersonne, tr\u00e8s admir\u00e9e \u00e0 l\u2019\u00e9poque, [qui] a vu sa vie sombrer de mani\u00e8re assez tragique par la suite\u00bb et contre qui il n\u2019a \u00abjamais envisag\u00e9 de porter plainte\u00bb.<\/p>\n<p class=\"sc-ksZaOG ehjQrN text-element\">\u00abMais je suis tr\u00e8s clair, je ne m\u2019en sers pas comme d\u2019un bouclier\u00bb, insiste l\u2019acteur et r\u00e9alisateur de 46 ans.<\/p>\n<p class=\"sc-ksZaOG ehjQrN text-element\">Bedos anticipe la critique qui pourra lui \u00eatre adress\u00e9e, de se bl\u00e2mer lui-m\u00eame pour soustraire aux autres le droit de le faire. \u00abMediapart va te d\u00e9monter, Lib\u00e9 va \u00e9crire que ton livre est un plaidoyer d\u00e9guis\u00e9, que tu n\u2019as pas tant soif de honte que de r\u00e9habilitation. Que tu veux te faire passer pour une victime. Que tu n\u2019assumes rien. Ils vont dire que tu ma\u00eetrises tout, m\u00eame ta honte, m\u00eame ta chute, et que tu trouves le moyen d\u2019\u00eatre encore le h\u00e9ros de cette histoire\u00bb, fait-il dire d\u2019ailleurs \u00e0 l\u2019un des personnages dans son livre, qui le sermonne lui-m\u00eame.<\/p>\n<p class=\"sc-ksZaOG ehjQrN text-element\">R\u00e9cemment devenu p\u00e8re d\u2019une petite fille, il assure avant tout avoir \u00e9crit pour lui transmettre un message. \u00abQue je n\u2019ai pas toujours \u00e9t\u00e9 un type bien, mais que je suis un p\u00e8re qui se r\u00e9pare. Que je n\u2019ai pas fui. Que je n\u2019ai pas ni\u00e9. Que je n\u2019ai pas fait semblant de n\u2019\u00eatre qu\u2019un homme malchanceux pris dans un engrenage\u00bb, explique-t-il au Point. Fin janvier, Nicolas Bedos avait renonc\u00e9 \u00e0 faire appel de son proc\u00e8s, au motif, dit-il aujourd\u2019hui, qu\u2019il n\u2019y aurait gagn\u00e9 \u00abni la paix, ni la nuance\u00bb.<\/p>\n","protected":false},"excerpt":{"rendered":"Le bouquin aurait pu s\u2019appeler Confessions d\u2019un \u00abconnard\u00bb de ce si\u00e8cle. Dans une tonalit\u00e9 plus grave que celle&hellip;\n","protected":false},"author":2,"featured_media":65365,"comment_status":"","ping_status":"","sticky":false,"template":"","format":"standard","meta":{"footnotes":""},"categories":[8],"tags":[58,59,6757,1011,27,6758,799],"class_list":{"0":"post-65364","1":"post","2":"type-post","3":"status-publish","4":"format-standard","5":"has-post-thumbnail","7":"category-divertissement","8":"tag-divertissement","9":"tag-entertainment","10":"tag-feminisme","11":"tag-fr","12":"tag-france","13":"tag-me-too","14":"tag-violences-sexuelles"},"share_on_mastodon":{"url":"https:\/\/pubeurope.com\/@fr\/114429100297294849","error":""},"_links":{"self":[{"href":"https:\/\/www.europesays.com\/fr\/wp-json\/wp\/v2\/posts\/65364","targetHints":{"allow":["GET"]}}],"collection":[{"href":"https:\/\/www.europesays.com\/fr\/wp-json\/wp\/v2\/posts"}],"about":[{"href":"https:\/\/www.europesays.com\/fr\/wp-json\/wp\/v2\/types\/post"}],"author":[{"embeddable":true,"href":"https:\/\/www.europesays.com\/fr\/wp-json\/wp\/v2\/users\/2"}],"replies":[{"embeddable":true,"href":"https:\/\/www.europesays.com\/fr\/wp-json\/wp\/v2\/comments?post=65364"}],"version-history":[{"count":0,"href":"https:\/\/www.europesays.com\/fr\/wp-json\/wp\/v2\/posts\/65364\/revisions"}],"wp:featuredmedia":[{"embeddable":true,"href":"https:\/\/www.europesays.com\/fr\/wp-json\/wp\/v2\/media\/65365"}],"wp:attachment":[{"href":"https:\/\/www.europesays.com\/fr\/wp-json\/wp\/v2\/media?parent=65364"}],"wp:term":[{"taxonomy":"category","embeddable":true,"href":"https:\/\/www.europesays.com\/fr\/wp-json\/wp\/v2\/categories?post=65364"},{"taxonomy":"post_tag","embeddable":true,"href":"https:\/\/www.europesays.com\/fr\/wp-json\/wp\/v2\/tags?post=65364"}],"curies":[{"name":"wp","href":"https:\/\/api.w.org\/{rel}","templated":true}]}}