{"id":653643,"date":"2026-01-10T09:20:10","date_gmt":"2026-01-10T09:20:10","guid":{"rendered":"https:\/\/www.europesays.com\/fr\/653643\/"},"modified":"2026-01-10T09:20:10","modified_gmt":"2026-01-10T09:20:10","slug":"mais-au-fait-a-qui-appartient-la-tour-montparnasse-qui-va-fermer-au-public-fin-mars","status":"publish","type":"post","link":"https:\/\/www.europesays.com\/fr\/653643\/","title":{"rendered":"mais au fait, \u00e0 qui appartient la tour Montparnasse qui va fermer au public fin mars\u00a0?"},"content":{"rendered":"<p>                    Par<br \/>\n        <strong><br \/>\n            <a href=\"https:\/\/actu.fr\/auteur\/thomas-martin\" title=\"Consulter tous les articles de Thomas Martin\" target=\"_blank\" rel=\"noopener\">Thomas Martin<\/a><br \/>\n                    <\/strong><\/p>\n<p>        Publi\u00e9 le<\/p>\n<p>            10 janv. 2026 \u00e0 8h28        <\/p>\n<p>La silhouette sombre de la tour <a href=\"https:\/\/actu.fr\/tag\/montparnasse\" target=\"_blank\" rel=\"noopener\">Montparnasse<\/a> s\u2019appr\u00eate \u00e0 entrer dans une nouvelle phase de son histoire. Le 31 mars 2026, l\u2019acc\u00e8s au public sera ferm\u00e9, avant un vaste chantier de r\u00e9novation dont le lancement est pr\u00e9vu cette ann\u00e9e. Une <a href=\"https:\/\/actu.fr\/ile-de-france\/paris_75056\/fermeture-de-la-tour-montparnasse-a-paris-la-date-enfin-connue-avant-le-debut-des-travaux_63604809.html\" target=\"_blank\" rel=\"noopener\">d\u00e9cision act\u00e9e fin d\u00e9cembre<\/a> par les copropri\u00e9taires de l\u2019\u00e9difice, \u00e0 une tr\u00e8s large majorit\u00e9. \u00ab Les copropri\u00e9taires ont vot\u00e9 \u00e0 99,5 % une d\u00e9cision autonome de fermer la tour au public au 31 mars \u00bb, a expliqu\u00e9 mercredi Fr\u00e9d\u00e9ric Lemos, repr\u00e9sentant de l\u2019un d\u2019eux, lors d\u2019une r\u00e9union organis\u00e9e \u00e0 l\u2019H\u00f4tel de Ville de Paris.<\/p>\n<p>Xavier Niel parmi les propri\u00e9taires<\/p>\n<p class=\" wall-content\">Contrairement \u00e0 ce que son statut de monument embl\u00e9matique pourrait laisser croire, la tour Montparnasse n\u2019appartient ni \u00e0 la <a href=\"https:\/\/actu.fr\/tag\/mairie-de-paris\" target=\"_blank\" rel=\"noopener\">Ville de Paris<\/a> ni \u00e0 l\u2019\u00c9tat. Elle est d\u00e9tenue par un peu moins de trente investisseurs priv\u00e9s, r\u00e9unis en copropri\u00e9t\u00e9.<\/p>\n<p class=\" wall-content\">Le principal propri\u00e9taire est LFPI (La Financi\u00e8re Patrimoniale d\u2019Investissement). Figurent \u00e9galement parmi les copropri\u00e9taires S\u00e9ch\u00e9 Environnement, l\u2019assureur Axa, la mutuelle MGEN, ainsi que l\u2019homme d\u2019affaires <a href=\"https:\/\/actu.fr\/ile-de-france\/paris_75056\/quel-est-le-patrimoine-immobilier-de-xavier-niel-paris-terrain-de-jeu-favori-du-patron-de-free_63528854.html\" target=\"_blank\" rel=\"noopener\">Xavier Niel<\/a>, via sa soci\u00e9t\u00e9 NRS, repr\u00e9sent\u00e9e par Fr\u00e9d\u00e9ric Lemos.<\/p>\n<p class=\" wall-content\">Ce sont donc ces investisseurs qui d\u00e9cident de l\u2019avenir du b\u00e2timent, de son exploitation comme de sa transformation.<\/p>\n<p class=\" wall-content\">Si la d\u00e9cision de fermer \u00e9mane des copropri\u00e9taires, elle fait suite \u00e0 des recommandations de l\u2019\u00c9tat. Dans un courrier dat\u00e9 du 14 novembre, les pr\u00e9fectures de Paris et d\u2019\u00cele-de-France avaient demand\u00e9 \u00ab la fermeture rapide du b\u00e2timent au public \u00bb, en raison notamment de la pr\u00e9sence d\u2019amiante, et ce \u00ab au plus tard au d\u00e9but de l\u2019ann\u00e9e 2026 \u00bb.<\/p>\n<p class=\" wall-content\">Dans ce contexte, les propri\u00e9taires ont choisi d\u2019anticiper le calendrier.<\/p>\n<p>Un chantier \u00e0 plus de 600 millions d\u2019euros<\/p>\n<p class=\" wall-content\">Les travaux, dont le d\u00e9marrage est attendu \u00ab probablement apr\u00e8s l\u2019\u00e9t\u00e9 \u00bb, devraient s\u2019\u00e9taler sur quatre ans. Le projet, estim\u00e9 \u00e0 <a href=\"https:\/\/actu.fr\/ile-de-france\/paris_75056\/agrandissement-serre-a-paris-les-coproprietaires-de-la-tour-montparnasse-mettent-la-main-a-la-poche_63009959.html\" target=\"_blank\" rel=\"noopener\">plus de 600 millions d\u2019euros<\/a>, pr\u00e9voit une transformation radicale de la tour de 210 m\u00e8tres de haut.<\/p>\n<p>Votre r\u00e9gion, votre actu !<\/p>\n<p>Recevez chaque jour les infos qui comptent pour vous.<\/p>\n<p>\t<a href=\"https:\/\/actu.fr\/newsletter\" class=\"ac-btn ac-btn--corner ac-btn--medium ac-btn--blue800\" target=\"_blank\" rel=\"noopener\">S&rsquo;incrire<\/a><\/p>\n<p class=\" wall-content\">L\u2019immeuble de bureaux doit devenir une tour vitr\u00e9e, accueillant un h\u00f4tel, des commerces, des services, et \u00eatre surmont\u00e9 d\u2019une serre agricole. Le projet architectural est port\u00e9 par Renzo Piano, qui d\u00e9fend une approche de \u00ab sobri\u00e9t\u00e9 \u00bb, conservant la structure existante tout en ouvrant davantage le b\u00e2timent sur la ville, notamment au niveau du rez-de-chauss\u00e9e.<\/p>\n<p>Un ensemble immobilier \u00e0 propri\u00e9taires multiples<\/p>\n<p class=\" wall-content\">Autour de la tour, la situation est plus morcel\u00e9e. Le <a href=\"https:\/\/actu.fr\/ile-de-france\/paris_75056\/le-lieu-est-mort-a-paris-sous-la-tour-montparnasse-un-centre-commercial-au-bord-du-gouffre_62513492.html\" target=\"_blank\" rel=\"noopener\">centre commercial Maine Montparnasse<\/a> et la dalle sont d\u00e9tenus par une trentaine de copropri\u00e9taires, tandis que l\u2019immeuble de bureaux CIT, situ\u00e9 \u00e0 proximit\u00e9, appartenait \u00e0 plus de 150 copropri\u00e9taires en 2015, un nombre qui a depuis \u00e9t\u00e9 r\u00e9duit.<\/p>\n<p class=\" wall-content\">Le <a href=\"https:\/\/actu.fr\/ile-de-france\/paris_75056\/a-paris-la-renovation-du-centre-commercial-sous-la-tour-montparnasse-divise-la-majorite-d-anne-hidalgo_63564712.html\" target=\"_blank\" rel=\"noopener\">centre commercial<\/a> et la dalle feront l\u2019objet d\u2019une d\u00e9construction partielle, \u00e0 hauteur de 18 %, afin de cr\u00e9er un espace \u00ab ouvert, traversant, vivant et v\u00e9g\u00e9talis\u00e9 \u00bb, selon la mairie de Paris. De nouveaux immeubles, aux \u00ab dimensions haussmanniennes \u00bb, doivent \u00e9galement voir le jour.<\/p>\n<p>La mairie partenaire, mais non propri\u00e9taire<\/p>\n<p class=\" wall-content\">Si la Ville de Paris accompagne le projet, notamment via un protocole sign\u00e9 avec les copropri\u00e9taires, elle n\u2019est pas propri\u00e9taire de la tour. La maire de Paris, Anne Hidalgo, s\u2019est n\u00e9anmoins r\u00e9jouie de l\u2019avanc\u00e9e du dossier, estimant que le d\u00e9clin du centre commercial n\u2019\u00e9tait \u00ab plus acceptable \u00bb.<\/p>\n<p class=\" wall-content\">Symbole controvers\u00e9 de la capitale depuis son inauguration, la tour Montparnasse reste avant tout un immeuble priv\u00e9, dont l\u2019avenir est d\u00e9sormais entre les mains de ses investisseurs.<\/p>\n<p class=\" wall-content\"><strong>Avec AFP<\/strong><\/p>\n<p class=\" wall-content\">Personnalisez votre actualit\u00e9 en ajoutant vos villes et m\u00e9dias en favori avec <a href=\"https:\/\/moncompte.actu.fr\" title=\"D\u00e9couvez Mon Actu\" rel=\"nofollow noopener\" data-trk=\"{&quot;cta&quot;:{&quot;action&quot;:&quot;https:\\\/\\\/moncompte.actu.fr&quot;,&quot;category&quot;:&quot;mon compte&quot;,&quot;from&quot;:&quot;article footer&quot;,&quot;name&quot;:&quot;Mon actu&quot;,&quot;type&quot;:&quot;cta&quot;}}\" target=\"_blank\">Mon Actu<\/a>.<\/p>\n","protected":false},"excerpt":{"rendered":"Par Thomas Martin Publi\u00e9 le 10 janv. 2026 \u00e0 8h28 La silhouette sombre de la tour Montparnasse s\u2019appr\u00eate&hellip;\n","protected":false},"author":2,"featured_media":653644,"comment_status":"","ping_status":"","sticky":false,"template":"","format":"standard","meta":{"footnotes":""},"categories":[1888],"tags":[1111,1928,11,1927,2618,1777,674,1011,27,2381,11674,12,1926,626,1925,25,104],"class_list":{"0":"post-653643","1":"post","2":"type-post","3":"status-publish","4":"format-standard","5":"has-post-thumbnail","7":"category-paris","8":"tag-actu","9":"tag-actu-paris","10":"tag-actualites","11":"tag-actualites-paris","12":"tag-anne-hidalgo","13":"tag-eu","14":"tag-europe","15":"tag-fr","16":"tag-france","17":"tag-mairie-de-paris","18":"tag-montparnasse","19":"tag-news","20":"tag-news-paris","21":"tag-paris","22":"tag-paris-news","23":"tag-republique-francaise","24":"tag-societe"},"share_on_mastodon":{"url":"https:\/\/pubeurope.com\/@fr\/115870067873930020","error":""},"_links":{"self":[{"href":"https:\/\/www.europesays.com\/fr\/wp-json\/wp\/v2\/posts\/653643","targetHints":{"allow":["GET"]}}],"collection":[{"href":"https:\/\/www.europesays.com\/fr\/wp-json\/wp\/v2\/posts"}],"about":[{"href":"https:\/\/www.europesays.com\/fr\/wp-json\/wp\/v2\/types\/post"}],"author":[{"embeddable":true,"href":"https:\/\/www.europesays.com\/fr\/wp-json\/wp\/v2\/users\/2"}],"replies":[{"embeddable":true,"href":"https:\/\/www.europesays.com\/fr\/wp-json\/wp\/v2\/comments?post=653643"}],"version-history":[{"count":0,"href":"https:\/\/www.europesays.com\/fr\/wp-json\/wp\/v2\/posts\/653643\/revisions"}],"wp:featuredmedia":[{"embeddable":true,"href":"https:\/\/www.europesays.com\/fr\/wp-json\/wp\/v2\/media\/653644"}],"wp:attachment":[{"href":"https:\/\/www.europesays.com\/fr\/wp-json\/wp\/v2\/media?parent=653643"}],"wp:term":[{"taxonomy":"category","embeddable":true,"href":"https:\/\/www.europesays.com\/fr\/wp-json\/wp\/v2\/categories?post=653643"},{"taxonomy":"post_tag","embeddable":true,"href":"https:\/\/www.europesays.com\/fr\/wp-json\/wp\/v2\/tags?post=653643"}],"curies":[{"name":"wp","href":"https:\/\/api.w.org\/{rel}","templated":true}]}}