{"id":653647,"date":"2026-01-10T09:22:17","date_gmt":"2026-01-10T09:22:17","guid":{"rendered":"https:\/\/www.europesays.com\/fr\/653647\/"},"modified":"2026-01-10T09:22:17","modified_gmt":"2026-01-10T09:22:17","slug":"decouvrez-ces-petites-associations-que-vous-devriez-absolument-soutenir-cette-annee-a-paris","status":"publish","type":"post","link":"https:\/\/www.europesays.com\/fr\/653647\/","title":{"rendered":"d\u00e9couvrez ces petites associations que vous devriez absolument soutenir cette ann\u00e9e \u00e0 Paris"},"content":{"rendered":"<p>\t\t\t\t\t\t\t\t\t\t\t\t\t\t\t\t\t\t\t\t\t\t<img loading=\"lazy\" decoding=\"async\" src=\"https:\/\/www.europesays.com\/fr\/wp-content\/uploads\/2026\/01\/Montage-photo-article-PARIS-SECRET-OFFICIEL-1620-x-1080-px-2026-01-09T182702.923-1024x683.jpg\" class=\"img-fluid\" alt=\"On parle peu d\u2019elles, mais elles sont indispensables : d\u00e9couvrez ces petites associations que vous devriez absolument soutenir cette ann\u00e9e \u00e0 Paris\" width=\"1024\" height=\"683\"\/><br \/>\n\t\t\t\t\t\t\t\t\t\t\t\t\t\t\t\t\t\t\t\t\t\tassociations Paris<\/p>\n<p>    Save<\/p>\n<p>En num\u00e9rologie, l\u2019ann\u00e9e 2026 repr\u00e9sente l\u2019ann\u00e9e 1 : celle du renouveau, des nouveaux projets et des nouvelles intentions qui vont vous guider dans votre vie personnelle comme professionnelle. Cette ann\u00e9e, on avait envie de mettre en lumi\u00e8re <strong>des petites associations au grand c\u0153ur<\/strong>. Celles qu\u2019on ne remarque pas, et qui pourtant font un travail formidable \u00e0 Paris (et ailleurs) :<strong> sauvetage d\u2019animaux, aide aux personnes \u00e2g\u00e9es et aux plus d\u00e9munis\u2026<\/strong> Voici les associations coup de c\u0153ur de la r\u00e9daction \u00e0 soutenir cette ann\u00e9e !<\/p>\n<p> YouCare <\/p>\n<p><img fetchpriority=\"high\" decoding=\"async\" class=\"alignnone size-full wp-image-33489\" src=\"https:\/\/www.europesays.com\/fr\/wp-content\/uploads\/2026\/01\/shutterstock_602632076-1.jpg\" alt=\"Vente chiens chats animaleries interdite 2024 Assembl\u00e9e nationale vote\" width=\"1000\" height=\"667\"  \/><\/p>\n<p>Fond\u00e9e par le v\u00e9t\u00e9rinaire Thomas Moreau, <a href=\"https:\/\/associationyoucare.org\/faire-un-don\/\" rel=\"nofollow noopener\" target=\"_blank\" class=\"shortcode-outbound-link\" data-has-ga=\"true\" data-ga-type=\"click\" data-label=\"https:\/\/associationyoucare.org\/faire-un-don\/\" data-action=\"text_cta_0\" data-category=\"click_non_sales\">YouCare <\/a>\u0153uvre pour la protection de la vie animale et de la biodiversit\u00e9. Leurs missions sont vari\u00e9es : <strong>sauvetages d\u2019animaux abandonn\u00e9s ou maltrait\u00e9s<\/strong>, m\u00e9diations animales, programmes de reforestation, adoptions\u2026<strong> Suivre leurs actions, c\u2019est parfois verser une larme, mais surtout retrouver de l\u2019espoir<\/strong>. Une magnifique association \u00e0 suivre de pr\u00e8s !<\/p>\n<p> Kitties in Paris <\/p>\n<p><img loading=\"lazy\" decoding=\"async\" class=\"alignnone size-large wp-image-174503\" src=\"https:\/\/www.europesays.com\/fr\/wp-content\/uploads\/2026\/01\/COUV-ARTICLES-1920x1080-100-1024x576.jpg\" alt=\"chats\" width=\"1024\" height=\"576\"  \/><\/p>\n<p>Amoureuse des chats depuis toujours, Nastassja Renard fonde son association en 2021. Depuis, plus de \ud835\udfd5\ud835\udfce\ud835\udfce \ud835\udc1c\ud835\udc21\ud835\udc1a\ud835\udc2d\ud835\udc2c \ud835\udc28\ud835\udc27\ud835\udc2d \ud835\udc1e\u0301\ud835\udc2d\ud835\udc1e\u0301 \ud835\udc29\ud835\udc2b\ud835\udc22\ud835\udc2c \ud835\udc1e\ud835\udc27 \ud835\udc1c\ud835\udc21\ud835\udc1a\ud835\udc2b\ud835\udc20\ud835\udc1e \ud835\udc1e\ud835\udc2d \ud835\udc2e\ud835\udc27\ud835\udc1e \ud835\udc1c\ud835\udc1e\ud835\udc27\ud835\udc2d\ud835\udc1a\ud835\udc22\ud835\udc27\ud835\udc1e \ud835\udc1d\ud835\udc1e \ud835\udc1c\ud835\udc21\ud835\udc1a\ud835\udc2d\ud835\udc28\ud835\udc27\ud835\udc2c \ud835\udc28\ud835\udc27\ud835\udc2d \ud835\udc1e\u0301\ud835\udc2d\ud835\udc1e\u0301 \ud835\udc1b\ud835\udc22\ud835\udc1b\ud835\udc1e\ud835\udc2b\ud835\udc28\ud835\udc27\ud835\udc27\ud835\udc1e\u0301\ud835\udc2c. Les b\u00e9n\u00e9voles s\u2019occupent de chatons abandonn\u00e9s, errants ou maltrait\u00e9s, venus de France, de Gr\u00e8ce, de Tunisie ou du Liban, avec un seul objectif : <strong>leur trouver une famille pour la vie<\/strong>. Et croyez-nous, le coup de c\u0153ur n\u2019est jamais loin ! <a href=\"https:\/\/kittiesinparis.fr\/faire-un-don\/\" rel=\"nofollow noopener\" target=\"_blank\" class=\"shortcode-outbound-link\" data-has-ga=\"true\" data-ga-type=\"click\" data-label=\"https:\/\/kittiesinparis.fr\/faire-un-don\/\" data-action=\"text_cta_1\" data-category=\"click_non_sales\">Kitties in Paris<\/a><strong> prend soin de s\u00e9lectionner les familles de ces adorables chats<\/strong>, pour leur garantir le plus doux des foyers.<\/p>\n<p> Le Tr\u00e8fle 2.0 <img loading=\"lazy\" decoding=\"async\" class=\"size-large wp-image-228689\" src=\"https:\/\/www.europesays.com\/fr\/wp-content\/uploads\/2026\/01\/Montage-photo-article-PARIS-SECRET-OFFICIEL-1620-x-1080-px-2026-01-09T174938.965-1024x683.jpg\" alt=\"\" width=\"1024\" height=\"683\"  \/>@shutterstock associations aides Paris <\/p>\n<p>Cette jolie association <strong>propose un service d\u2019\u00e9coute active enti\u00e8rement gratuit et anonyme tous les soirs, toute l\u2019ann\u00e9e, de 20 h \u00e0 23 h.<\/strong> Form\u00e9s par diff\u00e9rents professionnels de la sant\u00e9 mentale, les b\u00e9n\u00e9voles accompagnent avec bienveillance chaque soir ceux qui<a href=\"https:\/\/letrefle.org\/don\" rel=\"nofollow noopener\" target=\"_blank\" class=\"shortcode-outbound-link\" data-has-ga=\"true\" data-ga-type=\"click\" data-label=\"https:\/\/letrefle.org\/don\" data-action=\"text_cta_2\" data-category=\"click_non_sales\"> recherchent un soutien moral<\/a>, sans jugement. Une association <strong>pens\u00e9e avec le c\u0153ur pour toutes les personnes \u00e0 la sant\u00e9 mentale fragile<\/strong>, qu\u2019elle soit psychologique ou \u00e9motionnelle.<\/p>\n<p> Solid\u2019Elles <\/p>\n<p><img loading=\"lazy\" decoding=\"async\" class=\"alignnone size-large wp-image-228690\" src=\"https:\/\/www.europesays.com\/fr\/wp-content\/uploads\/2026\/01\/Montage-photo-article-PARIS-SECRET-OFFICIEL-1620-x-1080-px-2026-01-09T175049.886-1024x683.jpg\" alt=\"\" width=\"1024\" height=\"683\"  \/><\/p>\n<p>Cette formidable association<strong> soutient toutes les femmes qui rencontrent des difficult\u00e9s.<\/strong> Que ce soit un burn-out, du harc\u00e8lement au travail ou encore des violences conjugales, l\u2019<a href=\"https:\/\/www.helloasso.com\/associations\/solid-elles\" rel=\"nofollow noopener\" target=\"_blank\" class=\"shortcode-outbound-link\" data-has-ga=\"true\" data-ga-type=\"click\" data-label=\"https:\/\/www.helloasso.com\/associations\/solid-elles\" data-action=\"text_cta_3\" data-category=\"click_non_sales\">association Solid\u2019Elles<\/a> accompagne <strong>chaque femme vers une solution concr\u00e8te sur mesure et des actions concr\u00e8tent.<\/strong><\/p>\n<p> O c\u0153ur de la rue <img loading=\"lazy\" decoding=\"async\" class=\"size-large wp-image-228688\" src=\"https:\/\/www.europesays.com\/fr\/wp-content\/uploads\/2026\/01\/Montage-photo-article-PARIS-SECRET-OFFICIEL-1620-x-1080-px-2026-01-09T174729.449-1024x683.jpg\" alt=\"@ocoeurdelarue associations paris\" width=\"1024\" height=\"683\"  \/>@ocoeurdelarue associations paris <\/p>\n<p>Chaque samedi, cette association<strong> aide les \u00e9tudiants, les sans-abris et les familles en situation de pr\u00e9carit\u00e9 en fournissant des plats chauds, cuisin\u00e9s avec amour<\/strong>. Pr\u00e9par\u00e9s et distribu\u00e9s d\u00e8s le soir m\u00eame, ce sont environ<strong> 400 plats qui sont donn\u00e9s gratuitement<\/strong>. Une <a href=\"https:\/\/www.ocoeurdelarue.org\/faire-un-don\/\" rel=\"nofollow noopener\" target=\"_blank\" class=\"shortcode-outbound-link\" data-has-ga=\"true\" data-ga-type=\"click\" data-label=\"https:\/\/www.ocoeurdelarue.org\/faire-un-don\/\" data-action=\"text_cta_4\" data-category=\"click_non_sales\">association familiale<\/a>, o\u00f9 vous pouvez vous aussi pr\u00eater main forte. Pas besoin de qualification, seuls mots d\u2019ordre : le sourire et la bienveillance.<\/p>\n<p> Paris en compagnie <img loading=\"lazy\" decoding=\"async\" class=\"size-large wp-image-228691\" src=\"https:\/\/www.europesays.com\/fr\/wp-content\/uploads\/2026\/01\/Montage-photo-article-PARIS-SECRET-OFFICIEL-1620-x-1080-px-2026-01-09T180818.101-1024x683.jpg\" alt=\"@shutterstock associations aides Paris\" width=\"1024\" height=\"683\"  \/>@shutterstock associations aides Paris <\/p>\n<p>En 2017,<strong> 50% des personnes de plus de 70 ans vivaient seules \u00e0 Paris<\/strong>. Face \u00e0 ce constat accablant, et afin de lutter contre l\u2019isolation de nos a\u00een\u00e9s, <a href=\"https:\/\/www.parisencompagnie.org\/jefaisundon\" rel=\"nofollow noopener\" target=\"_blank\" class=\"shortcode-outbound-link\" data-has-ga=\"true\" data-ga-type=\"click\" data-label=\"https:\/\/www.parisencompagnie.org\/jefaisundon\" data-action=\"text_cta_5\" data-category=\"click_non_sales\">l\u2019association Paris en compagnie<\/a> a vu le jour. Le but ? <strong>Donner un peu de temps gratuitement aux personnes \u00e2g\u00e9es.<\/strong> Cela peut \u00eatre une balade dans le quartier, une promenade au parc, un rendez-vous m\u00e9dical, une course \u00e0 faire, un coup de t\u00e9l\u00e9phone\u2026<strong>De quoi donner le sourire et surtout cr\u00e9er du lien entre les g\u00e9n\u00e9rations.<\/strong><\/p>\n","protected":false},"excerpt":{"rendered":"associations Paris Save En num\u00e9rologie, l\u2019ann\u00e9e 2026 repr\u00e9sente l\u2019ann\u00e9e 1 : celle du renouveau, des nouveaux projets et&hellip;\n","protected":false},"author":2,"featured_media":653648,"comment_status":"","ping_status":"","sticky":false,"template":"","format":"standard","meta":{"footnotes":""},"categories":[1888],"tags":[11,1777,674,1011,27,12,626,25],"class_list":{"0":"post-653647","1":"post","2":"type-post","3":"status-publish","4":"format-standard","5":"has-post-thumbnail","7":"category-paris","8":"tag-actualites","9":"tag-eu","10":"tag-europe","11":"tag-fr","12":"tag-france","13":"tag-news","14":"tag-paris","15":"tag-republique-francaise"},"share_on_mastodon":{"url":"https:\/\/pubeurope.com\/@fr\/115870076096771056","error":""},"_links":{"self":[{"href":"https:\/\/www.europesays.com\/fr\/wp-json\/wp\/v2\/posts\/653647","targetHints":{"allow":["GET"]}}],"collection":[{"href":"https:\/\/www.europesays.com\/fr\/wp-json\/wp\/v2\/posts"}],"about":[{"href":"https:\/\/www.europesays.com\/fr\/wp-json\/wp\/v2\/types\/post"}],"author":[{"embeddable":true,"href":"https:\/\/www.europesays.com\/fr\/wp-json\/wp\/v2\/users\/2"}],"replies":[{"embeddable":true,"href":"https:\/\/www.europesays.com\/fr\/wp-json\/wp\/v2\/comments?post=653647"}],"version-history":[{"count":0,"href":"https:\/\/www.europesays.com\/fr\/wp-json\/wp\/v2\/posts\/653647\/revisions"}],"wp:featuredmedia":[{"embeddable":true,"href":"https:\/\/www.europesays.com\/fr\/wp-json\/wp\/v2\/media\/653648"}],"wp:attachment":[{"href":"https:\/\/www.europesays.com\/fr\/wp-json\/wp\/v2\/media?parent=653647"}],"wp:term":[{"taxonomy":"category","embeddable":true,"href":"https:\/\/www.europesays.com\/fr\/wp-json\/wp\/v2\/categories?post=653647"},{"taxonomy":"post_tag","embeddable":true,"href":"https:\/\/www.europesays.com\/fr\/wp-json\/wp\/v2\/tags?post=653647"}],"curies":[{"name":"wp","href":"https:\/\/api.w.org\/{rel}","templated":true}]}}