{"id":653649,"date":"2026-01-10T09:23:10","date_gmt":"2026-01-10T09:23:10","guid":{"rendered":"https:\/\/www.europesays.com\/fr\/653649\/"},"modified":"2026-01-10T09:23:10","modified_gmt":"2026-01-10T09:23:10","slug":"tout-est-devenu-un-concept-dans-le-11e-la-lassitude-face-aux-nouveaux-commerces","status":"publish","type":"post","link":"https:\/\/www.europesays.com\/fr\/653649\/","title":{"rendered":"\u00ab\u00a0Tout est devenu un concept\u00a0\u00bb, dans le 11e la lassitude face aux nouveaux commerces"},"content":{"rendered":"<p>                    Par<br \/>\n        <strong><br \/>\n            <a href=\"https:\/\/actu.fr\/auteur\/marie-amelie-marchal\" title=\"Consulter tous les articles de Marie Amelie Marchal\" target=\"_blank\" rel=\"noopener\">Marie Amelie Marchal<\/a><br \/>\n                    <\/strong><\/p>\n<p>        Publi\u00e9 le<\/p>\n<p>            10 janv. 2026 \u00e0 8h10        <\/p>\n<p>L&rsquo;essentiel<\/p>\n<ul>\n<li>En mars 2026, Paris aura un ou une nouvelle maire, Anne Hidalgo (PS) ayant d\u00e9cid\u00e9 de ne pas briguer de troisi\u00e8me mandat. L\u2019enjeu majeur est identifi\u00e9 : la capitale basculera-t-elle \u00e0 droite, apr\u00e8s vingt-cinq ans de gouvernance socialiste ? \u00c0 trois mois du scrutin, les candidats de gauche peinent \u00e0 s\u2019unir pour pr\u00e9senter une liste unique au premier tour (15 mars); la droite appara\u00eet divis\u00e9e.\n<\/li>\n<li>Un \u00e9l\u00e9ment plus technique pourrait aussi redistribuer les cartes \u00e0 l\u2019issue du second tour (22 mars) : la r\u00e9forme de la loi PLM, contest\u00e9e, mais valid\u00e9e par le Conseil constitutionnel (lire l\u2019encadr\u00e9), et qui introduit pour la premi\u00e8re fois depuis quarante un double scrutin.\n<\/li>\n<li>Avant que les \u00e9lecteurs parisiens se prononcent, actu Paris a cherch\u00e9 \u00e0 prendre la temp\u00e9rature aupr\u00e8s d\u2019eux. En allant \u00e0 leur rencontre, dans les all\u00e9es des hauts lieux de la vie locale que sont les march\u00e9s, et en leur demandant ce qu&rsquo;ils attendent vraiment des \u00e9lections municipales, ce qu&rsquo;elles doivent changer ou non dans leur vie de tous les jours. Dans le septi\u00e8me \u00e9pisode de notre s\u00e9rie, direction le 11e arrondissement.\n<\/li>\n<\/ul>\n<p>\u00ab\u2009Je suis arriv\u00e9 en 1981 et depuis, tout a chang\u00e9 dans le 11e. Ici, on n\u2019a plus de boulangerie mais des ateliers boulangeries\u2026 <strong>Faites-nous du bon pain et puis basta\u2009!<\/strong>\u2009\u00bb Cueilli au petit matin, mardi 2\u00a0d\u00e9cembre 2025 au<a href=\"https:\/\/actu.fr\/ile-de-france\/paris_75056\/en-perte-de-vitesse-ce-marche-populaire-de-l-est-de-paris-va-accueillir-de-nouveaux-commerces_62239283.html\" target=\"_blank\" rel=\"noopener\"> march\u00e9 d\u2019Aligre<\/a> limitrophe \u00e0 son arrondissement, Armand, 80\u00a0ans et ancien professeur de lettres en a des choses \u00e0 dire sur l\u2019\u00e9volution de son quartier. L\u2019ancien Marseillais s\u2019inqui\u00e8te face \u00e0 un \u00ab\u2009mono commerce destin\u00e9 aux bobos\u2009\u00bb.\u00a0De son c\u00f4t\u00e9, si Vanessa appr\u00e9cie la vie quotidienne dans \u00ab\u2009l\u2019arrondissement Ponpicourt\u2009\u00bb dirig\u00e9 par la gauche depuis 1995, elle regrette toutefois un \u00ab\u2009acc\u00e8s trop limit\u00e9 aux infrastructures sportives\u2009\u00bb.<\/p>\n<p class=\" wall-content\">Quelques semaines plus tard, crois\u00e9s dans les all\u00e9es du march\u00e9 Bastille jeudi 8\u00a0janvier 2026, Mireille et Jean-Philippe, deux historiques du quartier, formulent leurs souhaits pour la nouvelle mandature \u00e0 venir.<\/p>\n<p>Une gentrification qui fait d\u00e9bat<\/p>\n<p class=\" wall-content\">B\u00e9ret viss\u00e9 sur la t\u00eate et accent trahissant son origine phoc\u00e9enne, Armand revient sur les derni\u00e8res ann\u00e9es o\u00f9 \u00ab\u2009le <strong>quartier s\u2019est bobo\u00efs\u00e9<\/strong> d\u2019une mani\u00e8re dramatique\u2009\u00bb. Selon l\u2019enseignant \u00e0 la retraite, ce ph\u00e9nom\u00e8ne s\u2019est traduit par \u00ab\u2009la fin de la vie de quartier\u2009\u00bb. \u00ab\u2009Il n\u2019y a plus que des bistrots, les gens viennent ici seulement pour consommer et faire la f\u00eate\u2009\u00bb, condamne l\u2019octog\u00e9naire.<\/p>\n<p class=\" wall-content\">\u00ab\u2009D\u00e9sormais ne fleurissent que des magasins tr\u00e8s chers\u2009\u00bb, poursuit-il. Son souhait\u2009? \u00ab\u2009Que le maire milite pour la diversification des points de vente, et des budgets.\u2009\u00bb Et que la culture ait une place plus importante.<\/p>\n<p class=\" wall-content\">Jean-Philippe, 75 hivers et 75\u00a0ans de vie dans le 11e, dresse le m\u00eame bilan mais porte un regard diff\u00e9rent sur cette nouvelle dynamique. Si \u00ab\u2009le quartier s\u2019est gentrifi\u00e9\u2009\u00bb, pour ce dernier il s\u2019agit plut\u00f4t d\u2019une bonne chose. Aux c\u00f4t\u00e9s de Snoopy, un <a href=\"https:\/\/actu.fr\/ile-de-france\/paris_75056\/paris-n-est-pas-encore-une-ville-pensee-pour-eux-les-chiens-s-imposent-dans-le-debat-des-municipales-2026_63619071.html\" target=\"_blank\" rel=\"noopener\">petit chien<\/a> aussi blanc que la <a href=\"https:\/\/actu.fr\/ile-de-france\/paris_75056\/ski-a-montmartre-tour-eiffel-et-evacuation-d-un-metro-les-images-impressionnantes-de-la-neige-a-paris_63654723.html\" target=\"_blank\" rel=\"noopener\">neige<\/a> qui recouvre encore <a href=\"https:\/\/actu.fr\/ile-de-france\/paris_75056\/chute-de-neige-a-paris-routes-bouches-de-metro-trottoirs-mairie-ou-riverains-qui-doit-deneiger_63656602.html\" target=\"_blank\" rel=\"noopener\">les trottoirs de la capitale<\/a>, il loue la qualit\u00e9 de vie de l\u2019arrondissement et\u2026 son offre de commerces.<\/p>\n<p>\u00ab\u2009La place de la Bastille ce n\u2019est pas la tour Eiffel mais presque\u2009\u00bb<\/p>\n<p class=\" wall-content\">Malgr\u00e9 le verglas, Mireille s\u2019est aventur\u00e9e sur le march\u00e9 Bastille, boulevard Richard-Lenoir. \u00ab\u2009J\u2019habite <a href=\"https:\/\/actu.fr\/ile-de-france\/paris_75056\/le-saviez-vous-ces-clous-place-de-la-bastille-a-paris-ne-sont-pas-la-par-hasard_60522626.html\" target=\"_blank\" rel=\"noopener\">place de la Bastille<\/a>, ce n\u2019est pas la grande \u00e9pop\u00e9e non plus\u2009\u00bb, rit-elle. La Parisienne a tenu 42\u00a0ans un salon \u00e0 quelques m\u00e8tres de l\u00e0. Aujourd\u2019hui, elle regrette un temps o\u00f9 le \u00ab\u2009quartier \u00e9tait un village, o\u00f9 tout le monde se connaissait\u2009\u00bb.<\/p>\n<p class=\" wall-content\">\u00ab\u2009La place de la Bastille ce n\u2019est pas la tour Eiffel mais presque. C\u2019est devenu tr\u00e8s touristique\u2009\u00bb, poursuit la s\u00e9millante retrait\u00e9e. \u00ab\u2009Il n\u2019y a plus grand monde qui soit rest\u00e9 de mon \u00e9poque. Tous ont fui le bruit\u2009\u00bb, rembobine-t-elle.<\/p>\n<p>Votre r\u00e9gion, votre actu !<\/p>\n<p>Recevez chaque jour les infos qui comptent pour vous.<\/p>\n<p>\t<a href=\"https:\/\/actu.fr\/newsletter\" class=\"ac-btn ac-btn--corner ac-btn--medium ac-btn--blue800\" target=\"_blank\" rel=\"noopener\">S&rsquo;incrire<\/a><\/p>\n<p class=\" wall-content\">Et notamment ceux des m\u00e9gaphones et jets de lacrymo lors des mouvements sociaux. Si Mireille comprend les revendications et reconna\u00eet le droit \u00e0 tous de se faire entendre, la p\u00e9riode des <a href=\"https:\/\/actu.fr\/ile-de-france\/paris_75056\/la-securite-ne-peut-occulter-la-liberte-manifester-devant-l-elysee-combat-du-syndicat-des-gilets-jaunes_63200407.html\" target=\"_blank\" rel=\"noopener\">Gilets jaunes<\/a> a \u00e9t\u00e9 tr\u00e8s dure \u00e0 vivre. \u00ab\u2009Mes fen\u00eatres donnent sur la place et malgr\u00e9 de double vitrage, c\u2019est comme si j\u2019\u00e9tais dans les cort\u00e8ges\u2009\u00bb, illustre-t-elle. Durant ces mois de mobilisation, elle a pu se r\u00e9fugier dans son pied-\u00e0-terre normand. \u00ab\u2009C\u2019est gr\u00e2ce \u00e0 ces coupures que je supporte encore \u00e0 Paris\u2009\u00bb, confesse l\u2019ancienne patronne.<\/p>\n<p class=\" wall-content\">Pour le nouveau mandat, la Parisienne esp\u00e8re des \u00ab\u2009mesures sur l\u2019immigration\u2009\u00bb. \u00ab\u2009Je n\u2019ai rien contre mais la Ville devrait \u00eatre capable de mettre \u00e0 disposition <a href=\"https:\/\/actu.fr\/ile-de-france\/paris_75056\/ils-retrouvent-leurs-reperes-ici-a-paris-le-centre-d-hebergement-d-urgence-ouvre-pour-un-nouvel-hiver_63569061.html\" target=\"_blank\" rel=\"noopener\">des lieux<\/a> pour qu\u2019ils puissent <a href=\"https:\/\/actu.fr\/ile-de-france\/paris_75056\/bureaux-le-jour-refuge-la-nuit-a-paris-cette-entreprise-heberge-des-personnes-sans-abri_60576302.html\" target=\"_blank\" rel=\"noopener\">dormir au chaud<\/a>. Il arrive que des hommes s\u2019engouffrent dans mon hall d\u2019immeuble et y passent la nuit. Le matin, je dois les enjamber\u2026\u2009\u00bb, raconte l\u2019ancienne commer\u00e7ante.<\/p>\n<p class=\" wall-content\">Jean-Philippe, lui, aimerait se sentir plus en s\u00e9curit\u00e9\u2009: \u00ab\u2009Il y a vingt ans j\u2019ai pris un marron pour une histoire de carte bleue. Depuis j\u2019appr\u00e9hende toujours un peu de rentrer tard le soir.\u2009\u00bb Pour le septuag\u00e9naire, la propret\u00e9 devrait \u00eatre la deuxi\u00e8me priorit\u00e9 du futur \u00e9dile. \u00ab\u2009L\u2019autre jour j\u2019ai fait intervenir la mairie apr\u00e8s avoir crois\u00e9 le cadavre d\u2019un gros rat\u2009\u00bb, revient-il, encore \u00e9c\u0153ur\u00e9 par la rencontre.<\/p>\n<p>\u00ab\u2009Je tiens \u00e0 ce que la gauche reste dans le 11e\u2009\u00bb<\/p>\n<p class=\" wall-content\">\u00c0 l\u2019approche du scrutin, Armand le Marseillais d\u2019origine ne fait pas de myst\u00e8re\u2009: \u00ab\u2009Je tiens \u00e0 ce que la gauche reste dans le 11e et le 12e. Et si la mairie centrale passe \u00e0 <a href=\"https:\/\/actu.fr\/tag\/rachida-dati\" target=\"_blank\" rel=\"noopener\">Dati<\/a>\u2026 C\u2019est la catastrophe.\u2009\u00bb Confiant \u00eatre inquiet par le \u00ab\u2009personnage et son CV de ministre qui parlent d\u2019eux-m\u00eames\u2009\u00bb. Quant \u00e0 la <a href=\"https:\/\/actu.fr\/ile-de-france\/paris_75056\/municipales-2026-a-paris-la-reforme-de-la-loi-plm-secoue-les-equilibres-un-formidable-retour-en-arriere_63020900.html\" target=\"_blank\" rel=\"noopener\">r\u00e9forme PLM<\/a>, au m\u00eame titre que les personnes interrog\u00e9es dans le <a href=\"https:\/\/actu.fr\/ile-de-france\/paris_75056\/municipales-2026-a-paris-dans-le-12e-ils-saluent-un-quartier-plus-vert-mais-une-circulation-infernale_63518885.html\" target=\"_blank\" rel=\"noopener\">12e arrondissement<\/a>, il ignore encore tout du nouveau mode de scrutin. Idem pour Jean-Philippe qui y voit pourtant une bonne chose, une mani\u00e8re de \u00ab\u2009donner plus de lisibilit\u00e9 \u00e0 ces \u00e9lections\u2009\u00bb.<\/p>\n<p>Un tournant dans la vie municipale<\/p>\n<p>Depuis 1982, les \u00e9lections municipales se d\u00e9roulaient (\u00e0 Paris, Lyon et Marseille) par arrondissement, et non pas \u00e0 l&rsquo;\u00e9chelle de la ville. Les \u00e9lecteurs votaient pour une liste de conseillers d\u2019arrondissement : une partie d\u2019entre eux devenaient conseillers de Paris, et \u00e9taient alors charg\u00e9s d\u2019\u00e9lire le premier \u00e9dile. Avec cette r\u00e9forme, les \u00e9lecteurs devront d\u00e9signer s\u00e9par\u00e9ment leurs conseillers d\u2019arrondissement, qui \u00e9liront ensuite leur maire d\u2019arrondissement, et leurs conseillers de Paris, qui \u00e9liront, eux, le premier \u00e9dile. Le v\u00e9ritable changement sera en r\u00e9alit\u00e9 l\u2019abaissement de la prime majoritaire pour la liste arriv\u00e9e en t\u00eate \u00e0 l\u2019issue des municipales. En clair : elle remportera non plus 50%, mais 25% des si\u00e8ges au Conseil de Paris, le reste des si\u00e8ges sera r\u00e9parti quant \u00e0 lui \u00e0 la proportionnelle. Les diff\u00e9rentes tendances politiques seront mieux repr\u00e9sent\u00e9es, mais la majorit\u00e9 peut s\u2019en retrouver affaiblie.<\/p>\n<p>Des infrastructures sportives publiques difficiles d\u2019acc\u00e8s<\/p>\n<p class=\" wall-content\">D\u00e9ambulant dans le march\u00e9, Vanessa reconna\u00eet ses lacunes sur la <a href=\"https:\/\/actu.fr\/ile-de-france\/paris_75056\/municipales-2026-a-paris-ce-que-la-reforme-de-la-loi-plm-va-changer-dans-les-bureaux-de-vote_62895161.html\" target=\"_blank\" rel=\"noopener\">r\u00e9forme PLM<\/a>. \u00ab\u2009J\u2019en ai entendu parler mais je ne me suis pas assez renseign\u00e9e sur le sujet\u2009\u00bb, admet-elle.<\/p>\n<p class=\" wall-content\">La trentenaire travaille pour une ONG qui finance des projets dans les pays \u00e9mergents. Et si elle salue un \u00ab\u2009cadre de vie tr\u00e8s agr\u00e9able dans le 11e\u2009\u00bb, elle d\u00e9plore toutefois un acc\u00e8s au sport difficile. \u00ab\u2009Les piscines publiques ont des horaires qui ne sont pas adapt\u00e9s aux personnes qui travaillent et je ne parle pas des cr\u00e9neaux pour les cours de tennis qui sont tout simplement impossibles \u00e0 r\u00e9server\u2009\u00bb, d\u00e9plore la Parisienne avant de chevaucher son v\u00e9lo.<\/p>\n<p class=\" wall-content\">Personnalisez votre actualit\u00e9 en ajoutant vos villes et m\u00e9dias en favori avec <a href=\"https:\/\/moncompte.actu.fr\" title=\"D\u00e9couvez Mon Actu\" rel=\"nofollow noopener\" data-trk=\"{&quot;cta&quot;:{&quot;action&quot;:&quot;https:\\\/\\\/moncompte.actu.fr&quot;,&quot;category&quot;:&quot;mon compte&quot;,&quot;from&quot;:&quot;article footer&quot;,&quot;name&quot;:&quot;Mon actu&quot;,&quot;type&quot;:&quot;cta&quot;}}\" target=\"_blank\">Mon Actu<\/a>.<\/p>\n","protected":false},"excerpt":{"rendered":"Par Marie Amelie Marchal Publi\u00e9 le 10 janv. 2026 \u00e0 8h10 L&rsquo;essentiel En mars 2026, Paris aura un&hellip;\n","protected":false},"author":2,"featured_media":653650,"comment_status":"","ping_status":"","sticky":false,"template":"","format":"standard","meta":{"footnotes":""},"categories":[1888],"tags":[11,4188,1777,674,1011,27,3434,12,626,316,25],"class_list":{"0":"post-653649","1":"post","2":"type-post","3":"status-publish","4":"format-standard","5":"has-post-thumbnail","7":"category-paris","8":"tag-actualites","9":"tag-elections-municipales","10":"tag-eu","11":"tag-europe","12":"tag-fr","13":"tag-france","14":"tag-municipales-2026","15":"tag-news","16":"tag-paris","17":"tag-politique","18":"tag-republique-francaise"},"share_on_mastodon":{"url":"https:\/\/pubeurope.com\/@fr\/115870079640582382","error":""},"_links":{"self":[{"href":"https:\/\/www.europesays.com\/fr\/wp-json\/wp\/v2\/posts\/653649","targetHints":{"allow":["GET"]}}],"collection":[{"href":"https:\/\/www.europesays.com\/fr\/wp-json\/wp\/v2\/posts"}],"about":[{"href":"https:\/\/www.europesays.com\/fr\/wp-json\/wp\/v2\/types\/post"}],"author":[{"embeddable":true,"href":"https:\/\/www.europesays.com\/fr\/wp-json\/wp\/v2\/users\/2"}],"replies":[{"embeddable":true,"href":"https:\/\/www.europesays.com\/fr\/wp-json\/wp\/v2\/comments?post=653649"}],"version-history":[{"count":0,"href":"https:\/\/www.europesays.com\/fr\/wp-json\/wp\/v2\/posts\/653649\/revisions"}],"wp:featuredmedia":[{"embeddable":true,"href":"https:\/\/www.europesays.com\/fr\/wp-json\/wp\/v2\/media\/653650"}],"wp:attachment":[{"href":"https:\/\/www.europesays.com\/fr\/wp-json\/wp\/v2\/media?parent=653649"}],"wp:term":[{"taxonomy":"category","embeddable":true,"href":"https:\/\/www.europesays.com\/fr\/wp-json\/wp\/v2\/categories?post=653649"},{"taxonomy":"post_tag","embeddable":true,"href":"https:\/\/www.europesays.com\/fr\/wp-json\/wp\/v2\/tags?post=653649"}],"curies":[{"name":"wp","href":"https:\/\/api.w.org\/{rel}","templated":true}]}}