{"id":653651,"date":"2026-01-10T09:24:16","date_gmt":"2026-01-10T09:24:16","guid":{"rendered":"https:\/\/www.europesays.com\/fr\/653651\/"},"modified":"2026-01-10T09:24:16","modified_gmt":"2026-01-10T09:24:16","slug":"annexion-du-groenland-si-nous-ne-le-faisons-pas-la-russie-ou-la-chine-le-fera-donald-trump-donne-lalerte","status":"publish","type":"post","link":"https:\/\/www.europesays.com\/fr\/653651\/","title":{"rendered":"Annexion du Groenland\u00a0: \u00ab\u00a0Si nous ne le faisons pas, la Russie ou la Chine le fera\u00a0\u00bb, Donald Trump donne l\u2019alerte"},"content":{"rendered":"<p>\n                                                                Les ambitions am\u00e9ricaines sur le Groenland suscitent des tensions internationales. Donald Trump envisage d\u2019acqu\u00e9rir ce territoire pour contrer l\u2019influence russe et chinoise. L\u2019Europe critique cette approche, soulignant la souverainet\u00e9 du Danemark et du Groenland.\n                            <\/p>\n<p>Les \u00c9tats-Unis ont besoin de poss\u00e9der le Groenland pour emp\u00eacher la Russie ou la Chine de l\u2019occuper \u00e0 l\u2019avenir, a d\u00e9clar\u00e9 ce vendredi le pr\u00e9sident am\u00e9ricain Donald Trump. \u00ab\u00a0Nous \u2060allons faire quelque chose au sujet du Groenland, qu\u2019ils le veuillent ou non. Car si nous ne le faisons pas, la Russie ou la Chine s\u2019emparera \u200ddu Groenland, et nous n\u2019allons pas avoir la Russie ou la Chine comme voisin\u00a0\u00bb, a d\u00e9clar\u00e9 Donald Trump aux journalistes lors d\u2019une r\u00e9union \u00e0 la Maison blanche avec des \u200bdirigeants de compagnies p\u00e9troli\u00e8res.<\/p>\n<p>Plans, arm\u00e9e, forfaits\u2026<\/p>\n<p>Le pr\u00e9sident am\u00e9ricain a ajout\u00e9 que les \u00c9tats-Unis devaient acqu\u00e9rir le Groenland bien que son pays soit d\u00e9j\u00e0 pr\u00e9sent militairement sur l\u2019\u00eele en vertu d\u2019un accord de 1951, car de tels accords ne suffisent pas \u200d\u00e0 garantir sa d\u00e9fense. Le Groenland, \u2060qui compte 57.000 habitants, est \u2060un territoire autonome du Royaume du Danemark. \u00ab\u00a0Vous d\u00e9fendez la propri\u00e9t\u00e9. On ne d\u00e9fend pas des baux. Et nous devrons d\u00e9fendre le Groenland. Si nous ne le faisons pas, la Chine ou la Russie le feront\u00a0\u00bb, a d\u00e9clar\u00e9 Donald Trump.<\/p>\n<p>Le pr\u00e9sident et les responsables de \u200dla Maison blanche \u200dont discut\u00e9 de divers plans visant \u00e0 \u200bplacer le Groenland sous le contr\u00f4le des \u00c9tats-Unis, y compris le recours \u2060potentiel \u00e0 l\u2019arm\u00e9e am\u00e9ricaine et \u200bdes paiements \u200cforfaitaires aux Groenlandais pour les convaincre de quitter le Danemark et de rejoindre potentiellement les \u00c9tats-Unis.<\/p>\n<p>Copenhague et toute l\u2019Europe \u200dont critiqu\u00e9 ces derniers jours les commentaires de Donald Trump et d\u2019autres responsables am\u00e9ricains affirmant leur droit sur le Groenland. Les \u00c9tats-Unis et le Danemark, partenaires au sein de l\u2019Otan, sont li\u00e9s par un accord de d\u00e9fense mutuelle. Mardi, la France, l\u2019Allemagne, l\u2019Italie, la Pologne, l\u2019Espagne, la Grande-Bretagne et le Danemark ont publi\u00e9 une d\u00e9claration commune affirmant que seuls le Groenland et le Danemark \u2060peuvent d\u00e9cider \u200cdes questions relatives \u00e0 leurs relations.<\/p>\n<p>\u00ab\u00a0Nous ne voulons pas \u00eatre Am\u00e9ricains\u00a0\u00bb, ont r\u00e9affirm\u00e9 tard vendredi les partis groenlandais dans une d\u00e9claration commune, apr\u00e8s que Donald Trump a affirm\u00e9 que les Etats-Unis emploierait \u00ab\u00a0la mani\u00e8re douce\u00a0\u00bb ou \u00ab\u00a0la mani\u00e8re forte\u00a0\u00bb pour acqu\u00e9rir l&rsquo;immense \u00eele arctique.\u00a0\u00ab\u00a0Nous ne voulons pas \u00eatre Am\u00e9ricains, nous ne voulons pas \u00eatre Danois, nous voulons \u00eatre Groenlandais\u00a0\u00bb, ont \u00e9crit les dirigeants des cinq partis groenlandais repr\u00e9sent\u00e9s au Parlement local. \u00ab\u00a0L&rsquo;avenir du Groenland doit \u00eatre d\u00e9cid\u00e9 par le peuple groenlandais\u00a0\u00bb, assurent-ils.<\/p>\n","protected":false},"excerpt":{"rendered":"Les ambitions am\u00e9ricaines sur le Groenland suscitent des tensions internationales. Donald Trump envisage d\u2019acqu\u00e9rir ce territoire pour contrer&hellip;\n","protected":false},"author":2,"featured_media":653652,"comment_status":"","ping_status":"","sticky":false,"template":"","format":"standard","meta":{"footnotes":""},"categories":[1591],"tags":[1111,11,1887,14,12,1885,1886,132],"class_list":{"0":"post-653651","1":"post","2":"type-post","3":"status-publish","4":"format-standard","5":"has-post-thumbnail","7":"category-russie","8":"tag-actu","9":"tag-actualites","10":"tag-federation-de-russie","11":"tag-international","12":"tag-news","13":"tag-russia","14":"tag-russian-federation","15":"tag-russie"},"share_on_mastodon":{"url":"https:\/\/pubeurope.com\/@fr\/115870083554022947","error":""},"_links":{"self":[{"href":"https:\/\/www.europesays.com\/fr\/wp-json\/wp\/v2\/posts\/653651","targetHints":{"allow":["GET"]}}],"collection":[{"href":"https:\/\/www.europesays.com\/fr\/wp-json\/wp\/v2\/posts"}],"about":[{"href":"https:\/\/www.europesays.com\/fr\/wp-json\/wp\/v2\/types\/post"}],"author":[{"embeddable":true,"href":"https:\/\/www.europesays.com\/fr\/wp-json\/wp\/v2\/users\/2"}],"replies":[{"embeddable":true,"href":"https:\/\/www.europesays.com\/fr\/wp-json\/wp\/v2\/comments?post=653651"}],"version-history":[{"count":0,"href":"https:\/\/www.europesays.com\/fr\/wp-json\/wp\/v2\/posts\/653651\/revisions"}],"wp:featuredmedia":[{"embeddable":true,"href":"https:\/\/www.europesays.com\/fr\/wp-json\/wp\/v2\/media\/653652"}],"wp:attachment":[{"href":"https:\/\/www.europesays.com\/fr\/wp-json\/wp\/v2\/media?parent=653651"}],"wp:term":[{"taxonomy":"category","embeddable":true,"href":"https:\/\/www.europesays.com\/fr\/wp-json\/wp\/v2\/categories?post=653651"},{"taxonomy":"post_tag","embeddable":true,"href":"https:\/\/www.europesays.com\/fr\/wp-json\/wp\/v2\/tags?post=653651"}],"curies":[{"name":"wp","href":"https:\/\/api.w.org\/{rel}","templated":true}]}}