{"id":653653,"date":"2026-01-10T09:25:11","date_gmt":"2026-01-10T09:25:11","guid":{"rendered":"https:\/\/www.europesays.com\/fr\/653653\/"},"modified":"2026-01-10T09:25:11","modified_gmt":"2026-01-10T09:25:11","slug":"direct-guerre-en-ukraine-lattaque-russe-prive-de-chauffage-la-moitie-des-immeubles-de-kiev-et-il-fait-20c-dehors","status":"publish","type":"post","link":"https:\/\/www.europesays.com\/fr\/653653\/","title":{"rendered":"DIRECT. Guerre en Ukraine\u00a0: l\u2019attaque russe prive de chauffage la moiti\u00e9 des immeubles de Kiev et il fait \u2013 20\u00b0C dehors"},"content":{"rendered":"<p>09h10.Le Royaume-Uni mobilise 230 millions d&rsquo;euros pour pr\u00e9parer son arm\u00e9e\u00a0<\/p>\n<p class=\"live-post__amorce\">La Russie a continu\u00e9 de pilonner l&rsquo;Ukraine vendredi apr\u00e8s avoir critiqu\u00e9 la veille le plan europ\u00e9en de d\u00e9ploiement d&rsquo;une force multinationale dans le pays apr\u00e8s une \u00e9ventuelle fin du conflit. Le Royaume-Uni a de son c\u00f4t\u00e9 annonc\u00e9 vendredi mobiliser des fonds d&rsquo;environ 230 millions d&rsquo;euros pour pr\u00e9parer son arm\u00e9e \u00e0 un tel d\u00e9ploiement en cas de cessez-le-feu avec la Russie.<\/p>\n<p>08h42.C\u2019est quoi ce missile Orechnik utilis\u00e9 par la Russie et qui inqui\u00e8te l\u2019Europe ?<\/p>\n<p class=\"live-post__amorce\">Alors que les n\u00e9gociations de paix patinent, l\u2019arm\u00e9e russe continue d\u2019attaquer l\u2019Ukraine. Dans la nuit de jeudi \u00e0 vendredi, le Kremlin a utilis\u00e9 une arme capable d\u2019atteindre des cibles \u00e0 plusieurs milliers de kilom\u00e8tres\u00a0: le missile Orechnik. On vous en dit plus  <a href=\"https:\/\/www.ladepeche.fr\/2026\/01\/10\/guerre-en-ukraine-invincible-veritable-arme-nucleaire-cest-quoi-ce-missile-orechnik-utilise-par-la-russie-et-qui-inquiete-leurope-13152185.php\" target=\"_blank\" rel=\"noopener noreferrer nofollow\" class=\"\">dans cet article<\/a> .<\/p>\n<p>08h20.La moiti\u00e9 des immeubles de Kiev n&rsquo;ont plus de chauffage et il fait &#8211; 20\u00b0C dehors<\/p>\n<p class=\"live-post__amorce\">A la suite de l&rsquo;attaque russe vendredi, \u00ab\u00a0la moiti\u00e9 des immeubles d&rsquo;habitation \u00e0 Kiev &#8211; pr\u00e8s de 6000 &#8211; sont actuellement priv\u00e9s de chauffage\u00a0\u00bb, s&rsquo;alarme le maire Vitaly Klitschko. Il a exhort\u00e9 ceux qui le peuvent \u00e0 quitter \u00ab\u00a0temporairement\u00a0\u00bb la ville mais aucune affluence massive n&rsquo;a \u00e9t\u00e9 observ\u00e9e dans les gares routi\u00e8res et ferroviaires. 417 000 foyers sont priv\u00e9s de gaz selon l&rsquo;op\u00e9rateur \u00e9lectrique priv\u00e9 DTEK. \u00ab\u00a0Il fait -18 \u00e0 -20\u00b0C et il n&rsquo;y a plus de gaz. Les gens ont des jeunes enfants, des familles. Comment peuvent-ils vivre sans pouvoir se r\u00e9chauffer?\u00a0\u00bb, s&rsquo;interroge Slava, une femme de 70 ans.<\/p>\n<p>08h05.Volodymyr Zelensky r\u00e9clame une \u00ab\u00a0r\u00e9action claire\u00a0\u00bb de la communaut\u00e9 internationale<\/p>\n<p class=\"live-post__amorce\">Au lendemain des nouvelles frappes russes, le pr\u00e9sident ukrainien demande une \u00ab\u00a0r\u00e9action claire\u00a0\u00bb de la communaut\u00e9 internationale contre la Russie. L&rsquo;attaque men\u00e9e vendredi a touch\u00e9 une quarantaine de sites dans la capitale. \u00ab\u00a0La Russie a atteint un nouveau niveau effroyable de crimes de guerre et de crimes contre l&rsquo;humanit\u00e9 dans ses attaques contre les civils et infrastructures civiles en Ukraine\u00a0\u00bb, d\u00e9nonce l&rsquo;ambassadeur d&rsquo;Ukraine \u00e0 l&rsquo;ONU Andri\u00ef Melnyk<\/p>\n<p>08h02.R\u00e9union du Conseil de s\u00e9curit\u00e9 de l&rsquo;ONU lundi sur l&rsquo;Ukraine<\/p>\n<p class=\"live-post__amorce\">Le Conseil de s\u00e9curit\u00e9 de l&rsquo;ONU se r\u00e9unira lundi \u00e0 la demande de l&rsquo;Ukraine \u00e0 la suite des frappes qui ont fait 4 morts et 26 bless\u00e9s vendredi et du recours par Moscou \u00e0 son missile balistique de derni\u00e8re g\u00e9n\u00e9ration Orechnik. Le missile Orechnik ne portait pas d&rsquo;ogive nucl\u00e9aire lors de ces tirs. Il avait \u00e9t\u00e9 utilis\u00e9 pour la premi\u00e8re fois en 2024 contre une usine militaire situ\u00e9e dans la ville de Dnipro, dans le centre-est de l&rsquo;Ukraine.<\/p>\n<p>08h00.Bienvenue dans notre direct<\/p>\n<p class=\"live-post__amorce\">Suivez toute l&rsquo;actualit\u00e9 de la guerre en Ukraine, ce samedi 10 janvier 2026.<\/p>\n","protected":false},"excerpt":{"rendered":"09h10.Le Royaume-Uni mobilise 230 millions d&rsquo;euros pour pr\u00e9parer son arm\u00e9e\u00a0 La Russie a continu\u00e9 de pilonner l&rsquo;Ukraine vendredi&hellip;\n","protected":false},"author":2,"featured_media":653654,"comment_status":"","ping_status":"","sticky":false,"template":"","format":"standard","meta":{"footnotes":""},"categories":[1590],"tags":[11,1777,674,329,131,14,12,220],"class_list":{"0":"post-653653","1":"post","2":"type-post","3":"status-publish","4":"format-standard","5":"has-post-thumbnail","7":"category-ukraine","8":"tag-actualites","9":"tag-eu","10":"tag-europe","11":"tag-france-monde","12":"tag-guerre-en-ukraine","13":"tag-international","14":"tag-news","15":"tag-ukraine"},"share_on_mastodon":{"url":"https:\/\/pubeurope.com\/@fr\/115870087468231413","error":""},"_links":{"self":[{"href":"https:\/\/www.europesays.com\/fr\/wp-json\/wp\/v2\/posts\/653653","targetHints":{"allow":["GET"]}}],"collection":[{"href":"https:\/\/www.europesays.com\/fr\/wp-json\/wp\/v2\/posts"}],"about":[{"href":"https:\/\/www.europesays.com\/fr\/wp-json\/wp\/v2\/types\/post"}],"author":[{"embeddable":true,"href":"https:\/\/www.europesays.com\/fr\/wp-json\/wp\/v2\/users\/2"}],"replies":[{"embeddable":true,"href":"https:\/\/www.europesays.com\/fr\/wp-json\/wp\/v2\/comments?post=653653"}],"version-history":[{"count":0,"href":"https:\/\/www.europesays.com\/fr\/wp-json\/wp\/v2\/posts\/653653\/revisions"}],"wp:featuredmedia":[{"embeddable":true,"href":"https:\/\/www.europesays.com\/fr\/wp-json\/wp\/v2\/media\/653654"}],"wp:attachment":[{"href":"https:\/\/www.europesays.com\/fr\/wp-json\/wp\/v2\/media?parent=653653"}],"wp:term":[{"taxonomy":"category","embeddable":true,"href":"https:\/\/www.europesays.com\/fr\/wp-json\/wp\/v2\/categories?post=653653"},{"taxonomy":"post_tag","embeddable":true,"href":"https:\/\/www.europesays.com\/fr\/wp-json\/wp\/v2\/tags?post=653653"}],"curies":[{"name":"wp","href":"https:\/\/api.w.org\/{rel}","templated":true}]}}