{"id":653655,"date":"2026-01-10T09:26:10","date_gmt":"2026-01-10T09:26:10","guid":{"rendered":"https:\/\/www.europesays.com\/fr\/653655\/"},"modified":"2026-01-10T09:26:10","modified_gmt":"2026-01-10T09:26:10","slug":"donald-trump-declare-que-les-etats-unis-agiront-sur-le-groenland-quils-le-veuillent-ou-non","status":"publish","type":"post","link":"https:\/\/www.europesays.com\/fr\/653655\/","title":{"rendered":"Donald Trump d\u00e9clare que les \u00c9tats-Unis agiront sur le Groenland, \u00ab\u00a0qu&rsquo;ils le veuillent ou non\u00a0\u00bb"},"content":{"rendered":"<p>Les \u00c9tats-Unis \u00ab\u00a0feront quelque chose pour le Groenland, que cela leur plaise ou non\u00a0\u00bb, a d\u00e9clar\u00e9 vendredi le pr\u00e9sident Donald Trump, r\u00e9it\u00e9rant ses menaces de s&#8217;emparer de cette r\u00e9gion semi-autonome du Danemark.<\/p>\n<p>\u00ab\u00a0Parce que si nous ne le faisons pas, la Russie ou la Chine s&#8217;empareront du Groenland. Et nous n&rsquo;aurons ni la Russie ni la Chine comme voisins\u00a0\u00bb, a-t-il ajout\u00e9.<\/p>\n<p>Donald Trump a fait ces d\u00e9clarations lors d&rsquo;une r\u00e9union \u00e0 la Maison Blanche en compagnie du vice-pr\u00e9sident J. D. Vance, du secr\u00e9taire d&rsquo;\u00c9tat Marco Rubio et de dirigeants du secteur p\u00e9trolier, affirmant qu&rsquo;il \u00e9tait un \u00ab\u00a0grand fan\u00a0\u00bb du Danemark et qu&rsquo;il aimerait conclure un accord \u00ab\u00a0facilement\u00a0\u00bb.<\/p>\n<p>\u00ab\u00a0J&rsquo;aimerais conclure un accord, vous savez, de la mani\u00e8re la plus simple, mais si nous ne le faisons pas de la mani\u00e8re la plus simple, nous le ferons de la mani\u00e8re la plus difficile\u00a0\u00bb.<\/p>\n<p>Le Groenland est une \u00eele strat\u00e9giquement situ\u00e9e et riche en min\u00e9raux, qui est une r\u00e9gion semi-autonome du Danemark, alli\u00e9 de l&rsquo;OTAN. Donald Trump cite r\u00e9guli\u00e8rement les int\u00e9r\u00eats de s\u00e9curit\u00e9 nationale pour justifier ses intentions \u00e0 l&rsquo;\u00e9gard de l&rsquo;\u00eele autonome.<\/p>\n<p>Les r\u00e9centes attaques am\u00e9ricaines contre le Venezuela et la capture de son pr\u00e9sident, Nicol\u00e1s Maduro<a href=\"https:\/\/www.euronews.com\/2026\/01\/03\/at-least-seven-explosions-and-low-flying-aircraft-heard-in-venezuelan-capital-caracas\" target=\"_blank\" rel=\"noopener\">,<\/a> ont aliment\u00e9 les inqui\u00e9tudes croissantes sur ce que les \u00c9tats-Unis pourraient planifier pour Greeland.<\/p>\n<p>Cette semaine, la Premi\u00e8re ministre danoise, Mette Frederiksen, a d\u00e9clar\u00e9 que les \u00c9tats-Unis \u00ab\u00a0n&rsquo;ont pas le droit d&rsquo;annexer l&rsquo;une des trois nations du Royaume danois\u00a0\u00bb et a averti qu&rsquo;une prise de contr\u00f4le am\u00e9ricaine marquerait la fin de l&rsquo;alliance militaire de l&rsquo;OTAN.<\/p>\n<p>\u00ab\u00a0Si les \u00c9tats-Unis d\u00e9cident d&rsquo;attaquer un autre pays de l&rsquo;OTAN, tout s&rsquo;arr\u00eatera, y compris l&rsquo;OTAN et la s\u00e9curit\u00e9 qu&rsquo;elle assure depuis la Seconde Guerre mondiale\u00a0\u00bb, a d\u00e9clar\u00e9 Mette Frederiksen aux m\u00e9dias locaux.<\/p>\n","protected":false},"excerpt":{"rendered":"Les \u00c9tats-Unis \u00ab\u00a0feront quelque chose pour le Groenland, que cela leur plaise ou non\u00a0\u00bb, a d\u00e9clar\u00e9 vendredi le&hellip;\n","protected":false},"author":2,"featured_media":653656,"comment_status":"","ping_status":"","sticky":false,"template":"","format":"standard","meta":{"footnotes":""},"categories":[1589],"tags":[11,75,73,1866,146,12,1864,1865,1863,308],"class_list":{"0":"post-653655","1":"post","2":"type-post","3":"status-publish","4":"format-standard","5":"has-post-thumbnail","7":"category-etats-unis","8":"tag-actualites","9":"tag-donald-trump","10":"tag-etats-unis","11":"tag-etats-unis-damerique","12":"tag-groenland","13":"tag-news","14":"tag-united-states","15":"tag-united-states-of-america","16":"tag-us","17":"tag-usa"},"share_on_mastodon":{"url":"https:\/\/pubeurope.com\/@fr\/115870091573337386","error":""},"_links":{"self":[{"href":"https:\/\/www.europesays.com\/fr\/wp-json\/wp\/v2\/posts\/653655","targetHints":{"allow":["GET"]}}],"collection":[{"href":"https:\/\/www.europesays.com\/fr\/wp-json\/wp\/v2\/posts"}],"about":[{"href":"https:\/\/www.europesays.com\/fr\/wp-json\/wp\/v2\/types\/post"}],"author":[{"embeddable":true,"href":"https:\/\/www.europesays.com\/fr\/wp-json\/wp\/v2\/users\/2"}],"replies":[{"embeddable":true,"href":"https:\/\/www.europesays.com\/fr\/wp-json\/wp\/v2\/comments?post=653655"}],"version-history":[{"count":0,"href":"https:\/\/www.europesays.com\/fr\/wp-json\/wp\/v2\/posts\/653655\/revisions"}],"wp:featuredmedia":[{"embeddable":true,"href":"https:\/\/www.europesays.com\/fr\/wp-json\/wp\/v2\/media\/653656"}],"wp:attachment":[{"href":"https:\/\/www.europesays.com\/fr\/wp-json\/wp\/v2\/media?parent=653655"}],"wp:term":[{"taxonomy":"category","embeddable":true,"href":"https:\/\/www.europesays.com\/fr\/wp-json\/wp\/v2\/categories?post=653655"},{"taxonomy":"post_tag","embeddable":true,"href":"https:\/\/www.europesays.com\/fr\/wp-json\/wp\/v2\/tags?post=653655"}],"curies":[{"name":"wp","href":"https:\/\/api.w.org\/{rel}","templated":true}]}}