{"id":653657,"date":"2026-01-10T09:27:11","date_gmt":"2026-01-10T09:27:11","guid":{"rendered":"https:\/\/www.europesays.com\/fr\/653657\/"},"modified":"2026-01-10T09:27:11","modified_gmt":"2026-01-10T09:27:11","slug":"pourquoi-un-rapprochement-avec-charles-iii-nest-pas-acquis-pour-autant","status":"publish","type":"post","link":"https:\/\/www.europesays.com\/fr\/653657\/","title":{"rendered":"pourquoi un rapprochement avec Charles III n\u2019est pas acquis pour autant"},"content":{"rendered":"<p>                                    <img decoding=\"async\" src=\"https:\/\/www.europesays.com\/fr\/wp-content\/uploads\/2026\/01\/3bf3fd3d2fef35f8353a8922518ea62e3e5a1c5e50e307560b04487509793758.jpg\" alt=\"Prince Harry: vie priv\u00e9e, famille, pouvoir\u2026 Ce qu\u2019il faut conna\u00eetre\" class=\"a11y-hidden\" fetchpriority=\"high\"\/><\/p>\n<p class=\"fig-standfirst\">\n    Le prince Harry a obtenu gain de cause dans sa bataille pour b\u00e9n\u00e9ficier d\u2019une protection polici\u00e8re lors de ses visites au Royaume-Uni. Des retrouvailles r\u00e9guli\u00e8res entre le duc de Sussex, ses enfants Archie et Lilibet et Charles III pourraient donc \u00eatre rapidement organis\u00e9es&#8230; Pas si vite\u00a0!<\/p>\n<p class=\"fig-paragraph\">La nouvelle ann\u00e9e d\u00e9bute avec une bonne nouvelle pour le prince Harry. Selon des sources proches du duc de Sussex, ce dernier aurait obtenu gain de cause\u00a0<a href=\"http:\/\/www.gala.fr\/royautes\/le-prince-harry-inquiet-pour-sa-securite-apres-6-ans-il-remporte-une-importante-bataille-20260105\" data-fig-type=\"Article\" data-gtm-custom-categorie=\"navigation\" data-gtm-custom-action=\"crossclick\" data-gtm-custom-label=\"Contextuel\" data-gtm-event=\"customEventSPE\" data-fig-domain=\"GALA\" target=\"_blank\" rel=\"noopener\">dans sa bataille pour b\u00e9n\u00e9ficier d\u2019une protection polici\u00e8re arm\u00e9e automatique financ\u00e9e par les contribuables<\/a>\u00a0lors de ses visites au Royaume-Uni. Une petite victoire pour l\u2019exil\u00e9 de Montecito qui bataille depuis 2020 et le Megxit pour faire entendre sa voix et b\u00e9n\u00e9ficier d\u2019une protection malgr\u00e9 son d\u00e9part de la famille royale. Une d\u00e9cision qui intervient apr\u00e8s un \u00e9pisode particuli\u00e8rement stressant pour le duc de Sussex. Une harceleuse, qui avait d\u00e9j\u00e0 prof\u00e9r\u00e9 des menaces en ligne, aurait r\u00e9ussi \u00e0 acc\u00e9der \u00e0 une zone s\u00e9curis\u00e9e lors d\u2019une de ses derni\u00e8res visites sur le sol anglais. Deux jours plus tard, elle aurait \u00e9galement r\u00e9ussi \u00e0 s\u2019approcher \u00e0 quelques m\u00e8tres de lui et tent\u00e9 de l\u2019aborder. Plus de peur que de mal, mais cet incident a engendr\u00e9 une nouvelle \u00e9valuation des risques et d\u00e9bouch\u00e9 sur le r\u00e9tablissement de la s\u00e9curit\u00e9 arm\u00e9e pour le prince Harry. Pour l\u2019heure, ce ne serait plus qu\u2019une question de formalit\u00e9 et une annonce officielle devrait intervenir dans les prochaines semaines.<\/p>\n<p class=\"fig-paragraph\">Dans la foul\u00e9e, les m\u00e9dias anglais ont vite \u00e9voqu\u00e9 l\u2019opportunit\u00e9 pour le prince Harry de\u00a0<a href=\"http:\/\/www.gala.fr\/royautes\/entre-harry-et-charles-iii-un-vrai-rapprochement-est-possible-a-une-seule-condition-20260105\" data-fig-type=\"Article\" data-gtm-custom-categorie=\"navigation\" data-gtm-custom-action=\"crossclick\" data-gtm-custom-label=\"Contextuel\" data-gtm-event=\"customEventSPE\" data-fig-domain=\"GALA\" target=\"_blank\" rel=\"noopener\">se rapprocher de son p\u00e8re<\/a>, et notamment la possibilit\u00e9 pour ce dernier, de passer plus de temps avec ses petits-enfants, Archie et Lilibet. \u00abC\u2019est ce qu\u2019il souhaite depuis longtemps\u00bb nous confie l\u2019expert royal Richard Fitzwilliams, \u00abmais le probl\u00e8me principal, c\u2019est la confiance, et celle-ci fait d\u00e9faut\u00bb. En effet, premier probl\u00e8me, Charles III se m\u00e9fie de son fils cadet. Et ce n\u2019est pas parce qu\u2019il se sent en s\u00e9curit\u00e9 sur le sol anglais qu\u2019il sera re\u00e7u \u00e0 chaque fois\u00a0!\u00a0<a href=\"https:\/\/www.gala.fr\/l_actu\/news_de_stars\/extraits-le-prince-harry-le-grand-deballage_510537\" data-fig-type=\"Article\" data-gtm-custom-categorie=\"navigation\" data-gtm-custom-action=\"crossclick\" data-gtm-custom-label=\"Contextuel\" data-gtm-event=\"customEventSPE\" data-fig-domain=\"GALA\" target=\"_blank\" rel=\"noopener\">Apr\u00e8s ses nombreux d\u00e9ballages dans la presse<\/a>, le roi ne peut plus s\u2019adresser \u00e0 son plus jeune fils sereinement sans craindre que tout ne soit divulgu\u00e9. Leur dernier entretien \u00e0 Londres, dans la r\u00e9sidence royale de Clarence House avait \u00e9t\u00e9 quelque peu forc\u00e9. Et le roi n\u2019a pas aim\u00e9 \u00eatre devant le fait accompli. Si Harry vient plus r\u00e9guli\u00e8rement au Royaume-Uni, c\u2019est sans conteste le monarque qui dictera le tempo. Encore faut-il qu\u2019il arrive \u00e0 pardonner \u00e0 son fils.\u00a0<a href=\"http:\/\/www.gala.fr\/royautes\/entre-harry-et-charles-iii-un-vrai-rapprochement-est-possible-a-une-seule-condition-20260105\" data-fig-type=\"Article\" data-gtm-custom-categorie=\"navigation\" data-gtm-custom-action=\"crossclick\" data-gtm-custom-label=\"Contextuel\" data-gtm-event=\"customEventSPE\" data-fig-domain=\"GALA\" target=\"_blank\" rel=\"noopener\">Les excuses du prince Harry doivent \u00eatre la condition sine qua none d\u2019un rapprochement fait savoir la presse anglaise<\/a>. Et si Charles III semble plus indulgent, notamment parce qu\u2019il est \u00e2g\u00e9 et d\u00e9sireux de passer du temps avec Archie et Lilibet, le prince William pourrait \u00eatre en frein \u00e0 leur r\u00e9conciliation. Rancunier, l\u2019h\u00e9ritier du tr\u00f4ne ne doit pas voir d\u2019un bon \u0153il les retours fr\u00e9quents de ce fr\u00e8re qui a tant conspu\u00e9 l\u2019Institution qu\u2019il sera bient\u00f4t amen\u00e9 \u00e0 repr\u00e9senter.<\/p>\n<p>                                                                <a href=\"https:\/\/photo.gala.fr\/prince-harry-toutes-les-femmes-de-sa-vie-16499\" target=\"_blank\" rel=\"noopener\"><\/p>\n<p class=\"fig-slideshow__title\">\n                    Prince Harry\u00a0: toutes les femmes de sa vie\n                <\/p>\n<p>    <\/a><br \/>\n                                                                <a class=\"fig-a11y-skip\" href=\"#fig-a11y-skip-main-inarticle\" data-module=\"a11y-skip\" data-context=\"was @visible\"><br \/>\n    Passer la publicit\u00e9<br \/>\n<\/a>            <\/p>\n<p>                                                                Harry et Meghan en mission reconqu\u00eate en Europe\u00a0?<\/p>\n<p class=\"fig-paragraph\">Autre probl\u00e8me \u00e9pineux et non des moindres\u00a0: le cas Meghan Markle. Si l\u2019ancien chouchou de la couronne continue de b\u00e9n\u00e9ficier d\u2019une petite popularit\u00e9 au Royaume-Uni malgr\u00e9 un net d\u00e9samour depuis son d\u00e9part aux \u00c9tats-Unis, sa femme n\u2019est clairement pas appr\u00e9ci\u00e9e des Britanniques. \u00ab Sa cote de popularit\u00e9 est tr\u00e8s mauvaise\u00bb nous confirme l\u2019expert, \u00abla presse lui est plus hostile que jamais. De son c\u00f4t\u00e9, il est clair qu\u2019elle n\u2019a aucune affection pour le Royaume-Uni et la famille royale le lui rend bien, ils n\u2019ont aucune confiance en elle\u00bb. Mais cette d\u00e9cision concernant la s\u00e9curit\u00e9 du prince Harry pourrait tomber \u00e0 point nomm\u00e9. En effet,\u00a0<a href=\"https:\/\/www.gala.fr\/royautes\/le-prince-harry-pourquoi-il-mise-tout-sur-les-invictus-games-pour-renouer-avec-charles-iii-et-william-il-serait-ravi-si-20250711\" target=\"_blank\" data-fig-type=\"Article\" rel=\"sponsored noopener\" data-gtm-custom-categorie=\"navigation\" data-gtm-custom-action=\"crossclick\" data-gtm-custom-label=\"Contextuel\" data-gtm-event=\"customEventSPE\" data-fig-domain=\"GALA\">la prochaine \u00e9dition des Invictus Games<\/a>, la comp\u00e9tition multisport pour soldats et v\u00e9t\u00e9rans de guerre bless\u00e9s, tr\u00e8s ch\u00e8re au c\u0153ur du prince Harry, se d\u00e9roulera \u00e0 Birmingham au Royaume-Uni en 2027. L\u2019op\u00e9ration reconqu\u00eate des Sussex en Europe pourrait franchir une \u00e9tape suppl\u00e9mentaire. Et s\u2019il ne faut pas s\u2019attendre \u00e0 ce que Meghan Markle soit toujours du voyage, elle se doit de redorer son blason\u2026 et vite\u00a0!\u00a0<a href=\"http:\/\/www.gala.fr\/royautes\/archie-et-lilibet-exposes-sur-les-reseaux-sociaux-meghan-et-harry-taxes-d-hypocrites-20251229\" data-fig-type=\"Article\" data-gtm-custom-categorie=\"navigation\" data-gtm-custom-action=\"crossclick\" data-gtm-custom-label=\"Contextuel\" data-gtm-event=\"customEventSPE\" data-fig-domain=\"GALA\" target=\"_blank\" rel=\"noopener\">Sa carte ma\u00eetresse s\u2019appelle Archie et Lilibet<\/a>, et elle pourrait s\u2019en servir pour conqu\u00e9rir le c\u0153ur des Anglais. \u00c0 la fin du mois de janvier, c\u2019est en solo que le duc de Sussex se rendra au Royaume-Uni pour une audience au tribunal concernant sa plainte contre Associated Newspapers, mais \u00e0 l\u2019avenir, la petite famille pourrait bien attirer l\u2019attention, notamment aux mariages de Peter Philips ou de Marina Windsor pr\u00e9vus au printemps prochain. Quoi de mieux que d\u2019adorables bouilles de bambins pour faire fondre les c\u0153urs\u00a0?<\/p>\n<p class=\"fig-paragraph\">Derni\u00e8re interrogation\u00a0: si les Sussex viennent plus r\u00e9guli\u00e8rement \u00e0 Londres,\u00a0<a href=\"https:\/\/www.gala.fr\/l_actu\/news_de_stars\/proces-du-prince-harry-on-sait-enfin-ou-il-a-dormi-a-londres_522514\" data-fig-type=\"Article\" data-gtm-custom-categorie=\"navigation\" data-gtm-custom-action=\"crossclick\" data-gtm-custom-label=\"Contextuel\" data-gtm-event=\"customEventSPE\" data-fig-domain=\"GALA\" target=\"_blank\" rel=\"noopener\">o\u00f9 vont-ils loger\u00a0?<\/a>\u00a0L\u00e0 encore, depuis leur d\u00e9part tonitruant de la Firme, aucune r\u00e9sidence royale ne leur est r\u00e9serv\u00e9e. Et si cette derni\u00e8re d\u00e9cision concernant la s\u00e9curit\u00e9 des Sussex changeait la donne\u00a0? \u00ab Harry a toujours clairement pr\u00e9f\u00e9r\u00e9 s\u00e9journer \u00e0 l\u2019h\u00f4tel par le pass\u00e9, mais cela pourrait \u00eatre mieux coordonn\u00e9 \u00e0 l\u2019avenir\u00bb avance l\u2019expert. L\u00e0 encore, il faudra n\u00e9gocier. Et les discussions pourraient s\u2019av\u00e9rer muscl\u00e9es. Mais consentir \u00e0 offrir le g\u00eete pourrait permettre \u00e0 la famille royale de mieux contr\u00f4ler les all\u00e9es et venues des Sussex. Histoire de garder les trublions de la couronne sous contr\u00f4le.<\/p>\n<p>                                                                <a href=\"https:\/\/photo.gala.fr\/mode\/les_stars_et_la_mode\/photos-meghan-markle-decouvrez-les-clins-d-oeil-a-ses-enfants-archie-et-lilibet-dans-ses-looks-en-images-20250412\" target=\"_blank\" rel=\"noopener\"><\/p>\n<p class=\"fig-slideshow__title\">\n                    PHOTOS &#8211; Meghan Markle\u00a0: d\u00e9couvrez les clins d\u2019\u0153il \u00e0 ses enfants Archie et Lilibet\u00a0dans ses looks en images\n                <\/p>\n<p>    <\/a><\/p>\n","protected":false},"excerpt":{"rendered":"Le prince Harry a obtenu gain de cause dans sa bataille pour b\u00e9n\u00e9ficier d\u2019une protection polici\u00e8re lors de&hellip;\n","protected":false},"author":2,"featured_media":653658,"comment_status":"","ping_status":"","sticky":false,"template":"","format":"standard","meta":{"footnotes":""},"categories":[1588],"tags":[11,46337,1777,674,9047,908,12,473,1853,1851,1850,1852,5857],"class_list":{"0":"post-653657","1":"post","2":"type-post","3":"status-publish","4":"format-standard","5":"has-post-thumbnail","7":"category-royaume-uni","8":"tag-actualites","9":"tag-charles-dangleterre","10":"tag-eu","11":"tag-europe","12":"tag-harry-dangleterre","13":"tag-meghan-markle","14":"tag-news","15":"tag-royaume-uni","16":"tag-royaume-uni-de-grande-bretagne-et-dirlande-du-nord","17":"tag-uk","18":"tag-united-kingdom","19":"tag-united-kingdom-of-great-britain-and-northern-ireland","20":"tag-william-dangleterre"},"share_on_mastodon":{"url":"https:\/\/pubeurope.com\/@fr\/115870095386234594","error":""},"_links":{"self":[{"href":"https:\/\/www.europesays.com\/fr\/wp-json\/wp\/v2\/posts\/653657","targetHints":{"allow":["GET"]}}],"collection":[{"href":"https:\/\/www.europesays.com\/fr\/wp-json\/wp\/v2\/posts"}],"about":[{"href":"https:\/\/www.europesays.com\/fr\/wp-json\/wp\/v2\/types\/post"}],"author":[{"embeddable":true,"href":"https:\/\/www.europesays.com\/fr\/wp-json\/wp\/v2\/users\/2"}],"replies":[{"embeddable":true,"href":"https:\/\/www.europesays.com\/fr\/wp-json\/wp\/v2\/comments?post=653657"}],"version-history":[{"count":0,"href":"https:\/\/www.europesays.com\/fr\/wp-json\/wp\/v2\/posts\/653657\/revisions"}],"wp:featuredmedia":[{"embeddable":true,"href":"https:\/\/www.europesays.com\/fr\/wp-json\/wp\/v2\/media\/653658"}],"wp:attachment":[{"href":"https:\/\/www.europesays.com\/fr\/wp-json\/wp\/v2\/media?parent=653657"}],"wp:term":[{"taxonomy":"category","embeddable":true,"href":"https:\/\/www.europesays.com\/fr\/wp-json\/wp\/v2\/categories?post=653657"},{"taxonomy":"post_tag","embeddable":true,"href":"https:\/\/www.europesays.com\/fr\/wp-json\/wp\/v2\/tags?post=653657"}],"curies":[{"name":"wp","href":"https:\/\/api.w.org\/{rel}","templated":true}]}}