{"id":653659,"date":"2026-01-10T09:28:29","date_gmt":"2026-01-10T09:28:29","guid":{"rendered":"https:\/\/www.europesays.com\/fr\/653659\/"},"modified":"2026-01-10T09:28:29","modified_gmt":"2026-01-10T09:28:29","slug":"allemagne-la-production-industrielle-continue-de-progresser","status":"publish","type":"post","link":"https:\/\/www.europesays.com\/fr\/653659\/","title":{"rendered":"Allemagne: la production industrielle continue de progresser"},"content":{"rendered":"<p style=\"margin-top:5px\">Berlin (awp\/afp) &#8211; La production industrielle allemande a augment\u00e9 en novembre pour le troisi\u00e8me mois cons\u00e9cutif, tir\u00e9e en partie par les \u00e9quipements de d\u00e9fense, dans le contexte du r\u00e9armement face \u00e0 la menace russe, constituant un indice suppl\u00e9mentaire d&rsquo;une l\u00e9g\u00e8re am\u00e9lioration de l&rsquo;\u00e9conomie.<\/p>\n<p>Elle a bondi de 0,8% sur un mois, apr\u00e8s une augmentation en octobre r\u00e9vis\u00e9e \u00e0 la hausse de 2%, selon les donn\u00e9es publi\u00e9es vendredi par l&rsquo;office statistique Destatis.<\/p>\n<p>Il s&rsquo;agit de la premi\u00e8re progression sur trois mois d&rsquo;affil\u00e9e depuis la p\u00e9riode post-confinement en 2021.<\/p>\n<p>La production allemande est tir\u00e9e en partie par la fabrication d&rsquo;\u00e9quipements de d\u00e9fense, remarque le minist\u00e8re de l&rsquo;Economie dans un communiqu\u00e9 s\u00e9par\u00e9.<\/p>\n<p>Face \u00e0 la menace russe et aux inqui\u00e9tudes croissantes concernant le d\u00e9sengagement am\u00e9ricain en Europe, le chancelier Friedrich Merz, qui a pris ses fonctions en mai, a d\u00e9cid\u00e9 d&rsquo;exempter les d\u00e9penses de d\u00e9fense des r\u00e8gles strictes en mati\u00e8re d&rsquo;endettement public afin d&rsquo;acc\u00e9l\u00e9rer le renforcement des capacit\u00e9s militaires allemandes.<\/p>\n<p>Mais d&rsquo;autres secteurs rebondissent \u00e9galement, offrant un nouvel indice que la premi\u00e8re \u00e9conomie europ\u00e9enne se redresse apr\u00e8s avoir touch\u00e9 le fond.<\/p>\n<p>La production automobile a augment\u00e9 de 7,8%, les produits pharmaceutiques de 4,7% et le g\u00e9nie m\u00e9canique de plus de 3,2%.<\/p>\n<p>Le rebond de cet indicateur s&rsquo;ajoute \u00e0 la reprise des commandes industrielles, qui ont fortement augment\u00e9 en novembre (+5,6%), \u00e9galement pour le troisi\u00e8me mois d&rsquo;affil\u00e9e.<\/p>\n<p>\u00ab\u00a0Sans trop s&rsquo;enthousiasmer, ce sont tous des signes clairs d&rsquo;un tournant cyclique\u00a0\u00bb, commente Carsten Brzeski, \u00e9conomiste \u00e0 la banque ING.<\/p>\n<p>Ces signes \u00ab\u00a0timides\u00a0\u00bb d&rsquo;un \u00ab\u00a0tournant industriel\u00a0\u00bb, combin\u00e9s \u00e0 la mise en oeuvre compl\u00e8te du plan de relance budg\u00e9taire du gouvernement allemand laissent penser que \u00ab\u00a0l&rsquo;\u00e9conomie allemande retrouvera enfin sa croissance cette ann\u00e9e\u00a0\u00bb, ajoute-t-il.<\/p>\n<p>Toutefois, \u00ab\u00a0une reprise plus large de l&rsquo;activit\u00e9 industrielle reste limit\u00e9e par une demande mod\u00e9r\u00e9e venant de l&rsquo;\u00e9tranger, en particulier des pays tiers, o\u00f9 les incertitudes g\u00e9opolitiques et commerciales actuelles sont probablement importantes\u00a0\u00bb, temp\u00e8re le minist\u00e8re de l&rsquo;Economie, alors que l&rsquo;\u00e9conomie allemande d\u00e9pend de son mod\u00e8le industriel exportateur, fragilis\u00e9 par les droits de douane am\u00e9ricains.<\/p>\n<p>Cette fragilit\u00e9 du commerce ext\u00e9rieur s&rsquo;est refl\u00e9t\u00e9e dans le recul des exportations en novembre, en baisse de 2,5% en novembre sur un mois, d&rsquo;apr\u00e8s les donn\u00e9es publi\u00e9es vendredi par Destatis.<\/p>\n<p>afp\/ib<\/p>\n","protected":false},"excerpt":{"rendered":"Berlin (awp\/afp) &#8211; La production industrielle allemande a augment\u00e9 en novembre pour le troisi\u00e8me mois cons\u00e9cutif, tir\u00e9e en&hellip;\n","protected":false},"author":2,"featured_media":48534,"comment_status":"","ping_status":"","sticky":false,"template":"","format":"standard","meta":{"footnotes":""},"categories":[1587],"tags":[11,672,340,1804,1805,1803,1777,674,1801,12,1802],"class_list":{"0":"post-653659","1":"post","2":"type-post","3":"status-publish","4":"format-standard","5":"has-post-thumbnail","7":"category-allemagne","8":"tag-actualites","9":"tag-allemagne","10":"tag-bourse","11":"tag-bundesrepublik-deutschland","12":"tag-de","13":"tag-deutschland","14":"tag-eu","15":"tag-europe","16":"tag-germany","17":"tag-news","18":"tag-republique-federale-dallemagne"},"share_on_mastodon":{"url":"https:\/\/pubeurope.com\/@fr\/115870100765470126","error":""},"_links":{"self":[{"href":"https:\/\/www.europesays.com\/fr\/wp-json\/wp\/v2\/posts\/653659","targetHints":{"allow":["GET"]}}],"collection":[{"href":"https:\/\/www.europesays.com\/fr\/wp-json\/wp\/v2\/posts"}],"about":[{"href":"https:\/\/www.europesays.com\/fr\/wp-json\/wp\/v2\/types\/post"}],"author":[{"embeddable":true,"href":"https:\/\/www.europesays.com\/fr\/wp-json\/wp\/v2\/users\/2"}],"replies":[{"embeddable":true,"href":"https:\/\/www.europesays.com\/fr\/wp-json\/wp\/v2\/comments?post=653659"}],"version-history":[{"count":0,"href":"https:\/\/www.europesays.com\/fr\/wp-json\/wp\/v2\/posts\/653659\/revisions"}],"wp:featuredmedia":[{"embeddable":true,"href":"https:\/\/www.europesays.com\/fr\/wp-json\/wp\/v2\/media\/48534"}],"wp:attachment":[{"href":"https:\/\/www.europesays.com\/fr\/wp-json\/wp\/v2\/media?parent=653659"}],"wp:term":[{"taxonomy":"category","embeddable":true,"href":"https:\/\/www.europesays.com\/fr\/wp-json\/wp\/v2\/categories?post=653659"},{"taxonomy":"post_tag","embeddable":true,"href":"https:\/\/www.europesays.com\/fr\/wp-json\/wp\/v2\/tags?post=653659"}],"curies":[{"name":"wp","href":"https:\/\/api.w.org\/{rel}","templated":true}]}}