{"id":653660,"date":"2026-01-10T09:29:14","date_gmt":"2026-01-10T09:29:14","guid":{"rendered":"https:\/\/www.europesays.com\/fr\/653660\/"},"modified":"2026-01-10T09:29:14","modified_gmt":"2026-01-10T09:29:14","slug":"leurope-a-t-elle-les-moyens-de-dissuader-donald-trump-lexpress","status":"publish","type":"post","link":"https:\/\/www.europesays.com\/fr\/653660\/","title":{"rendered":"l&rsquo;Europe a-t-elle les moyens de dissuader Donald Trump ? \u2013 L&rsquo;Express"},"content":{"rendered":"<p class=\"paragraph article-body-paragraph article__item   article-body-paragraph--first \">Moins d\u2019une semaine apr\u00e8s les nouvelles menaces de Donald Trump de prendre le contr\u00f4le du Groenland, un <a href=\"https:\/\/www.lexpress.fr\/monde\/europe\/groenland-leurope-desemparee-face-a-la-predation-de-donald-trump-7MUVRDOH7JDDRHRKTA2FZSLJ3U\/\" target=\"_self\" rel=\"noopener\" title=\"https:\/\/www.lexpress.fr\/monde\/europe\/groenland-leurope-desemparee-face-a-la-predation-de-donald-trump-7MUVRDOH7JDDRHRKTA2FZSLJ3U\/\">vent de panique souffle toujours sur le Vieux Continent<\/a>. Loin de voir la pression retomber, la cheffe de la diplomatie europ\u00e9enne, Kaja Kallas, a d\u00e9nonc\u00e9 le 8 janvier des propos \u00ab\u00a0extr\u00eamement inqui\u00e9tants\u00a0\u00bb, et appel\u00e9 \u00e0 \u00ab\u00a0s\u2019en tenir\u00a0\u00bb au respect du droit international. La veille, Paris avait annonc\u00e9 que le sujet figurait au menu d\u2019une r\u00e9union pr\u00e9vue le m\u00eame jour avec Berlin et Varsovie. Au c\u0153ur des discussions : la question de la r\u00e9ponse \u00e0 apporter en cas d\u2019action hostile de Washington contre ce territoire de 2 millions de kilom\u00e8tres carr\u00e9s appartenant \u00e0 la couronne danoise.<\/p>\n<p class=\"paragraph article-body-paragraph article__item   \">A ce stade difficile toutefois de savoir ce qu\u2019a pr\u00e9cis\u00e9ment en t\u00eate l\u2019administration am\u00e9ricaine, qui n\u2019a cess\u00e9 de souffler le chaud et le froid quant \u00e0 la nature de ses intentions. \u00ab\u00a0Toutes les options sont toujours sur la table pour le pr\u00e9sident Trump\u00a0\u00bb, a d\u00e9clar\u00e9 la porte-parole de la Maison-Blanche, Karoline Leavitt, le 7 janvier, tout en ajoutant que la \u00ab\u00a0diplomatie\u00a0\u00bb restait la premi\u00e8re d\u2019entre elles. Une chose est s\u00fbre : en cas d&rsquo;<a href=\"https:\/\/www.lexpress.fr\/idees-et-debats\/les-etats-unis-paraissent-hors-de-controle-le-coup-de-force-de-trump-au-venezuela-analyse-par-WHPS3AEBPJCTLBMM7GV743VW4U\/\" target=\"_self\" rel=\"noopener\" title=\"https:\/\/www.lexpress.fr\/idees-et-debats\/les-etats-unis-paraissent-hors-de-controle-le-coup-de-force-de-trump-au-venezuela-analyse-par-WHPS3AEBPJCTLBMM7GV743VW4U\/\">op\u00e9ration militaire<\/a> de la premi\u00e8re puissance mondiale, difficile pour les Europ\u00e9ens d\u2019esp\u00e9rer tenir t\u00eate. \u00ab\u00a0Il n&rsquo;y a aujourd&rsquo;hui ni les capacit\u00e9s militaires ni la volont\u00e9 politique au niveau des Etats europ\u00e9ens d&rsquo;entrer dans un conflit avec les Etats-Unis\u00a0\u00bb, glisse un ancien diplomate europ\u00e9en.<\/p>\n<p><strong class=\"article-body-link-list__item text-gray-800 article-body-link-list__item--one-item\">LIRE AUSSI : <a class=\"article-body-link-list__item-link\" href=\"https:\/\/www.lexpress.fr\/monde\/lotan-ne-sen-relevera-pas-que-se-passera-t-il-demain-si-trump-sempare-du-groenland-NK2MPHCZNVHHZFSGYYODXEZGCI\/\" target=\"_blank\" rel=\"noopener\">\u00ab\u00a0L\u2019Otan ne s\u2019en rel\u00e8vera pas\u00a0\u00bb : que se passera-t-il demain si Trump s&#8217;empare du Groenland ?<\/a><\/strong><\/p>\n<p class=\"paragraph article-body-paragraph article__item   \">Bien que faisant p\u00e2le figure face \u00e0 des forces am\u00e9ricaines dot\u00e9es d\u2019un budget hypertrophi\u00e9 (pr\u00e8s de 900 milliards de dollars en 2025), les Europ\u00e9ens sont-ils pour autant d\u00e9pourvus de moyens de pression ? \u00ab\u00a0Sur le plan \u00e9conomique, il existe des leviers, note Tara Varma, directrice du bureau parisien du German Marshall Fund of the United States (GMF). Car si les Europ\u00e9ens sont tr\u00e8s d\u00e9pendants du march\u00e9 am\u00e9ricain, l\u2019inverse est vrai aussi.\u00a0\u00bb Avec plus de 1 680 milliards d\u2019euros d\u2019\u00e9changes en 2024, les Etats-Unis et l\u2019Europe restent en effet r\u00e9ciproquement les plus grands partenaires commerciaux.<\/p>\n<p>\u00ab\u00a0Bazooka commercial\u00a0\u00bb<\/p>\n<p class=\"paragraph article-body-paragraph article__item   \">Entre autres dispositifs dans la caisse \u00e0 outils europ\u00e9enne, son instrument anti-coercition (ACI), parfois surnomm\u00e9 de \u00ab\u00a0bazooka commercial\u00a0\u00bb, dont s\u2019est dot\u00e9e l\u2019UE en d\u00e9cembre 2023, et qui lui permet de coordonner rapidement des mesures de r\u00e9torsion. \u00ab\u00a0Cela fait clairement partie de l\u2019arsenal, confirme S\u00e9bastien Maillard, conseiller sp\u00e9cial de l&rsquo;Institut Jacques Delors. En cas d\u2019activation, cet instrument pourrait par exemple restreindre l\u2019acc\u00e8s au march\u00e9 europ\u00e9en \u00e0 certaines entreprises am\u00e9ricaines.\u00a0\u00bb<\/p>\n<p><strong class=\"article-body-link-list__item text-gray-800 article-body-link-list__item--one-item\">LIRE AUSSI : <a class=\"article-body-link-list__item-link\" href=\"https:\/\/www.lexpress.fr\/monde\/le-groenland-finira-tot-ou-tard-par-se-detacher-du-danemark-lanalyse-decapante-dun-geopolitologue-KGYQFZEC7FHXPL3U6P3P2M5JCU\/\" target=\"_blank\" rel=\"noopener\">\u00ab\u00a0Le Groenland finira t\u00f4t ou tard par se d\u00e9tacher du Danemark\u00a0\u00bb : l&rsquo;analyse d\u00e9capante d&rsquo;un g\u00e9opolitologue danois<\/a><\/strong><\/p>\n<p class=\"paragraph article-body-paragraph article__item   \">Un moyen de pression potentiel contre les <a href=\"https:\/\/www.lexpress.fr\/economie\/high-tech\/la-revolte-anti-diplomes-des-geants-de-la-tech-par-robin-rivaton-Y5MBJ42Y5JBNRLYWEMWTOG27F4\/\" target=\"_self\" rel=\"noopener\" title=\"https:\/\/www.lexpress.fr\/economie\/high-tech\/la-revolte-anti-diplomes-des-geants-de-la-tech-par-robin-rivaton-Y5MBJ42Y5JBNRLYWEMWTOG27F4\/\">g\u00e9ants de la tech<\/a>, qui continuent de tirer une large part de leurs revenus du march\u00e9 europ\u00e9en. En 2025, <a href=\"https:\/\/www.lexpress.fr\/economie\/high-tech\/google-et-apple-pourquoi-leurope-a-epingle-les-deux-geants-de-la-tech-CKSXKMUUOFFAXKBKQK3TKBRRJU\/\" target=\"_self\" rel=\"noopener\" title=\"https:\/\/www.lexpress.fr\/economie\/high-tech\/google-et-apple-pourquoi-leurope-a-epingle-les-deux-geants-de-la-tech-CKSXKMUUOFFAXKBKQK3TKBRRJU\/\">Apple<\/a> a ainsi r\u00e9alis\u00e9 pr\u00e8s de 27 % de son chiffre d&rsquo;affaires en Europe, et Meta (qui regroupe Facebook, Instagram et WhatsApp) 23 % un an plus t\u00f4t. \u00ab\u00a0L\u2019Europe constitue un march\u00e9 qui n\u2019est pas n\u00e9cessairement rempla\u00e7able pour eux, abonde Tara Varma. L\u2019objectif serait de pousser les dirigeants de ces grandes entreprises \u00e0 convaincre l\u2019administration am\u00e9ricaine de la n\u00e9cessit\u00e9 de conserver des liens relativement apais\u00e9s.\u00a0\u00bb Ce ne serait pas la premi\u00e8re fois que les Europ\u00e9ens serrent la vis. En septembre, Google avait \u00e9cop\u00e9 d\u2019une <a href=\"https:\/\/www.lexpress.fr\/economie\/high-tech\/bruxelles-inflige-a-google-une-amende-record-malgre-les-ultimatums-de-donald-trump-qui-menace-de-NS7OX2FVWJHLJBBWBJLEPUBESU\/\" target=\"_self\" rel=\"noopener\" title=\"https:\/\/www.lexpress.fr\/economie\/high-tech\/bruxelles-inflige-a-google-une-amende-record-malgre-les-ultimatums-de-donald-trump-qui-menace-de-NS7OX2FVWJHLJBBWBJLEPUBESU\/\">amende de pr\u00e8s de 3 milliards d\u2019euros<\/a> pour violation des r\u00e8gles de concurrence, tandis que trois mois plus tard, le r\u00e9seau social X, en \u00e9copait, lui, d\u2019une de 120 millions d\u2019euros sur fond de non-respect de la loi sur les services num\u00e9riques (DSA), suscitant dans un cas comme dans l\u2019autre l\u2019ire de Washington.<\/p>\n<p class=\"paragraph article-body-paragraph article__item   \">Autre levier : <a href=\"https:\/\/www.lexpress.fr\/environnement\/face-a-donald-trump-et-xi-jinping-leurope-doit-elle-creer-une-alliance-des-good-guys-C53ANNA3EFASNABVZF7DOZFXSY\/\" target=\"_self\" rel=\"noopener\" title=\"https:\/\/www.lexpress.fr\/environnement\/face-a-donald-trump-et-xi-jinping-leurope-doit-elle-creer-une-alliance-des-good-guys-C53ANNA3EFASNABVZF7DOZFXSY\/\">diversifier progressivement les approvisionnements en gaz<\/a> alors qu\u2019au cours des deux premiers mois de 2025, le Vieux Continent repr\u00e9sentait 65 % des exportations am\u00e9ricaines de GNL (contre 48 % en 2024), afin d\u2019accro\u00eetre la pression sur les producteurs outre-Atlantique. Le 7 janvier dernier, l\u2019eurod\u00e9put\u00e9 danois Per Clausen a ainsi appel\u00e9 au gel de l\u2019accord commercial controvers\u00e9 conclu \u00e0 la h\u00e2te l\u2019\u00e9t\u00e9 dernier entre Ursula von der Leyen et Donald Trump \u00e0 Turnberry &#8211; qui pr\u00e9voit entre autres un engagement europ\u00e9en \u00e0 acheter pour 750 milliards de dollars de produits \u00e9nerg\u00e9tiques am\u00e9ricains d\u2019ici 2028 en \u00e9change de droits de douane limit\u00e9s \u00e0 15 %.<\/p>\n<p>Exercice d&rsquo;\u00e9quilibriste<\/p>\n<p class=\"paragraph article-body-paragraph article__item   \">Ce n\u2019est pas l\u2019unique option pour accro\u00eetre le co\u00fbt d\u2019une action hostile de Washington. \u00ab\u00a0Dans une logique dissuasive, les Europ\u00e9ens pourraient r\u00e9duire ou cesser les achats de bons du tr\u00e9sor am\u00e9ricain, juge Yves Bertoncini, consultant en affaires europ\u00e9ennes. Ce qui in fine se ressentirait sur les march\u00e9s financiers et pourrait accro\u00eetre la pression.\u00a0\u00bb Actuellement, les pays europ\u00e9ens, Royaume-Uni inclus, d\u00e9tiennent 2 360 milliards de dollars de dette am\u00e9ricaine, soit pr\u00e8s de 30 % des titres d\u00e9tenus par des acteurs situ\u00e9s en dehors des Etats-Unis.<\/p>\n<p><strong class=\"article-body-link-list__item text-gray-800 article-body-link-list__item--one-item\">LIRE AUSSI : <a class=\"article-body-link-list__item-link\" href=\"https:\/\/www.lexpress.fr\/monde\/europe\/jacek-bartosiak-les-europeens-doivent-etre-capables-de-franchir-la-frontiere-psychologique-de-la-LM4UE5THXFD2NDGKPAUBJZRYEE\/\" target=\"_blank\" rel=\"noopener\">Jacek Bartosiak : \u00ab\u00a0Les Europ\u00e9ens doivent \u00eatre capables de franchir la fronti\u00e8re psychologique de la violence\u00a0\u00bb<\/a><\/strong><\/p>\n<p class=\"paragraph article-body-paragraph article__item   \">Encore abasourdis par la brutalit\u00e9 du locataire de la Maison-Blanche, les Europ\u00e9ens oseront-ils toutefois s\u2019engager un rapport de force et prendre le risque de s\u2019exposer \u00e0 de lourdes repr\u00e9sailles ? \u00ab\u00a0Je reste sceptique, jauge un fin connaisseur de la diplomatie europ\u00e9enne. Dans un contexte o\u00f9 de nombreux pays d\u00e9pendent encore des Etats-Unis pour assurer leur s\u00e9curit\u00e9, l\u2019utilisation de ces leviers \u00e9conomiques constitue un risque que beaucoup ne sont pas pr\u00eats \u00e0 prendre.\u00a0\u00bb<\/p>\n<p class=\"paragraph article-body-paragraph article__item    article__text__endpicto\">A fortiori \u00e0 l\u2019heure o\u00f9 continue de s\u2019intensifier la menace russe sur le Vieux Continent. \u00ab\u00a0Les pourparlers en Ukraine influent sur la capacit\u00e9 des Europ\u00e9ens \u00e0 montrer les dents, r\u00e9sume S\u00e9bastien Maillard. Tout l\u2019enjeu est de parvenir \u00e0 contenir les Am\u00e9ricains au Groenland, sans pour autant les perdre en Ukraine.\u00a0\u00bb La rencontre pr\u00e9vue la semaine prochaine entre le chef de la diplomatie am\u00e9ricaine, Marco Rubio, et les dirigeants du Danemark apportera sans doute de premiers \u00e9l\u00e9ments de r\u00e9ponse.<\/p>\n<p>.<\/p>\n","protected":false},"excerpt":{"rendered":"Moins d\u2019une semaine apr\u00e8s les nouvelles menaces de Donald Trump de prendre le contr\u00f4le du Groenland, un vent&hellip;\n","protected":false},"author":2,"featured_media":653661,"comment_status":"","ping_status":"","sticky":false,"template":"","format":"standard","meta":{"footnotes":""},"categories":[1586],"tags":[11,1777,674,1011,27,74,12,25],"class_list":{"0":"post-653660","1":"post","2":"type-post","3":"status-publish","4":"format-standard","5":"has-post-thumbnail","7":"category-europe","8":"tag-actualites","9":"tag-eu","10":"tag-europe","11":"tag-fr","12":"tag-france","13":"tag-monde","14":"tag-news","15":"tag-republique-francaise"},"share_on_mastodon":{"url":"https:\/\/pubeurope.com\/@fr\/115870103253323521","error":""},"_links":{"self":[{"href":"https:\/\/www.europesays.com\/fr\/wp-json\/wp\/v2\/posts\/653660","targetHints":{"allow":["GET"]}}],"collection":[{"href":"https:\/\/www.europesays.com\/fr\/wp-json\/wp\/v2\/posts"}],"about":[{"href":"https:\/\/www.europesays.com\/fr\/wp-json\/wp\/v2\/types\/post"}],"author":[{"embeddable":true,"href":"https:\/\/www.europesays.com\/fr\/wp-json\/wp\/v2\/users\/2"}],"replies":[{"embeddable":true,"href":"https:\/\/www.europesays.com\/fr\/wp-json\/wp\/v2\/comments?post=653660"}],"version-history":[{"count":0,"href":"https:\/\/www.europesays.com\/fr\/wp-json\/wp\/v2\/posts\/653660\/revisions"}],"wp:featuredmedia":[{"embeddable":true,"href":"https:\/\/www.europesays.com\/fr\/wp-json\/wp\/v2\/media\/653661"}],"wp:attachment":[{"href":"https:\/\/www.europesays.com\/fr\/wp-json\/wp\/v2\/media?parent=653660"}],"wp:term":[{"taxonomy":"category","embeddable":true,"href":"https:\/\/www.europesays.com\/fr\/wp-json\/wp\/v2\/categories?post=653660"},{"taxonomy":"post_tag","embeddable":true,"href":"https:\/\/www.europesays.com\/fr\/wp-json\/wp\/v2\/tags?post=653660"}],"curies":[{"name":"wp","href":"https:\/\/api.w.org\/{rel}","templated":true}]}}